    
{"id":88456,"date":"2025-12-12T08:28:38","date_gmt":"2025-12-12T07:28:38","guid":{"rendered":"https:\/\/www.praha7.cz\/?p=88456"},"modified":"2026-01-03T11:33:23","modified_gmt":"2026-01-03T10:33:23","slug":"urad-25-26","status":"publish","type":"post","link":"https:\/\/www.praha7.cz\/urad-25-26\/","title":{"rendered":"Zm\u011bny provozu \u00fa\u0159adu Prahy&nbsp;7 na p\u0159elomu roku"},"content":{"rendered":"<p>[perex]<\/p>\r\n<p>Upozor\u0148ujeme na do\u010dasn\u00e9 provozn\u00ed zm\u011bny \u00da\u0159adu M\u010c Praha&nbsp;7 v&nbsp;pr\u016fb\u011bhu prosince 2025 a&nbsp;na p\u0159elomu roku. V\u0161echna pracovi\u0161t\u011b budou zcela uzav\u0159ena 31.&nbsp;12.&nbsp;2025 a&nbsp;2.&nbsp;1.&nbsp;2026.\u00a0<\/p>\r\n<p><span style=\"color: #008000;\"><strong>Do nov\u00e9ho roku v\u00e1m p\u0159ejeme hodn\u011b \u0161t\u011bst\u00ed, zdrav\u00ed a&nbsp;spokojenosti!<\/strong><\/span><br \/>\r\n[\/perex]<\/p>\r\n<h4>18.&nbsp;12.<\/h4>\r\n<p>Pracovi\u0161t\u011b Milady Hor\u00e1kov\u00e9 2 bude otev\u0159eno pouze do 14.00. V&nbsp;ostatn\u00edch pracovi\u0161t\u00edch \u00fa\u0159adu bude od 14 do 15 hodin omezen provoz n\u011bkter\u00fdch agend z&nbsp;d\u016fvodu odst\u00e1vky platebn\u00edho syst\u00e9mu.<\/p>\r\n<p>&nbsp;<\/p>\r\n<h4>22.&nbsp;12.\u00a0<\/h4>\r\n<p>Pracovi\u0161t\u011b Milady Hor\u00e1kov\u00e9 2 bude m\u00edt otev\u0159eno do 18.00.<\/p>\r\n<p>&nbsp;<\/p>\r\n<h4>23.&nbsp;12.\u00a0<\/h4>\r\n<p>Pracovi\u0161t\u011b Milady Hor\u00e1kov\u00e9 2 bude m\u00edt otev\u0159eno do 15.00.<\/p>\r\n<p>&nbsp;<\/p>\r\n<h4>30.&nbsp;12.<\/h4>\r\n<p>V\u0161echna pracovi\u0161t\u011b \u00fa\u0159adu budou moci p\u0159ij\u00edmat platby v\u00a0hotovosti pouze do 11.00, pot\u00e9 bude mo\u017en\u00e9 platit pouze kartou.<\/p>\r\n<p>&nbsp;<\/p>\r\n<h4>31.&nbsp;12.<\/h4>\r\n<p>V\u0161echna pracovi\u0161t\u011b \u00fa\u0159adu maj\u00ed zav\u0159eno.<\/p>\r\n<p>&nbsp;<\/p>\r\n<h4>2.&nbsp;1.&nbsp;2026<\/h4>\r\n<p>V\u0161echna pracovi\u0161t\u011b \u00fa\u0159adu maj\u00ed zav\u0159eno.<\/p>\r\n<p>&nbsp;<\/p>","protected":false},"excerpt":{"rendered":"[perex] Upozor\u0148ujeme na do\u010dasn\u00e9 provozn\u00ed zm\u011bny \u00da\u0159adu M\u010c Praha&nbsp;7 v&nbsp;pr\u016fb\u011bhu prosince 2025 a&nbsp;na p\u0159elomu roku. V\u0161echna pracovi\u0161t\u011b budou zcela uzav\u0159ena 31.&nbsp;12.&nbsp;2025 a&nbsp;2.&nbsp;1.&nbsp;2026.\u00a0 Do nov\u00e9ho roku v\u00e1m p\u0159ejeme hodn\u011b \u0161t\u011bst\u00ed, zdrav\u00ed a&nbsp;spokojenosti! [\/perex] 18.&nbsp;12. Pracovi\u0161t\u011b Milady Hor\u00e1kov\u00e9 2 bude otev\u0159eno pouze do 14.00. V&nbsp;ostatn\u00edch pracovi\u0161t\u00edch \u00fa\u0159adu bude od 14 do 15 hodin omezen provoz n\u011bkter\u00fdch agend [&hellip;]","protected":false},"author":251,"featured_media":88748,"comment_status":"closed","ping_status":"open","sticky":false,"template":"","format":"standard","meta":[],"categories":[36],"tags":[84],"_links":{"self":[{"href":"https:\/\/www.praha7.cz\/api\/wp\/v2\/posts\/88456"}],"collection":[{"href":"https:\/\/www.praha7.cz\/api\/wp\/v2\/posts"}],"about":[{"href":"https:\/\/www.praha7.cz\/api\/wp\/v2\/types\/post"}],"author":[{"embeddable":true,"href":"https:\/\/www.praha7.cz\/api\/wp\/v2\/users\/251"}],"replies":[{"embeddable":true,"href":"https:\/\/www.praha7.cz\/api\/wp\/v2\/comments?post=88456"}],"version-history":[{"count":6,"href":"https:\/\/www.praha7.cz\/api\/wp\/v2\/posts\/88456\/revisions"}],"predecessor-version":[{"id":88751,"href":"https:\/\/www.praha7.cz\/api\/wp\/v2\/posts\/88456\/revisions\/88751"}],"wp:featuredmedia":[{"embeddable":true,"href":"https:\/\/www.praha7.cz\/api\/wp\/v2\/media\/88748"}],"wp:attachment":[{"href":"https:\/\/www.praha7.cz\/api\/wp\/v2\/media?parent=88456"}],"wp:term":[{"taxonomy":"category","embeddable":true,"href":"https:\/\/www.praha7.cz\/api\/wp\/v2\/categories?post=88456"},{"taxonomy":"post_tag","embeddable":true,"href":"https:\/\/www.praha7.cz\/api\/wp\/v2\/tags?post=88456"}],"curies":[{"name":"wp","href":"https:\/\/api.w.org\/{rel}","templated":true}]}}