    
{"id":88452,"date":"2025-12-11T17:11:18","date_gmt":"2025-12-11T16:11:18","guid":{"rendered":"https:\/\/www.praha7.cz\/?p=88452"},"modified":"2025-12-11T17:11:18","modified_gmt":"2025-12-11T16:11:18","slug":"zpristupneni-opravenych-useku-cest-na-severnich-svazich-v-parku-stromovka","status":"publish","type":"post","link":"https:\/\/www.praha7.cz\/zpristupneni-opravenych-useku-cest-na-severnich-svazich-v-parku-stromovka\/","title":{"rendered":"Zp\u0159\u00edstupn\u011bn\u00ed opraven\u00fdch \u00fasek\u016f cest na severn\u00edch svaz\u00edch v&nbsp;parku Stromovka"},"content":{"rendered":"<p>[perex]<\/p>\r\n<p>Od 11.12.2025 jsou zp\u0159\u00edstupn\u011bny nov\u011b opraven\u00e9 \u00faseky cest na severn\u00edch svaz\u00edch mezi d\u011btsk\u00fdm h\u0159i\u0161t\u011bm Tramvaj, restaurac\u00ed Vozovna a&nbsp;mostem p\u0159es bu\u0161t\u011bhradskou dr\u00e1hu. Do konce dubna 2026 bude uzav\u0159en a&nbsp;opraven \u00fasek cesty od Mecseryho silnice pod bu\u0161t\u011bhradskou dr\u00e1hou.<\/p>\r\n<p>[\/perex]<\/p>\r\n<p>Za p\u0159\u00edzniv\u00fdch klimatick\u00fdch podm\u00ednek budou realizov\u00e1ny ter\u00e9nn\u00ed \u00fapravy a&nbsp;zatravn\u011bn\u00ed ploch pod\u00e9l nov\u011b opraven\u00fdch cest.<\/p>\r\n<p>Omlouv\u00e1me se n\u00e1v\u0161t\u011bvn\u00edk\u016fm parku za do\u010dasn\u00e1 omezen\u00ed pr\u016fchodnosti parku v\u00a0r\u00e1mci cestn\u00ed s\u00edt\u011b na severn\u00edch svaz\u00edch.<\/p>\r\n<p><a href=\"https:\/\/www.praha7.cz\/wp-content\/uploads\/2025\/12\/infocedule-stromovka-severni-svahy-scaled.jpg\" target=\"_blank\" rel=\"noopener\"><img loading=\"lazy\" src=\"https:\/\/www.praha7.cz\/wp-content\/uploads\/2025\/12\/infocedule-stromovka-severni-svahy-1500x844.jpg\" alt=\"\" width=\"640\" height=\"360\" class=\"alignnone size-large wp-image-88453\" srcset=\"https:\/\/www.praha7.cz\/wp-content\/uploads\/2025\/12\/infocedule-stromovka-severni-svahy-1500x844.jpg 1500w, https:\/\/www.praha7.cz\/wp-content\/uploads\/2025\/12\/infocedule-stromovka-severni-svahy-600x337.jpg 600w, https:\/\/www.praha7.cz\/wp-content\/uploads\/2025\/12\/infocedule-stromovka-severni-svahy-768x432.jpg 768w, https:\/\/www.praha7.cz\/wp-content\/uploads\/2025\/12\/infocedule-stromovka-severni-svahy-1536x864.jpg 1536w, https:\/\/www.praha7.cz\/wp-content\/uploads\/2025\/12\/infocedule-stromovka-severni-svahy-2048x1152.jpg 2048w\" sizes=\"(max-width: 640px) 100vw, 640px\" \/><\/a><\/p>","protected":false},"excerpt":{"rendered":"[perex] Od 11.12.2025 jsou zp\u0159\u00edstupn\u011bny nov\u011b opraven\u00e9 \u00faseky cest na severn\u00edch svaz\u00edch mezi d\u011btsk\u00fdm h\u0159i\u0161t\u011bm Tramvaj, restaurac\u00ed Vozovna a&nbsp;mostem p\u0159es bu\u0161t\u011bhradskou dr\u00e1hu. Do konce dubna 2026 bude uzav\u0159en a&nbsp;opraven \u00fasek cesty od Mecseryho silnice pod bu\u0161t\u011bhradskou dr\u00e1hou. [\/perex] Za p\u0159\u00edzniv\u00fdch klimatick\u00fdch podm\u00ednek budou realizov\u00e1ny ter\u00e9nn\u00ed \u00fapravy a&nbsp;zatravn\u011bn\u00ed ploch pod\u00e9l nov\u011b opraven\u00fdch cest. Omlouv\u00e1me se n\u00e1v\u0161t\u011bvn\u00edk\u016fm [&hellip;]","protected":false},"author":5,"featured_media":88454,"comment_status":"closed","ping_status":"open","sticky":false,"template":"","format":"standard","meta":[],"categories":[34],"tags":[144,124],"_links":{"self":[{"href":"https:\/\/www.praha7.cz\/api\/wp\/v2\/posts\/88452"}],"collection":[{"href":"https:\/\/www.praha7.cz\/api\/wp\/v2\/posts"}],"about":[{"href":"https:\/\/www.praha7.cz\/api\/wp\/v2\/types\/post"}],"author":[{"embeddable":true,"href":"https:\/\/www.praha7.cz\/api\/wp\/v2\/users\/5"}],"replies":[{"embeddable":true,"href":"https:\/\/www.praha7.cz\/api\/wp\/v2\/comments?post=88452"}],"version-history":[{"count":1,"href":"https:\/\/www.praha7.cz\/api\/wp\/v2\/posts\/88452\/revisions"}],"predecessor-version":[{"id":88455,"href":"https:\/\/www.praha7.cz\/api\/wp\/v2\/posts\/88452\/revisions\/88455"}],"wp:featuredmedia":[{"embeddable":true,"href":"https:\/\/www.praha7.cz\/api\/wp\/v2\/media\/88454"}],"wp:attachment":[{"href":"https:\/\/www.praha7.cz\/api\/wp\/v2\/media?parent=88452"}],"wp:term":[{"taxonomy":"category","embeddable":true,"href":"https:\/\/www.praha7.cz\/api\/wp\/v2\/categories?post=88452"},{"taxonomy":"post_tag","embeddable":true,"href":"https:\/\/www.praha7.cz\/api\/wp\/v2\/tags?post=88452"}],"curies":[{"name":"wp","href":"https:\/\/api.w.org\/{rel}","templated":true}]}}