    
{"id":88437,"date":"2025-12-13T16:33:16","date_gmt":"2025-12-13T15:33:16","guid":{"rendered":"https:\/\/www.praha7.cz\/?p=88437"},"modified":"2025-12-19T16:28:05","modified_gmt":"2025-12-19T15:28:05","slug":"pruchod-stromovka","status":"publish","type":"post","link":"https:\/\/www.praha7.cz\/pruchod-stromovka\/","title":{"rendered":"Praha&nbsp;7 m\u00e1 l\u00e1vku Pavla Jurkovi\u010de a&nbsp;novou cestu na vlak a&nbsp;do Stromovky"},"content":{"rendered":"<p>[perex]<\/p>\r\n<p>L\u00e1vka vedouc\u00ed nad kolejemi u&nbsp;nov\u00e9 vlakov\u00e9 zast\u00e1vky Praha-V\u00fdstavi\u0161t\u011b byla v&nbsp;sobotu 13.&nbsp;prosince 2025 pojmenov\u00e1na po \u010destn\u00e9m ob\u010danovi Prahy&nbsp;7, hudebn\u00edm pedagogovi Pavlu Jurkovi\u010dovi. Z\u00e1rove\u0148 byl v&nbsp;p\u0159edb\u011b\u017en\u00e9m re\u017eimu otev\u0159en i&nbsp;nov\u00fd pr\u016fchod z&nbsp;ulice U&nbsp;Stud\u00e1nky sm\u011brem ke Stromovce a&nbsp;vlakov\u00e9 zast\u00e1vce.<\/p>\r\n<p>[\/perex]<\/p>\r\n<p>Pojmenov\u00e1n\u00ed l\u00e1vky, kterou letos v\u00a0l\u00e9t\u011b otev\u0159ela Spr\u00e1va \u017eeleznic v\u00a0r\u00e1mci projektu modernizace trati Bubny\u2013V\u00fdstavi\u0161t\u011b, iniciovala Spole\u010dnost Pavla Jurkovi\u010de ve spolupr\u00e1ci s\u00a0M\u010c Praha&nbsp;7. Pavel Jurkovi\u010d byl v\u00fdznamn\u00fd zp\u011bv\u00e1k, skladatel, hudebn\u00ed pedagog a&nbsp;\u010destn\u00fd ob\u010dan Prahy&nbsp;7, kter\u00fd v&nbsp;letech 1977 \u2013 1996 p\u016fsobil na FZ\u0160 Um\u011bleck\u00e1, kde zalo\u017eil t\u0159\u00eddy s&nbsp;roz\u0161\u00ed\u0159enou hudebn\u00ed v\u00fdchovou.<\/p>\r\n<p><img loading=\"lazy\" src=\"https:\/\/www.praha7.cz\/wp-content\/uploads\/2025\/12\/lavka-Pavla-Jurkovice-1-1500x843.jpg\" alt=\"\" width=\"640\" height=\"360\" class=\"alignnone size-large wp-image-88478\" srcset=\"https:\/\/www.praha7.cz\/wp-content\/uploads\/2025\/12\/lavka-Pavla-Jurkovice-1-1500x843.jpg 1500w, https:\/\/www.praha7.cz\/wp-content\/uploads\/2025\/12\/lavka-Pavla-Jurkovice-1-600x337.jpg 600w, https:\/\/www.praha7.cz\/wp-content\/uploads\/2025\/12\/lavka-Pavla-Jurkovice-1-768x432.jpg 768w, https:\/\/www.praha7.cz\/wp-content\/uploads\/2025\/12\/lavka-Pavla-Jurkovice-1-1536x864.jpg 1536w, https:\/\/www.praha7.cz\/wp-content\/uploads\/2025\/12\/lavka-Pavla-Jurkovice-1.jpg 1896w\" sizes=\"(max-width: 640px) 100vw, 640px\" \/><\/p>\r\n<p>V n\u00e1vaznosti na otev\u0159en\u00ed l\u00e1vky Praha&nbsp;7 pracuje na vybudov\u00e1n\u00ed zcela nov\u00e9ho p\u011b\u0161\u00edho propojen\u00ed ulice U&nbsp;Stud\u00e1nky se Stromovkou a&nbsp;n\u00e1stupi\u0161t\u011bm \u017eelezni\u010dn\u00ed zast\u00e1vky. Trasov\u00e1n\u00ed t\u00e9to nov\u00e9 uli\u010dky vych\u00e1z\u00ed z&nbsp;pr\u016fb\u011bhu dosavadn\u00ed are\u00e1lov\u00e9 komunikace vedouc\u00ed mezi z\u00e1kladn\u00ed a&nbsp;mate\u0159skou \u0161kolou, jen je m\u00edrn\u011b upraveno tak, aby p\u0159irozen\u011b navazovalo na ob\u011b historick\u00e9 budovy.<\/p>\r\n<p><img loading=\"lazy\" src=\"https:\/\/www.praha7.cz\/wp-content\/uploads\/2025\/12\/pruchod-ke-Stromovce-1-1500x844.jpg\" alt=\"\" width=\"640\" height=\"360\" class=\"alignnone size-large wp-image-88480\" srcset=\"https:\/\/www.praha7.cz\/wp-content\/uploads\/2025\/12\/pruchod-ke-Stromovce-1-1500x844.jpg 1500w, https:\/\/www.praha7.cz\/wp-content\/uploads\/2025\/12\/pruchod-ke-Stromovce-1-600x338.jpg 600w, https:\/\/www.praha7.cz\/wp-content\/uploads\/2025\/12\/pruchod-ke-Stromovce-1-768x432.jpg 768w, https:\/\/www.praha7.cz\/wp-content\/uploads\/2025\/12\/pruchod-ke-Stromovce-1-1536x864.jpg 1536w, https:\/\/www.praha7.cz\/wp-content\/uploads\/2025\/12\/pruchod-ke-Stromovce-1-2048x1152.jpg 2048w\" sizes=\"(max-width: 640px) 100vw, 640px\" \/><\/p>\r\n<p><strong>Povrchy jsou ji\u017e dokon\u010den\u00e9, proto je mo\u017en\u00e9 pr\u016fchod nyn\u00ed otev\u0159\u00edt ve\u0159ejnosti v&nbsp;re\u017eimu p\u0159edb\u011b\u017en\u00e9ho u\u017e\u00edv\u00e1n\u00ed. Upozor\u0148ujeme, \u017ee zde nad\u00e1le prob\u00edhaj\u00ed stavebn\u00ed pr\u00e1ce. Pros\u00edme , bu\u010fte p\u0159i pohybu pr\u016fchodem opatrn\u00ed a&nbsp;dbejte pokyn\u016f stavby. D\u011bkujeme za pochopen\u00ed.<\/strong><\/p>\r\n\r\n<figure id=\"attachment_88438\" aria-describedby=\"caption-attachment-88438\" style=\"width: 640px\" class=\"wp-caption alignnone\"><a href=\"https:\/\/www.praha7.cz\/wp-content\/uploads\/2025\/12\/pruchod-U-Studanky-Stromovka.png\" target=\"_blank\" rel=\"noopener\"><img loading=\"lazy\" src=\"https:\/\/www.praha7.cz\/wp-content\/uploads\/2025\/12\/pruchod-U-Studanky-Stromovka-1500x917.png\" alt=\"\" width=\"640\" height=\"391\" class=\"wp-image-88438 size-large\" srcset=\"https:\/\/www.praha7.cz\/wp-content\/uploads\/2025\/12\/pruchod-U-Studanky-Stromovka-1500x917.png 1500w, https:\/\/www.praha7.cz\/wp-content\/uploads\/2025\/12\/pruchod-U-Studanky-Stromovka-600x367.png 600w, https:\/\/www.praha7.cz\/wp-content\/uploads\/2025\/12\/pruchod-U-Studanky-Stromovka-768x470.png 768w, https:\/\/www.praha7.cz\/wp-content\/uploads\/2025\/12\/pruchod-U-Studanky-Stromovka-1536x939.png 1536w, https:\/\/www.praha7.cz\/wp-content\/uploads\/2025\/12\/pruchod-U-Studanky-Stromovka-2048x1252.png 2048w\" sizes=\"(max-width: 640px) 100vw, 640px\" \/><\/a><figcaption id=\"caption-attachment-88438\" class=\"wp-caption-text\"><a href=\"https:\/\/www.openstreetmap.org\/copyright\" target=\"_blank\" rel=\"noopener\">\u00a9 OpenStreetMap contributors<\/a><\/figcaption><\/figure>\r\n\r\n<p>\u00dapravy ve\u0159ejn\u00e9ho prostoru, oplocen\u00ed a&nbsp;dal\u0161\u00edch prvk\u016f zde budou nad\u00e1le pokra\u010dovat. U&nbsp;FZ\u0160 Um\u011bleck\u00e1 z\u00e1rove\u0148 prob\u00edh\u00e1 revitalizace <a href=\"https:\/\/www.praha7.cz\/potrebuji-zaridit\/planujte-sedmicku-s-nami\/hriste-pro-deti\/hriste-umelecka\/\">d\u011btsk\u00e9ho h\u0159i\u0161t\u011b<\/a>, kter\u00e9 bude k&nbsp;dispozici i&nbsp;pro ve\u0159ejnost. Dokon\u010den\u00ed v\u0161ech prac\u00ed se p\u0159edpokl\u00e1d\u00e1 na ja\u0159e p\u0159\u00ed\u0161t\u00edho roku.\u00a0<\/p>\r\n<p><img loading=\"lazy\" src=\"https:\/\/www.praha7.cz\/wp-content\/uploads\/2025\/12\/pruchod-ke-Stromovce-2-1500x844.jpg\" alt=\"\" width=\"640\" height=\"360\" class=\"alignnone size-large wp-image-88481\" srcset=\"https:\/\/www.praha7.cz\/wp-content\/uploads\/2025\/12\/pruchod-ke-Stromovce-2-1500x844.jpg 1500w, https:\/\/www.praha7.cz\/wp-content\/uploads\/2025\/12\/pruchod-ke-Stromovce-2-600x337.jpg 600w, https:\/\/www.praha7.cz\/wp-content\/uploads\/2025\/12\/pruchod-ke-Stromovce-2-768x432.jpg 768w, https:\/\/www.praha7.cz\/wp-content\/uploads\/2025\/12\/pruchod-ke-Stromovce-2-1536x864.jpg 1536w, https:\/\/www.praha7.cz\/wp-content\/uploads\/2025\/12\/pruchod-ke-Stromovce-2-2048x1152.jpg 2048w\" sizes=\"(max-width: 640px) 100vw, 640px\" \/><\/p>\r\n<hr \/>\r\n<p><strong>Pavel Jurkovi\u010d<\/strong><\/p>\r\n<p><em>hudebn\u00ed skladatel, instrumentalista, zp\u011bv\u00e1k a\u00a0pedagog<\/em><br \/>\r\n<em>* 18.\u00a08.\u00a01933 Star\u00fd Poddvorov<\/em><br \/>\r\n<em>\u2020 4.\u00a02.\u00a02015 Praha\u00a0<\/em><\/p>\r\n<p><img loading=\"lazy\" src=\"https:\/\/www.praha7.cz\/wp-content\/uploads\/2023\/11\/pavel-jurkovic-klavir-600-dpi-690x1000.jpg\" alt=\"\" width=\"351\" height=\"509\" class=\"alignnone  wp-image-71827\" srcset=\"https:\/\/www.praha7.cz\/wp-content\/uploads\/2023\/11\/pavel-jurkovic-klavir-600-dpi-690x1000.jpg 690w, https:\/\/www.praha7.cz\/wp-content\/uploads\/2023\/11\/pavel-jurkovic-klavir-600-dpi-276x400.jpg 276w, https:\/\/www.praha7.cz\/wp-content\/uploads\/2023\/11\/pavel-jurkovic-klavir-600-dpi-768x1112.jpg 768w, https:\/\/www.praha7.cz\/wp-content\/uploads\/2023\/11\/pavel-jurkovic-klavir-600-dpi-1060x1536.jpg 1060w, https:\/\/www.praha7.cz\/wp-content\/uploads\/2023\/11\/pavel-jurkovic-klavir-600-dpi-1414x2048.jpg 1414w, https:\/\/www.praha7.cz\/wp-content\/uploads\/2023\/11\/pavel-jurkovic-klavir-600-dpi-scaled.jpg 1767w\" sizes=\"(max-width: 351px) 100vw, 351px\" \/><\/p>\r\n<p>Pavel Jurkovi\u010d se narodil v\u00a0srpnu 1933 v\u00a0obci Star\u00fd Poddvorov na slov\u00e1ck\u00e9m Podlu\u017e\u00ed. Vyr\u016fstal s\u00a0matkou Teklou (1905\u201398), otcem Janem (1906\u201368) a\u00a0sourozenci Jenovefou (*1930) a\u00a0Josefem (1941\u20132003). Otec Jurkovi\u010d pracoval v\u00a0rodinn\u00e9m hospod\u00e1\u0159stv\u00ed, pozd\u011bji v\u00a0d\u011blnick\u00e9 profesi. Matka Tekla vypom\u00e1hala otci, byla skute\u010dnou autoritou a\u00a0hlavou rodiny. D\u011btstv\u00ed Pavla bylo ovlivn\u011bno rodn\u00fdm regionem, m\u00edstn\u00edm slov\u00e1ck\u00fdm folkl\u00f3rem a\u00a0udr\u017eov\u00e1n\u00edm lidov\u00fdch zvyk\u016f, spojen\u00fdch \u010dasto s\u00a0hudebn\u00edmi produkcemi, kter\u00fdch se ji\u017e od \u00fatl\u00e9ho v\u011bku p\u0159irozen\u011b z\u00fa\u010dast\u0148oval. V\u00a0osmi letech za\u010dal hr\u00e1t na housle u\u00a0b\u00fdval\u00e9ho vojensk\u00e9ho kapeln\u00edka v\u00a0Doln\u00edch Bojanovic\u00edch. Za svou prvn\u00ed u\u010ditelku hudby v\u0161ak Pavel Jurkovi\u010d pova\u017euje svou matku, dobrou zp\u011bva\u010dku, kter\u00e1 sv\u00fdm p\u0159irozen\u00fdm zp\u011bvem ovlivnila hudebnost sv\u00fdch d\u011bt\u00ed.<\/p>\r\n<p>V\u00a0roce 1945 m\u00edstn\u00ed kaplan doporu\u010dil Pavla Jurkovi\u010de ke studiu v\u00a0pra\u017esk\u00e9m chlapeck\u00e9m sboru Schola cantorum. Soubor zalo\u017eil v\u00a0roce 1939 legend\u00e1rn\u00ed sbormistr Miroslav Venhoda (1915\u201387). T\u011b\u017ei\u0161t\u011b aktivit souboru spo\u010d\u00edvalo v\u00a0prov\u00e1d\u011bn\u00ed liturgick\u00e9 hudby v\u00a0mnoha pra\u017esk\u00fdch kostel\u00edch, mlad\u00fdm zp\u011bv\u00e1k\u016fm se zde ov\u0161em dost\u00e1valo i\u00a0teoretick\u00e9ho a\u00a0dal\u0161\u00edho praktick\u00e9ho hudebn\u00edho vzd\u011bl\u00e1v\u00e1n\u00ed. Jurkovi\u010d byl do sboru p\u0159ijat a\u00a0v\u00a0z\u00e1\u0159\u00ed 1945 se jako dvan\u00e1ctilet\u00fd kluk p\u0159est\u011bhoval do Prahy. Sou\u010dasn\u011b nastoupil do tercie Bene\u0161ova gymn\u00e1zia v\u00a0Dejvic\u00edch. V\u00a0prvn\u00edm roce v\u00a0Praze pob\u00fdval Pavel v\u00a0b\u0159evnovsk\u00e9m kl\u00e1\u0161te\u0159e, kde se prakticky sezn\u00e1mil s\u00a0gregori\u00e1nsk\u00fdm chor\u00e1lem, kter\u00fd pak denn\u011b v\u00a0rann\u00edm \u010dase provozoval. Rok pot\u00e9, co byl osloven, aby z\u016fstal \u010dlenem benediktinsk\u00e9ho konventu, ode\u0161el do Scholy cantorum, kam stejn\u011b p\u016fvodn\u011b m\u00ed\u0159il. Soubor \u010dasto koncertoval i\u00a0mimo Prahu. Sou\u010d\u00e1st\u00ed koncert\u016f b\u00fdvaly krom\u011b jin\u00e9ho inscenace sv\u011btsk\u00fdch \u010di n\u00e1bo\u017eensk\u00fdch lidov\u00fdch her. V\u00a0jedn\u00e9 z\u00a0t\u011bchto her, ve st\u0159edov\u011bk\u00e9 latinsk\u00e9 H\u0159e o\u00a0t\u0159ech Mari\u00edch byl roku 1947 chlapeck\u00fd hlas Pavla Jurkovi\u010de v\u00a0roli and\u011bla poprv\u00e9 zaznamen\u00e1n na gramofonov\u00e9 desce. Aktivity Scholy cantorum byly prov\u00e1zeny zna\u010dn\u00fdmi obt\u00ed\u017eemi, v\u011bt\u0161inou byly podporov\u00e1ny r\u016fzn\u00fdmi don\u00e1tory. Schola \u010dasto m\u011bnila sv\u00e9 p\u016fsobi\u0161t\u011b: z\u00a0b\u0159evnovsk\u00e9ho kl\u00e1\u0161tera se zp\u011bv\u00e1ci st\u011bhovali nejprve do Colloredo-Mansfeldsk\u00e9ho pal\u00e1ce, pot\u00e9 do barokn\u00ed vily Norbertina, a\u017e nakonec zakotvili u\u00a0premonstr\u00e1t\u016f na Strahov\u011b. St\u00e1tn\u00ed bezpe\u010dnost\u00ed \u0159\u00edzen\u00e1 a\u00a0pl\u00e1novan\u00e1 likvidace mni\u0161sk\u00fdch \u0159\u00e1d\u016f na ja\u0159e 1950 ov\u0161em znamenala konec i\u00a0pro Scholu Cantorum.<\/p>\r\n<p>Na podzim t\u00e9ho\u017e roku p\u0159estoupil Jurkovi\u010d na pedagogick\u00e9 gymn\u00e1zium, kde \u00fasp\u011b\u0161n\u011b odmaturoval v\u00a0\u010dervnu 1952. Jeho prvn\u00ed \u201e\u0161tac\u00ed\u201c v\u00a0roli pedagoga bylo m\u00edsto na z\u00e1kladn\u00ed \u0161kole ve St\u0159e\u0161ovic\u00edch. Po skon\u010den\u00ed dvacetim\u011bs\u00ed\u010dn\u00ed z\u00e1kladn\u00ed vojensk\u00e9 slu\u017eby v\u00a0roce 1956 se op\u011bt setkal se sv\u00fdm star\u00fdm zn\u00e1m\u00fdm ze Scholy cantorum Miroslavem Venhodou, kter\u00fd ho p\u0159izval k\u00a0\u00fa\u010dinkov\u00e1n\u00ed v\u00a0p\u011bveck\u00e9m sboru Nov\u00ed p\u011bvci madrigal\u016f a\u00a0komorn\u00ed hudby, kter\u00fd tehdy pr\u00e1v\u011b zakl\u00e1dal. Tento sm\u00ed\u0161en\u00fd komorn\u00ed sbor se specializoval na interpretaci st\u0159edov\u011bk\u00fdch, renesan\u010dn\u00edch a\u00a0barokn\u00edch sbor\u016f, nicm\u00e9n\u011b na programu se objevovaly \u010dasto i\u00a0vok\u00e1ln\u00ed skladby sou\u010dasn\u00fdch autor\u016f (Eben, Bo\u0159kovec, Vycp\u00e1lek aj). A\u010dkoli ve sboru p\u016fsobili zp\u011bv\u00e1ci a\u00a0zp\u011bva\u010dky z\u00a0rozhlasu a\u00a0pra\u017esk\u00fdch divadel, fungoval na amat\u00e9rsk\u00e9 b\u00e1zi. Sbor \u010dasto vystupoval doma i\u00a0v\u00a0zahrani\u010d\u00ed. Za svou desetiletou existenci nahr\u00e1li jeho \u010dlenov\u00e9 v\u00edce ne\u017e t\u0159icet desek nejen pro dom\u00e1c\u00ed Supraphon, ale i\u00a0pro francouzsk\u00e9 vydavatele Amadeo a\u00a0Valois.<\/p>\r\n<p>Dal\u0161\u00edm d\u016fle\u017eit\u00fdm mezn\u00edkem Jurkovi\u010dova \u017eivota bylo setk\u00e1n\u00ed se skladatelem Carlem Orffem. V\u00a0roce 1964 nab\u00eddl Jurkovi\u010dovi Ilja Hurn\u00edk (p\u0159edn\u00ed \u010desk\u00fd propag\u00e1tor Orffov\u00fdch metod) studium na Orffov\u011b institutu v\u00a0Salzburku. Po \u00fasp\u011b\u0161n\u00e9m slo\u017een\u00ed p\u0159ij\u00edmac\u00edch zkou\u0161ek a\u00a0z\u00edsk\u00e1n\u00ed stipendia zde Jurkovi\u010d dva roky studoval Orffovu revolu\u010dn\u00ed didaktickou metodu v\u00fduky hudebn\u00ed v\u00fdchovy d\u011bt\u00ed, kter\u00e1 je zalo\u017eena p\u0159edev\u0161\u00edm na aktivn\u00edm zapojen\u00ed d\u011bt\u00ed do v\u00fduky a\u00a0rozv\u00edjen\u00ed jejich kreativity hudebn\u00ed, pohybov\u00e9 i\u00a0\u0159e\u010dov\u00e9. Po skon\u010den\u00ed studia v\u00a0roce 1967 se stal Jurkovi\u010d nad\u0161en\u00fdm zast\u00e1ncem t\u00e9to cesty, propagoval ji mezi u\u010diteli hudebn\u00ed v\u00fdchovy po cel\u00e9 republice. V\u00a0n\u00e1sleduj\u00edc\u00edch letech tak\u00e9 pro u\u010ditele po\u0159\u00e1dal letn\u00ed kurzy v\u00a0Chebu a\u00a0Znojm\u011b. Sv\u00e9 zku\u0161enosti v\u00a0oboru vyu\u010dov\u00e1n\u00ed hudebn\u00ed v\u00fdchovy z\u00faro\u010dil jako autor \u010di spoluautor mnoha publikac\u00ed (nap\u0159. Instrument\u00e1ln\u00ed soubor na z\u00e1kladn\u00ed \u0161kole, Hudebn\u00ed n\u00e1stroj ve \u0161kole, \u017div\u00e1 hudba minulosti ve \u0161kole a\u00a0dal\u0161\u00ed). V\u00a0roce st\u00e9ho v\u00fdro\u010d\u00ed narozen\u00ed Carla Orffa (1995) st\u00e1l tak\u00e9 u\u00a0zalo\u017een\u00ed \u010cesk\u00e9 Orffovy spole\u010dnosti, v\u00a0letech 1995\u20132001 byl jej\u00edm p\u0159edsedou.<\/p>\r\n<p>V\u00a0roce 1967 se sbor Nov\u00ed p\u011bvci madrigal\u016f a\u00a0komorn\u00ed hudby transformoval v\u00a0profesion\u00e1ln\u00ed t\u011bleso a\u00a0za\u010dal vystupovat pod nov\u00fdm n\u00e1zvem Pra\u017e\u0161t\u00ed madrigalist\u00e9. Jurkovi\u010d byl jedin\u00fdm ze star\u00e9ho souboru, kdo byl ochoten riskovat a\u00a0profesionalizovat se. Jurkovi\u010d ve sboru nejen zp\u00edval, ale hr\u00e1l i\u00a0na celou \u0159adu historick\u00fdch n\u00e1stroj\u016f. Ve sboru p\u016fsobil deset let do roku 1977, krom\u011b jin\u00e9ho i\u00a0jako z\u00e1stupce \u0161\u00e9fa Miroslava Venhody. V\u00a0roce 1974 se Jurkovi\u010d o\u017eenil s\u00a0u\u010ditelkou Ivou, roz. Ryb\u00e1kovou. Spolu vychovali jej\u00ed dceru z\u00a0prvn\u00edho man\u017eelstv\u00ed Zuzanu, v\u00a0roce 1975 se man\u017eel\u016fm narodila dcera Barbora.<\/p>\r\n<p>Koncem \u0161edes\u00e1t\u00fdch let za\u010dal Jurkovi\u010d pravideln\u011b spolupracovat s\u00a0\u010ceskoslovensk\u00fdm rozhlasem. P\u0159ipravoval pro n\u011bj po\u0159ad Zazp\u00edvejte si se mnou, Jednalo se o\u00a0osm p\u011btiminutov\u00fdch po\u0159ad\u016f m\u011bs\u00ed\u010dn\u011b, ve kter\u00fdch v\u017edy zazn\u011bla lidov\u00e1 p\u00edsni\u010dka interpretovan\u00e1 d\u011btsk\u00fdm sborem, doprov\u00e1zen\u00e1 koment\u00e1\u0159em a\u00a0n\u00e1vody k\u00a0muzic\u00edrov\u00e1n\u00ed. D\u00e1le vytvo\u0159il seri\u00e1lov\u00e9 hudebn\u011b slovesn\u00e9 po\u0159ady Endele vendele a\u00a0\u010carohr\u00e1tky. Jurkovi\u010dovu tvorbu pro d\u011bti reprezentovalo i\u00a0veden\u00ed hudebn\u00ed \u010d\u00e1sti d\u011btsk\u00e9ho \u010dasopisu Slun\u00ed\u010dko (1987\u20131990), kde publikoval sv\u00e9 vlastn\u00ed p\u00edsn\u011b a\u00a0\u00fapravy lidov\u00fdch p\u00edsni\u010dek. Pracoval i\u00a0pro \u010ceskoslovenskou televizi p\u0159i nat\u00e1\u010den\u00ed hudebn\u00edch po\u0159ad\u016f pro d\u011bti.\u00a0 Dal\u0161\u00ed v\u00fdznamnou Jurkovi\u010dovou aktivitou byla a\u00a0je spolu\u00fa\u010dast p\u0159i tvorb\u011b po\u0159ad\u016f uv\u00e1d\u011bn\u00fdch ve vin\u00e1rn\u011b Viola, ke kter\u00fdm komponuje hudebn\u00ed doprovod. Herci a\u00a0muzikanti jsou tu \u010dasto rovnocenn\u00fdmi partnery, hudba je tedy ned\u00edlnou a\u00a0d\u016fle\u017eitou sou\u010d\u00e1st\u00ed programu, nikoli jen nep\u0159\u00edli\u0161 v\u00fdznamn\u00fdm dopl\u0148kem p\u0159edstaven\u00ed, jak b\u00fdv\u00e1 u\u00a0t\u011bchto typ\u016f um\u011bleck\u00e9 produkce zvykem. S\u00a0re\u017eis\u00e9rem a\u00a0dramaturgem Vladim\u00edrem Justlem (1928\u20132010) p\u0159ipravil nap\u0159\u00edklad p\u0159edstaven\u00ed: Vita Caroli (s\u00a0herci Janem Ka\u010derem a\u00a0Ninou Div\u00ed\u0161kovou), Barokn\u00ed poezii (p\u0159edn\u00e1\u0161el Radovan Lukavsk\u00fd), v\u00e1no\u010dn\u00ed po\u0159ad, v\u00a0n\u011bm\u017e byly propojeny latinsk\u00e9 a\u00a0\u010desk\u00e9 zp\u011bvy, Byla cesta, byla u\u0161lapan\u00e1, kombinovan\u00fd ve\u010der staro\u010desk\u00e9 poezie (Pavel Soukup), Legendy o\u00a0sv. Kate\u0159in\u011b (V\u00e1clav Voska) a\u00a0mnoh\u00e1 dal\u0161\u00ed, celkem v\u00edce ne\u017e dvacet r\u016fzn\u00fdch po\u0159ad\u016f s\u00a0\u010detn\u00fdmi repr\u00edzami. K\u00a0poezii m\u011bl Jurkovi\u010d v\u017edy bl\u00edzko, ji\u017e na st\u0159edn\u00ed \u0161kole si obl\u00edbil p\u0159edev\u0161\u00edm \u010deskou poezii, pozd\u011bji ji s\u00e1m psal a\u00a0p\u0159ekl\u00e1dal ver\u0161e rusk\u00fdch a\u00a0n\u011bmeck\u00fdch b\u00e1sn\u00edk\u016f.<\/p>\r\n<p>Po skon\u010den\u00ed \u010dinnosti u&nbsp;Pra\u017esk\u00fdch madrigalist\u016f v&nbsp;roce 1977 se Pavel Jurkovi\u010d rozhodl vr\u00e1tit se za katedru. Nastoupil do Z\u0160 Um\u011bleck\u00e1 v&nbsp;Praze 7, kde p\u016fsobil dal\u0161\u00edch dvacet let a&nbsp;p\u0159isp\u011bl k&nbsp;roz\u0161\u00ed\u0159en\u00ed v\u00fduky hudebn\u00ed v\u00fdchovy na t\u00e9to \u0161kole. Zalo\u017eil tu syst\u00e9m \u0161koly s&nbsp;roz\u0161\u00ed\u0159enou v\u00fdukou hudebn\u00ed v\u00fdchovy, kde ka\u017ed\u00e1 hudebn\u00ed t\u0159\u00edda vytv\u00e1\u0159ela p\u0159irozen\u00fd p\u011bvecko-instrument\u00e1ln\u00ed ans\u00e1mbl, kter\u00fd i&nbsp;d\u011bjiny hudby pro\u017e\u00edval prakticky na prezentaci hudebn\u011b historick\u00fdch etap, nebo\u0165 v\u0161ichni \u017e\u00e1ci byli vedeni k&nbsp;vok\u00e1ln\u00edm i&nbsp;instrument\u00e1ln\u00edm dovednostem. Tato nov\u00e1 cesta hudebn\u00ed v\u00fdchovy d\u011bt\u00ed se praktikuje na t\u00e9to \u0161kole dodnes. Mnoz\u00ed absolventi t\u011bchto hudebn\u00edch t\u0159\u00edd provozuj\u00ed hudbu profesion\u00e1ln\u011b, pro ty ostatn\u00ed je samoz\u0159ejmou sou\u010d\u00e1st\u00ed jejich \u017eivota, co\u017e je smyslem a&nbsp;c\u00edlem t\u00e9to hudebn\u011b v\u00fdchovn\u00e9 cesty. Budi\u017e sv\u011bdectv\u00edm jeho lok\u00e1ln\u00edho vlastenectv\u00ed i&nbsp;v\u00edce ne\u017e dvacetilet\u00e1 spolupr\u00e1ce se soubory Radost a&nbsp;Pueri gaudentes, kter\u00e9 jsou v&nbsp;Praze 7 doma a&nbsp;pro n\u011b\u017e vytvo\u0159il celou \u0159adu kompozic a&nbsp;pat\u0159il k&nbsp;jejich kmenov\u00fdm autor\u016fm.<\/p>\r\n<p>Pavel Jurkovi\u010d je dr\u017eitelem mnoha cen, jejich\u017e ud\u011blen\u00ed vyplynulo z\u00a0celo\u017eivotn\u00ed pr\u00e1ce v\u00a0oblasti hudby a\u00a0rozvoje hudebn\u00ed vzd\u011blanosti. Z\u00a0nejv\u00fdznamn\u011bj\u0161\u00edch lze jmenovat ocen\u011bn\u00ed Orffovy nadace Pro Merito (1995), V\u00fdro\u010dn\u00ed cenu \u010ceskoslovensk\u00e9ho rozhlasu za tvorbu pro d\u011bti (1980), Cenu \u010cesk\u00e9 hudebn\u00ed rady za iniciativn\u00ed po\u010diny v\u00a0hudebn\u00ed v\u00fdchov\u011b (1996) \u010di Cenu Spole\u010dnosti pro v\u011bdu a\u00a0um\u011bn\u00ed (2006). Titul \u010destn\u00e9ho ob\u010dana Prahy\u00a07 obdr\u017eel v\u00a0roce 2005. Vzpom\u00ednky na sv\u016fj \u017eivot s\u00a0hudbou, setk\u00e1n\u00ed s\u00a0mnoha v\u00fdznamn\u00fdmi um\u011blci druh\u00e9 poloviny dvac\u00e1t\u00e9ho stolet\u00ed a\u00a0sv\u016fj pohled na muziku p\u0159edstavil ve vzpom\u00ednkov\u00e9 knize Otv\u00edr\u00e1n\u00ed pam\u011bti \u2013 Obr\u00e1zky na pl\u00e1tn\u011b \u010dasu, kterou vydalo nakladatelstv\u00ed Karolinum v\u00a0roce 2005, a\u00a0sv\u016fj n\u00e1zor na hudebn\u00ed v\u00fdchovu prezentoval v\u00a0knize Na cest\u00e1ch k\u00a0hudb\u011b, vydan\u00e9 u\u00a0t\u00e9ho\u017e nakladatelstv\u00ed v\u00a0roce 2006. Pro rok 2011 p\u0159ipravuje nakladatelstv\u00ed Port\u00e1l dv\u011b publikace: Jak po\u010d\u00edtaj\u00ed ko\u0165ata \u2013 Jurkovi\u010dovy p\u00edsni\u010dky pro d\u011bti na ver\u0161e Ji\u0159\u00edho \u017d\u00e1\u010dka a\u00a0kn\u00ed\u017eku rad, zku\u0161enost\u00ed a\u00a0receptur pro \u201e\u0161kolu i\u00a0d\u016fm\u201c Od v\u00fdk\u0159iku k\u00a0p\u00edsni\u010dce o\u00a0hudebn\u00ed v\u00fdchov\u011b d\u011bt\u00ed od narozen\u00ed po vstup na z\u00e1kladn\u00ed \u0161kolu.<\/p>","protected":false},"excerpt":{"rendered":"[perex] L\u00e1vka vedouc\u00ed nad kolejemi u&nbsp;nov\u00e9 vlakov\u00e9 zast\u00e1vky Praha-V\u00fdstavi\u0161t\u011b byla v&nbsp;sobotu 13.&nbsp;prosince 2025 pojmenov\u00e1na po \u010destn\u00e9m ob\u010danovi Prahy&nbsp;7, hudebn\u00edm pedagogovi Pavlu Jurkovi\u010dovi. Z\u00e1rove\u0148 byl v&nbsp;p\u0159edb\u011b\u017en\u00e9m re\u017eimu otev\u0159en i&nbsp;nov\u00fd pr\u016fchod z&nbsp;ulice U&nbsp;Stud\u00e1nky sm\u011brem ke Stromovce a&nbsp;vlakov\u00e9 zast\u00e1vce. [\/perex] Pojmenov\u00e1n\u00ed l\u00e1vky, kterou letos v\u00a0l\u00e9t\u011b otev\u0159ela Spr\u00e1va \u017eeleznic v\u00a0r\u00e1mci projektu modernizace trati Bubny\u2013V\u00fdstavi\u0161t\u011b, iniciovala Spole\u010dnost Pavla Jurkovi\u010de ve [&hellip;]","protected":false},"author":5,"featured_media":88479,"comment_status":"closed","ping_status":"open","sticky":false,"template":"","format":"standard","meta":[],"categories":[34],"tags":[110],"_links":{"self":[{"href":"https:\/\/www.praha7.cz\/api\/wp\/v2\/posts\/88437"}],"collection":[{"href":"https:\/\/www.praha7.cz\/api\/wp\/v2\/posts"}],"about":[{"href":"https:\/\/www.praha7.cz\/api\/wp\/v2\/types\/post"}],"author":[{"embeddable":true,"href":"https:\/\/www.praha7.cz\/api\/wp\/v2\/users\/5"}],"replies":[{"embeddable":true,"href":"https:\/\/www.praha7.cz\/api\/wp\/v2\/comments?post=88437"}],"version-history":[{"count":8,"href":"https:\/\/www.praha7.cz\/api\/wp\/v2\/posts\/88437\/revisions"}],"predecessor-version":[{"id":88482,"href":"https:\/\/www.praha7.cz\/api\/wp\/v2\/posts\/88437\/revisions\/88482"}],"wp:featuredmedia":[{"embeddable":true,"href":"https:\/\/www.praha7.cz\/api\/wp\/v2\/media\/88479"}],"wp:attachment":[{"href":"https:\/\/www.praha7.cz\/api\/wp\/v2\/media?parent=88437"}],"wp:term":[{"taxonomy":"category","embeddable":true,"href":"https:\/\/www.praha7.cz\/api\/wp\/v2\/categories?post=88437"},{"taxonomy":"post_tag","embeddable":true,"href":"https:\/\/www.praha7.cz\/api\/wp\/v2\/tags?post=88437"}],"curies":[{"name":"wp","href":"https:\/\/api.w.org\/{rel}","templated":true}]}}