    
{"id":88418,"date":"2025-12-10T15:44:50","date_gmt":"2025-12-10T14:44:50","guid":{"rendered":"https:\/\/www.praha7.cz\/?p=88418"},"modified":"2025-12-13T16:36:23","modified_gmt":"2025-12-13T15:36:23","slug":"pojmenovani-lavky","status":"publish","type":"post","link":"https:\/\/www.praha7.cz\/pojmenovani-lavky\/","title":{"rendered":"Slavnostn\u00ed pojmenov\u00e1n\u00ed l\u00e1vky Pavla Jurkovi\u010de"},"content":{"rendered":"<p>[perex]<\/p>\r\n<p>Spole\u010dnost Pavla Jurkovi\u010de v\u00e1s srde\u010dn\u011b zve na p\u0159edv\u00e1no\u010dn\u00ed zp\u00edv\u00e1n\u00ed pro celou rodinu spojen\u00e9 se slavnostn\u00edm pojmenov\u00e1n\u00edm l\u00e1vky Pavla Jurkovi\u010de, kter\u00e9 se odehraje v&nbsp;sobotu 13.&nbsp;prosince 2025 v&nbsp;15.15 za \u0161kolou FZ\u0160 Um\u011bleck\u00e1.<\/p>\r\n<p>[\/perex]<\/p>\r\n<p>V sobotu 13.&nbsp;prosince 2025 v&nbsp;15.15 prob\u011bhne slavnostn\u00ed pojmenov\u00e1n\u00ed l\u00e1vky Pavla Jurkovi\u010de za \u0161kolou FZ\u0160 Um\u011bleck\u00e1.\u00a0<\/p>\r\n<p>Pot\u00e9 v&nbsp;Aule Pavla Jurkovi\u010de v&nbsp;FZ\u0160 Um\u011bleck\u00e1 v&nbsp;16.00 zapo\u010dne ji\u017e tradi\u010dn\u00ed p\u0159edv\u00e1no\u010dn\u00ed zp\u00edv\u00e1n\u00ed pro celou rodinu. Vstupn\u00e9 dobrovoln\u00e9.\u00a0<\/p>\r\n<p><em>P\u0159ij\u010fte si zazp\u00edvat, zatancovat, p\u0159ipomenout si d\u00e1vn\u00e9 zvyky, zopakovat koledy v\u00edce i&nbsp;m\u00e9n\u011b zn\u00e1m\u00e9 nebo jen s&nbsp;n\u00e1mi sd\u00edlet p\u0159edv\u00e1no\u010dn\u00ed atmosf\u00e9ru.<\/em><\/p>\r\n<p><a href=\"https:\/\/www.facebook.com\/events\/3325537604270694\" target=\"_blank\" rel=\"noopener\">Facebookov\u00e1 ud\u00e1lost<\/a><\/p>\r\n<hr \/>\r\n<p>V souvislosti s&nbsp;pojmenov\u00e1n\u00edm l\u00e1vky Pavla Jurkovi\u010de bude v&nbsp;p\u0159edb\u011b\u017en\u00e9m re\u017eimu otev\u0159en i&nbsp;pr\u016fchod z&nbsp;ulice U&nbsp;Stud\u00e1nky sm\u011brem ke Stromovce a&nbsp;vlakov\u00e9 zast\u00e1vce Praha-V\u00fdstavi\u0161t\u011b.<\/p>","protected":false},"excerpt":{"rendered":"[perex] Spole\u010dnost Pavla Jurkovi\u010de v\u00e1s srde\u010dn\u011b zve na p\u0159edv\u00e1no\u010dn\u00ed zp\u00edv\u00e1n\u00ed pro celou rodinu spojen\u00e9 se slavnostn\u00edm pojmenov\u00e1n\u00edm l\u00e1vky Pavla Jurkovi\u010de, kter\u00e9 se odehraje v&nbsp;sobotu 13.&nbsp;prosince 2025 v&nbsp;15.15 za \u0161kolou FZ\u0160 Um\u011bleck\u00e1. [\/perex] V&nbsp;sobotu 13.&nbsp;prosince 2025 v&nbsp;15.15 prob\u011bhne slavnostn\u00ed pojmenov\u00e1n\u00ed l\u00e1vky Pavla Jurkovi\u010de za \u0161kolou FZ\u0160 Um\u011bleck\u00e1.\u00a0 Pot\u00e9 v&nbsp;Aule Pavla Jurkovi\u010de v&nbsp;FZ\u0160 Um\u011bleck\u00e1 v&nbsp;16.00 zapo\u010dne [&hellip;]","protected":false},"author":251,"featured_media":88419,"comment_status":"closed","ping_status":"open","sticky":false,"template":"","format":"standard","meta":[],"categories":[34],"tags":[119,110],"_links":{"self":[{"href":"https:\/\/www.praha7.cz\/api\/wp\/v2\/posts\/88418"}],"collection":[{"href":"https:\/\/www.praha7.cz\/api\/wp\/v2\/posts"}],"about":[{"href":"https:\/\/www.praha7.cz\/api\/wp\/v2\/types\/post"}],"author":[{"embeddable":true,"href":"https:\/\/www.praha7.cz\/api\/wp\/v2\/users\/251"}],"replies":[{"embeddable":true,"href":"https:\/\/www.praha7.cz\/api\/wp\/v2\/comments?post=88418"}],"version-history":[{"count":1,"href":"https:\/\/www.praha7.cz\/api\/wp\/v2\/posts\/88418\/revisions"}],"predecessor-version":[{"id":88420,"href":"https:\/\/www.praha7.cz\/api\/wp\/v2\/posts\/88418\/revisions\/88420"}],"wp:featuredmedia":[{"embeddable":true,"href":"https:\/\/www.praha7.cz\/api\/wp\/v2\/media\/88419"}],"wp:attachment":[{"href":"https:\/\/www.praha7.cz\/api\/wp\/v2\/media?parent=88418"}],"wp:term":[{"taxonomy":"category","embeddable":true,"href":"https:\/\/www.praha7.cz\/api\/wp\/v2\/categories?post=88418"},{"taxonomy":"post_tag","embeddable":true,"href":"https:\/\/www.praha7.cz\/api\/wp\/v2\/tags?post=88418"}],"curies":[{"name":"wp","href":"https:\/\/api.w.org\/{rel}","templated":true}]}}