    
{"id":88364,"date":"2025-12-08T10:48:19","date_gmt":"2025-12-08T09:48:19","guid":{"rendered":"https:\/\/www.praha7.cz\/?p=88364"},"modified":"2026-03-03T15:22:33","modified_gmt":"2026-03-03T14:22:33","slug":"pomozme-ronje","status":"publish","type":"post","link":"https:\/\/www.praha7.cz\/pomozme-ronje\/","title":{"rendered":"Pomozme Ronje"},"content":{"rendered":"<p>[perex]<\/p>\r\n<p>Radnice Prahy&nbsp;7 a&nbsp;jej\u00ed starosta Jan \u010ci\u017einsk\u00fd odstartovali o&nbsp;druh\u00e9 ned\u011bli adventn\u00ed spolu s&nbsp;rodinou 12let\u00e9 Ronji Kub\u00ed\u010dkov\u00e9, kter\u00e1 je obyvatelkou Prahy&nbsp;7 s&nbsp;t\u011b\u017ek\u00fdm kombinovan\u00fdm hendikepem, velkou charitativn\u00ed Sb\u00edrku pro Ronju.<\/p>\r\n<h2><a href=\"https:\/\/donio.cz\/sbirka-pro-ronju\" target=\"_blank\" rel=\"noopener\">P\u0159isp\u011bt ve sb\u00edrce<\/a><\/h2>\r\n<p>[\/perex]<\/p>\r\n<p>C\u00edlem <a href=\"https:\/\/donio.cz\/sbirka-pro-ronju\" target=\"_blank\" rel=\"noopener\">sb\u00edrky<\/a> je vybrat nejm\u00e9n\u011b 3,5 milionu korun, kter\u00e9 pokryj\u00ed n\u00e1klady na po\u0159\u00edzen\u00ed ortopedick\u00fdch ort\u00e9z, neurorehabilita\u010dn\u00edho cvi\u010den\u00ed, bezbari\u00e9rov\u00fdch \u00faprav a&nbsp;tak\u00e9 n\u00e1kup dod\u00e1vky, kterou Ronja pot\u0159ebuje pro ka\u017edodenn\u00ed fungov\u00e1n\u00ed. Ronja by tak z\u00edskala pot\u0159ebnou podporu pro sv\u016fj \u017eivot a&nbsp;rodina mohla v&nbsp;dal\u0161\u00edch letech zvl\u00e1dnout n\u00e1ro\u010dnou p\u00e9\u010di.<\/p>\r\n<p>Po 12 letech nep\u0159etr\u017eit\u00e9 p\u00e9\u010de, kterou Ronja nutn\u011b pot\u0159ebuje v&nbsp;re\u017eimu 24\/7, se proto jej\u00ed rodi\u010de a&nbsp;p\u0159\u00e1tel\u00e9 obracej\u00ed na v\u0161echny lidi dobr\u00e9 v\u016fle s&nbsp;\u017e\u00e1dost\u00ed o&nbsp;finan\u010dn\u00ed p\u0159\u00edsp\u011bvek. Pokud by byla sb\u00edrka \u00fasp\u011b\u0161n\u00e1 a&nbsp;celkov\u00e1 \u010d\u00e1stka by p\u0159esahovala aktu\u00e1ln\u00ed pot\u0159eby rodiny, bude mo\u017en\u00e9 nav\u00edc dokon\u010dit budov\u00e1n\u00ed mal\u00e9ho komunitn\u00edho odleh\u010dovac\u00edho centra. To pak budou vyu\u017e\u00edvat rodiny a&nbsp;d\u011bti s&nbsp;podobn\u011b vysok\u00fdmi n\u00e1roky na p\u00e9\u010di, jako m\u00e1 Ronja.<\/p>\r\n<p>Radnice Prahy&nbsp;7 a&nbsp;rodina se obracej\u00ed na ve\u0159ejnost i&nbsp;proto, \u017ee \u010desk\u00fd syst\u00e9m zdravotn\u00edho a&nbsp;soci\u00e1ln\u00edho poji\u0161t\u011bn\u00ed nen\u00ed nastaven tak, aby tyto naprosto kl\u00ed\u010dov\u00e9 pot\u0159eby pro element\u00e1rn\u011b zvladateln\u00fd \u017eivot bylo mo\u017en\u00e9 hradit z&nbsp;t\u011bchto zdroj\u016f. <a href=\"https:\/\/donio.cz\/sbirka-pro-ronju\" target=\"_blank\" rel=\"noopener\">Sb\u00edrka na Ronju<\/a> upozor\u0148uje na syst\u00e9mov\u00e9 nedostatky a&nbsp;mohla by napomoci v&nbsp;jejich n\u00e1prav\u011b.<\/p>\r\n<p>&nbsp;<\/p>\r\n<p><img loading=\"lazy\" src=\"https:\/\/www.praha7.cz\/wp-content\/uploads\/2025\/12\/Ronja-auto.png\" alt=\"\" width=\"1280\" height=\"800\" class=\"alignnone size-full wp-image-88365\" srcset=\"https:\/\/www.praha7.cz\/wp-content\/uploads\/2025\/12\/Ronja-auto.png 1280w, https:\/\/www.praha7.cz\/wp-content\/uploads\/2025\/12\/Ronja-auto-600x375.png 600w, https:\/\/www.praha7.cz\/wp-content\/uploads\/2025\/12\/Ronja-auto-768x480.png 768w\" sizes=\"(max-width: 1280px) 100vw, 1280px\" \/><\/p>\r\n<h3><br \/>\r\nStru\u010dn\u011b o&nbsp;Ronje a&nbsp;jej\u00edm zdravotn\u00edm stavu\u00a0<\/h3>\r\n<p><em>podrobn\u011bj\u0161\u00ed informace jsou v&nbsp;samotn\u00e9 sb\u00edrce <a href=\"https:\/\/donio.cz\/sbirka-pro-ronju\" target=\"_blank\" rel=\"noopener\">na platform\u011b Donio<\/a><\/em><\/p>\r\n<p>Ronja je mal\u00e1 loupe\u017enice, co m\u00e1 souhrnnou diagn\u00f3zu d\u011btsk\u00e1 mozkov\u00e1 obrna (DMO), kter\u00e1 vznikla n\u00e1sledkem p\u0159ed\u010dasn\u00e9ho narozen\u00ed a&nbsp;komplikacemi s&nbsp;n\u00edm spojen\u00fdch.<\/p>\r\n<p>D\u00edky dlouhodob\u00e9 neurorehabilitaci um\u00ed Ronja s&nbsp;dopomoc\u00ed popoj\u00edt p\u00e1r metr\u016f a&nbsp;vestoje j\u00ed mohou pomoci speci\u00e1ln\u00ed ort\u00e9zy. Poloha vestoje a&nbsp;ch\u016fze toti\u017e pom\u00e1h\u00e1 \u010dlov\u011bku rozlo\u017eit jednostrann\u00e9 zat\u00ed\u017een\u00ed t\u011bla i&nbsp;vnit\u0159n\u00edch org\u00e1n\u016f, pom\u00e1h\u00e1 proti bolestem, s&nbsp;kvalitn\u00edm tr\u00e1ven\u00edm, d\u00fdch\u00e1n\u00edm a&nbsp;v&nbsp;neposledn\u00ed \u0159ad\u011b prosp\u00edv\u00e1 i&nbsp;psychicky.<\/p>\r\n<p>Tyto ort\u00e9zy se ale vyr\u00e1b\u00ed pouze v&nbsp;N\u011bmecku a&nbsp;\u017e\u00e1dn\u00fd podobn\u00fd v\u00fdrobce v&nbsp;\u010cesku tyto kompenza\u010dn\u00ed pom\u016fcky vyrobit neum\u00ed a&nbsp;zdravotn\u00ed poji\u0161\u0165ovna je b\u011b\u017en\u011b nehrad\u00ed.\u00a0<\/p>\r\n<p>S posti\u017een\u00edm Ronji souvis\u00ed tak\u00e9 hypotonie a&nbsp;spasticita. Jedin\u00e1 dostupn\u00e1 terapie je ka\u017edodenn\u00ed cvi\u010den\u00ed a&nbsp;pravideln\u00e9 neurorehabilitace.<\/p>\r\n<p>Velk\u00fd zdravotn\u00ed probl\u00e9m, kter\u00fd s&nbsp;DMO souvis\u00ed, je t\u011b\u017ek\u00e1 a&nbsp;\u017eivot ohro\u017euj\u00edc\u00ed skoli\u00f3za. Ronjina k\u0159ivka je 115 stup\u0148\u016f, co\u017e znamen\u00e1, \u017ee je d\u00edvka zlomen\u00e1 v&nbsp;pase, p\u00e1te\u0159 j\u00ed utla\u010duje pl\u00edce a&nbsp;vnit\u0159n\u00ed org\u00e1ny. Operace je natolik n\u00e1ro\u010dn\u00e1 a&nbsp;v&nbsp;jej\u00edm p\u0159\u00edpad\u011b tak\u00e9 tolik riskantn\u00ed, \u017ee se k&nbsp;n\u00ed l\u00e9ka\u0159i zat\u00edm neodv\u00e1\u017eili a&nbsp;nebo ji v\u016fbec nedoporu\u010duj\u00ed.<\/p>\r\n<p>Ronja m\u00e1 tak\u00e9 ob\u0159\u00ed probl\u00e9my s&nbsp;d\u00fdch\u00e1n\u00edm, trp\u00ed sp\u00e1nkovou apno\u00ed a&nbsp;sn\u00ed\u017eenou imunitou. V&nbsp;nemocnici str\u00e1vila celkov\u011b zhruba dva roky \u017eivota. D\u00fdch\u00e1n\u00ed u&nbsp;n\u00ed zahrnuje denn\u00ed i&nbsp;no\u010dn\u00ed p\u00e9\u010di s&nbsp;podporou kysl\u00edku, ka\u0161lac\u00edho asistenta, oxymetru a&nbsp;inhalac\u00ed. V&nbsp;dom\u00e1cnosti se kv\u016fli d\u00fdch\u00e1n\u00ed nach\u00e1z\u00ed prakticky mal\u00e1 JIPka a&nbsp;o&nbsp;Ronju ve dne v&nbsp;noci pe\u010duj\u00ed oba rodi\u010de.<\/p>\r\n<p>\u201eRonja je, stejn\u011b jako jej\u00ed rodi\u010de, obyvatelkou Prahy&nbsp;7 a&nbsp;rodinu dob\u0159e zn\u00e1me. Je tedy pro n\u00e1s samoz\u0159ejm\u00e9, abychom tuto sb\u00edrku zast\u0159e\u0161ili a&nbsp;maxim\u00e1ln\u011b podpo\u0159ili. Soun\u00e1le\u017eitost obyvatel Prahy&nbsp;7 se projevuje opakovan\u011b a&nbsp;my budeme r\u00e1di, kdy\u017e se zapoj\u00ed i&nbsp;tentokr\u00e1t. Jedn\u00e1 se toti\u017e o&nbsp;opravdu mimo\u0159\u00e1dn\u00fd p\u0159\u00edpad a&nbsp;chceme Ronje a&nbsp;jejim rodi\u010d\u016fm skute\u010dn\u011b pomoci,\u201c uv\u00e1d\u00ed Jan \u010ci\u017einsk\u00fd, starosta Prahy&nbsp;7.<\/p>\r\n<p>\u201eOsobn\u011b ale nechci, aby to z\u016fstalo jen u&nbsp;t\u00e9to pomoci, budu usilovat i&nbsp;o&nbsp;syst\u00e9movou zm\u011bnu, aby do budoucna nebylo nutn\u00e9 takov\u00e9 pot\u0159eby hendikepovan\u00fdch \u0159e\u0161it charitativn\u00ed sb\u00edrkou, ale aby pro n\u011b byla k&nbsp;dispozici syst\u00e9mov\u00e1 pomoc v&nbsp;r\u00e1mci soci\u00e1ln\u00edho a&nbsp;zdravotn\u00edho syst\u00e9mu. Oslov\u00edm proto spolu s&nbsp;odborn\u00edky, kte\u0159\u00ed se p\u00e9\u010di o&nbsp;lidi se specifick\u00fdmi pot\u0159ebami dlouhodob\u011b v\u011bnuj\u00ed, novou vl\u00e1du a&nbsp;budu r\u00e1d, kdy\u017e bude otev\u0159en\u00e1 tomu, m\u011bnit parametry syst\u00e9mu, aby dok\u00e1zal d\u011btem s&nbsp;vysokou pot\u0159ebou p\u00e9\u010de, jako je Ronja, skute\u010dn\u011b pomoci,\u201c dod\u00e1v\u00e1 \u010ci\u017einsk\u00fd.<\/p>\r\n<p>\u201eV mamince Ronji Ad\u00e9le Kub\u00ed\u010dkov\u00e9 jsem poznal mimo\u0159\u00e1dn\u011b silnou a&nbsp;vyzr\u00e1lou osobu, kter\u00e1 pro svou dceru d\u011bl\u00e1 prvn\u00ed posledn\u00ed. Ale po 12 letech, kdy je na to s&nbsp;partnerem tak\u0159ka sama, u\u017e prost\u011b nem\u016f\u017ee. Mysl\u00edm, \u017ee syst\u00e9m soci\u00e1ln\u00edho a&nbsp;zdravotn\u00edho poji\u0161t\u011bn\u00ed by m\u011bl um\u011bt \u0159e\u0161it mnohem l\u00e9pe v\u011bci, jako je finan\u010dn\u00ed pomoc s&nbsp;po\u0159\u00edzen\u00edm odpov\u00eddaj\u00edc\u00edho vozidla, zdravotn\u00edch pom\u016fcek nebo se zaji\u0161t\u011bn\u00edm bezbari\u00e9rov\u00e9ho bydlen\u00ed, a&nbsp;um\u011bt rozli\u0161ovat pomoc pro d\u011bti i&nbsp;dosp\u011bl\u00e9 s&nbsp;vysokou pot\u0159ebou asistence, ale tak\u00e9 pro jejich pe\u010duj\u00edc\u00ed,\u201c \u0159\u00edk\u00e1 Mat\u011bj Hollan, b\u00fdval\u00fd n\u00e1m\u011bstek prim\u00e1tora m\u011bsta Brna pro soci\u00e1ln\u00ed a&nbsp;zdravotn\u00ed oblast a&nbsp;\u0159editel Asociace poskytovatel\u016f adiktologick\u00fdch slu\u017eeb, kter\u00fd s&nbsp;organizac\u00ed sb\u00edrky pom\u00e1h\u00e1.<\/p>\r\n<p>\u201eDom\u00e1c\u00ed p\u00e9\u010de je daleko levn\u011bj\u0161\u00ed ne\u017e \u00fastavn\u00ed p\u00e9\u010de a&nbsp;nav\u00edc v&nbsp;p\u0159\u00edpad\u011b d\u011bt\u00ed, jako je Ronja, ani \u00fastav nep\u0159ich\u00e1z\u00ed v&nbsp;\u00favahu, Ronja by v&nbsp;n\u011bm nep\u0159e\u017eila. Mus\u00edme um\u011bt jako spole\u010dnost pomoci rodi\u010d\u016fm takov\u00fdch d\u011bt\u00ed, kte\u0159\u00ed se j\u00edm s&nbsp;l\u00e1skou a&nbsp;neskute\u010dn\u00fdm nasazen\u00edm v\u011bnuj\u00ed, proto v\u011b\u0159\u00edm, \u017ee sb\u00edrka bude \u00fasp\u011b\u0161n\u00e1 a&nbsp;poslou\u017e\u00ed i&nbsp;syst\u00e9mov\u00e9 zm\u011bn\u011b,\u201c dopl\u0148uje Terezie Hrad\u00edlkov\u00e1, p\u0159edsedkyn\u011b JDI (d\u0159\u00edve Jednota pro deinstitucionalizaci) a&nbsp;zakladatelka ran\u00e9 p\u00e9\u010de v&nbsp;\u010cesk\u00e9 republice.<\/p>\r\n<hr \/>\r\n<p><span style=\"color: #ff0000;\">N\u00e1sleduj\u00ed citace Ad\u00e9ly Kub\u00ed\u010dkov\u00e9, matky Ronji.<\/span><\/p>\r\n<h3>Pro\u010d je sb\u00edrka pot\u0159eba\u00a0<\/h3>\r\n<p><strong>Ortopedick\u00e9 ort\u00e9zy \/ pro\u010d ne v&nbsp;\u010cesku?<\/strong><\/p>\r\n<p>\u201ePro \u010desk\u00e9 d\u011bti se jednodu\u0161e nevyr\u00e1b\u00ed u&nbsp;n\u00e1s, ale bu\u010f v&nbsp;Rakousku, nebo v&nbsp;N\u011bmecku. N\u011bco jin\u00e9ho je vyrobit ort\u00e9zu dosp\u011bl\u00e9mu \u010dlov\u011bku, kter\u00fd u\u017e neroste a&nbsp;nevyv\u00edj\u00ed se ch\u016fze. A&nbsp;\u00fapln\u011b jin\u00e1 liga jsou d\u011bti s&nbsp;r\u016fstov\u00fdm spurtem. Takovou zku\u0161enost maj\u00ed l\u00e9ka\u0159i a&nbsp;ortotici v&nbsp;Otto Bock Pohlig, na kter\u00e9 se d\u00edky jejich specializaci a&nbsp;s&nbsp;v\u00edrou v&nbsp;lep\u0161\u00ed zvl\u00e1d\u00e1n\u00ed obt\u00ed\u017e\u00ed s&nbsp;pohybem obrac\u00ed mnoho \u010desk\u00fdch d\u011bt\u00ed. Ronja tu u\u017e podstoupila n\u011bkolik z\u00e1kladn\u00edch vy\u0161et\u0159en\u00ed a&nbsp;m\u016f\u017ee ji\u017e podstoupit proces, ve kter\u00e9m se ort\u00e9zy s&nbsp;hydraulick\u00fdm p\u00edstem vyr\u00e1b\u011bj\u00ed p\u0159\u00edmo na m\u00edru.<\/p>\r\n<p>Sb\u00edrka tak\u00e9 pom\u016f\u017ee pokr\u00fdt pot\u0159ebn\u00e9 finance pro pravideln\u00e9 neurorehabilitace, kter\u00e9 jsou pro Ronju kl\u00ed\u010dov\u00e9, p\u0159\u00edpadn\u011b asisten\u010dn\u00ed a&nbsp;odleh\u010dovac\u00ed slu\u017eby, abychom v\u016fbec mohli p\u00e9\u010di i&nbsp;nad\u00e1le zvl\u00e1dat,\u201c \u0159\u00edk\u00e1 Ad\u00e9la Kub\u00ed\u010dkov\u00e1, matka Ronji.<\/p>\r\n<p><strong>Jak vypad\u00e1 re\u00e1ln\u011b st\u00e1tn\u00ed p\u0159\u00edsp\u011bvek na auto<\/strong><\/p>\r\n<p>\u201eStar\u00e1 dod\u00e1vka, kterou p\u0159ed osmi lety \u010d\u00e1stkou 200&nbsp;000&nbsp;K\u010d podpo\u0159il st\u00e1t, je po t\u011bchto letech na\u0161eho provozu a&nbsp;celkov\u011b po 17 letech od v\u00fdroby zcela opot\u0159ebovan\u00e1 a&nbsp;rozhrkan\u00e1 a&nbsp;naprosto nezp\u016fsobil\u00e1 k&nbsp;denn\u00edmu provozu, kter\u00fd Ronja ale nezbytn\u011b pot\u0159ebuje. Nicm\u00e9n\u011b za st\u00e1tn\u00ed p\u0159\u00edsp\u011bvek i&nbsp;s&nbsp;na\u0161\u00edm vkladem nebylo mo\u017en\u00e9 po\u0159\u00eddit jinou ne\u017e starou bazarovou dod\u00e1vku. V&nbsp;do\u017e\u00edvaj\u00edc\u00edm aut\u011b v\u0161ak Ronji\u010d\u010dina nemocn\u00e1 z\u00e1da trp\u00ed nadm\u011brn\u00fdmi ot\u0159esy. A&nbsp;nejhor\u0161\u00ed je nep\u0159ijateln\u00fd kou\u0159, kter\u00e9ho se ani p\u0159es v\u0161echny drah\u00e9 opravy nebylo mo\u017en\u00e9 zbavit,\u201c uv\u00e1d\u00ed Ad\u00e9la Kub\u00ed\u010dkov\u00e1.<\/p>\r\n<p>\u201eSt\u00e1tn\u00ed finance jsou bohu\u017eel nastaveny p\u0159\u00edli\u0161 n\u00edzko a&nbsp;v&nbsp;mnoha ohledech nesmysln\u011b \u2013 po\u017eaduj\u00ed, aby dopravn\u00ed prost\u0159edek fungoval dal\u0161\u00edch 7 let. Pro mnoho lid\u00ed to ale znamen\u00e1 po\u0159\u00eddit ojet\u00e9 auto, kter\u00e9 sedm let, p\u0159i denn\u00edm pou\u017e\u00edv\u00e1n\u00ed, dlouh\u00fdch cest\u00e1ch a&nbsp;vysok\u00e9 z\u00e1t\u011b\u017ei, nen\u00ed re\u00e1ln\u00e9 udr\u017eet. Dod\u00e1vka pro Ronju, kam se mus\u00ed vej\u00edt speci\u00e1ln\u00ed nakl\u00e1dac\u00ed syst\u00e9m, jej\u00ed speci\u00e1ln\u00ed invalidn\u00ed ko\u010d\u00e1rek, podpora d\u00fdch\u00e1n\u00ed atd., je vlastn\u011b mal\u00e1 sanitka, proto jsou tak\u00e9 n\u00e1klady na dod\u00e1vku v\u011bt\u0161\u00ed ne\u017e na b\u011b\u017en\u00e9 auto.\u201c\u00a0<\/p>\r\n<p>\u201eN\u011bkomu, kdo chod\u00ed o&nbsp;holi, k&nbsp;autu si dojde a&nbsp;nalo\u017e\u00ed se do n\u011bj, ur\u010dit\u011b st\u00e1tn\u00ed p\u0159\u00edsp\u011bvek vysta\u010d\u00ed. Ale pokud m\u00e1te d\u00edt\u011b, kter\u00e9 se samostatn\u011b nepohybuje, a&nbsp;po\u0159\u00edd\u00edte si ojet\u00e9 auto s&nbsp;malou podporou st\u00e1tu, vyjde to na t\u011bch sedm po\u017eadovan\u00fdch let maxim\u00e1ln\u011b na havarijn\u00ed poji\u0161t\u011bn\u00ed, kter\u00e9 mus\u00edte m\u00edt, proto\u017ee pokud by auto se st\u00e1tn\u00edm p\u0159\u00edsp\u011bvkem m\u011blo nehodu, mus\u00edte p\u0159\u00edsp\u011bvek vr\u00e1tit do 30 dn\u016f. A&nbsp;to je pak pro rodinu tot\u00e1ln\u011b likvida\u010dn\u00ed situace. Kdy\u017e najednou ve sv\u00e9, u\u017e tak neudr\u017eiteln\u00e9 situaci mus\u00edte b\u011bhem m\u011bs\u00edce vr\u00e1tit t\u0159eba 150 tis\u00edc, kter\u00e9 samoz\u0159ejm\u011b ta rodina re\u00e1ln\u011b nem\u00e1, slo\u017e\u00ed v\u00e1s to na kolena. Takov\u00e9 p\u0159\u00edpady bohu\u017eel zn\u00e1m a&nbsp;tak\u00e9 stres s&nbsp;t\u00edm po celou dobu spojen\u00fd je pro u\u017e tak frustrovanou rodinu opravdu velk\u00fd. Rozhodujete se, jestli auto pojistit, co\u017e vyjde na v\u00edc ne\u017e 30 tis\u00edc ro\u010dn\u011b, a&nbsp;to jednodu\u0161e nem\u00e1te. Proto\u017ee u\u017e jste za posledn\u00ed roky zaplatili t\u0159eba 50 tis\u00edc za doplatek na voz\u00edk, 100&nbsp;000&nbsp;K\u010d za neurorehabilitace, a&nbsp;dal\u0161\u00ed des\u00edtky nebo stovky tis\u00edc za jin\u00e9 nezbytn\u00e9 pom\u016fcky a&nbsp;slu\u017eby s&nbsp;doplatky.<\/p>\r\n<p>Nav\u00edc mus\u00edte p\u0159i ka\u017ed\u00e9m servisu dokl\u00e1dat \u00fa\u0159adu, \u017ee je auto odstaven\u00e9 a&nbsp;ta doba se p\u0159ipisuje k&nbsp;t\u011bm sedmi let\u016fm, co auto mus\u00edte m\u00edt. Um\u00edte si jist\u011b \u017eiv\u011b p\u0159edstavit, co znamen\u00e1 rozbit\u00e9 auto v&nbsp;norm\u00e1ln\u00ed rodin\u011b, ale pokud je auto va\u0161e zdravotn\u00ed pom\u016fcka, u\u017e je t\u011bch podm\u00ednek a&nbsp;administrativy jednodu\u0161e p\u0159esp\u0159\u00edli\u0161.\u00a0<\/p>\r\n<p>Nav\u00edc se za posledn\u00ed vl\u00e1dn\u00ed obdob\u00ed podm\u00ednky pro po\u0159\u00ed\u017een\u00ed auta finan\u010dn\u011b v\u00fdrazn\u011b zhor\u0161ily pr\u00e1v\u011b pro po\u0159\u00edzen\u00ed auta. Nam\u00edsto 200&nbsp;000&nbsp;K\u010d a&nbsp;mo\u017enosti odpo\u010dtu DPH (co\u017e je pr\u00e1v\u011b u&nbsp;v\u011bt\u0161\u00edch aut podstatn\u00e9) nyn\u00ed nab\u00edzej\u00ed sice 285&nbsp;000 K\u010d, ale bez mo\u017enosti odpo\u010dtu DPH, a&nbsp;tud\u00ed\u017e pr\u00e1v\u011b pro rodiny a&nbsp;posti\u017een\u00e9, kte\u0159\u00ed pot\u0159ebuj\u00ed v\u011bt\u0161\u00ed, a&nbsp;tedy dra\u017e\u0161\u00ed auto, je toto mnohem m\u00e9n\u011b v\u00fdhodn\u00e9.\u00a0<\/p>\r\n<p>Jako by st\u00e1t u\u017e rovnou po\u010d\u00edtal s&nbsp;t\u00edm, \u017ee v\u0161echno za n\u011bj zaplat\u00ed dob\u0159\u00ed lid\u00e9 na Doniu, a&nbsp;to byla jeho jedin\u00e1 strategie, jak se postarat o&nbsp;lidi s&nbsp;hendikepem a&nbsp;na jak\u00e9koli syst\u00e9mov\u00e9 zm\u011bny a&nbsp;opravy syst\u00e9mu ji\u017e zcela rezignoval.\u00a0<\/p>\r\n<p>Dobro\u010dinn\u00e9 nadace ani jin\u00e1 instituce s&nbsp;n\u00e1kupem auta bohu\u017eel nepom\u016f\u017eou, to nen\u00ed jejich agenda a&nbsp;soust\u0159ed\u00ed se na podporu zdravotn\u00edch a&nbsp;kompenza\u010dn\u00edch pom\u016fcek \u010di asistenc\u00ed a&nbsp;nemaj\u00ed zdaleka tak vysok\u00e9 rozpo\u010dty.\u00a0<\/p>\r\n<p>S d\u00edt\u011btem, kter\u00e9 jednodu\u0161e po v\u011bt\u0161inu roku nem\u016f\u017ee do MHD, nebo se z&nbsp;podstaty posti\u017een\u00ed a&nbsp;pot\u0159eb v\u016fbec nedostane do vlaku ani do autobusu, je prost\u011b auto v&nbsp;dne\u0161n\u00ed dob\u011b naprostou nezbytnost\u00ed. I&nbsp;proto je auto kvalifikovan\u00e9 jako zdravotn\u00ed pom\u016fcka. To na\u0161t\u011bst\u00ed u\u017e spole\u010dnost jednozna\u010dn\u011b ch\u00e1pe,\u201c upozor\u0148uje Ad\u00e9la Kub\u00ed\u010dkov\u00e1.<\/p>\r\n<p><br \/>\r\n<strong>Bezbari\u00e9rov\u00e9 \u00fapravy<\/strong><\/p>\r\n<p>\u201eRonja m\u00e1 ji\u017e 30&nbsp;kg a&nbsp;\u017eije mezi Prahou a&nbsp;na \u010ceskolipsku, kde m\u00e1 krom\u011b sv\u00fdch rodi\u010d\u016f sv\u00e9 jedin\u00e9 soci\u00e1ln\u00ed z\u00e1zem\u00ed u&nbsp;jej\u00ed o&nbsp;mnoho let star\u0161\u00ed sestry a&nbsp;jej\u00edch d\u011bt\u00ed. Je to tak\u00e9 jedin\u00e9 m\u00edsto, kam m\u016f\u017ee Ronja za \u010derstv\u00fdm vzduchem, kter\u00fd, vzhledem ke sv\u00e9 diagn\u00f3ze bronchopulmon\u00e1ln\u00ed dysplazie, pot\u0159ebuje. Ve star\u00e9m dom\u011b je v\u0161ak pot\u0159eba ud\u011blat bezbari\u00e9rov\u00e9 \u00fapravy, aby rodi\u010de byli schopni zajistit i&nbsp;nad\u00e1le denn\u00ed p\u00e9\u010di. Se stropn\u00edm zvedac\u00edm syst\u00e9mem, aby se Ronja a&nbsp;jej\u00ed rodi\u010de m\u011bli mo\u017enost pohybovat mezi koupelnou, WC, postel\u00ed, kuchy\u0148sk\u00fdm koutem a&nbsp;malou venkovn\u00ed terasou s&nbsp;bezbari\u00e9rov\u00fdm v\u00fdjezdem.<\/p>\r\n<p>Dvan\u00e1ct let v&nbsp;kuse pe\u010dujeme o&nbsp;Ronju v&nbsp;re\u017eimu 24\/7 a&nbsp;nyn\u00ed c\u00edt\u00edme, \u017ee bez v\u011bt\u0161\u00ed pomoci se v&nbsp;tomto ohledu neobejdeme. Proto se s&nbsp;pomoc\u00ed p\u0159\u00e1tel obrac\u00edme na \u0161irokou ve\u0159ejnost s&nbsp;\u017e\u00e1dost\u00ed o&nbsp;jejich laskavou pomoc,\u201c uv\u00e1d\u00ed Ad\u00e9la Kub\u00ed\u010dkov\u00e1.<\/p>\r\n<p><strong>O odleh\u010dovac\u00edmu centru, pokud bude sb\u00edrka prob\u00edhat nadm\u00edru \u00fasp\u011b\u0161n\u011b<\/strong><\/p>\r\n<p>\u201eV\u00edme, \u017ee podobn\u00fdmi strastmi trp\u00ed i&nbsp;dal\u0161\u00ed d\u011bti lid\u00e9 a&nbsp;jejich rodiny. S&nbsp;Ronjou v&nbsp;m\u00edst\u011b tr\u00e1v\u00edme jen \u010d\u00e1st roku, velmi \u010dasto jsme kv\u016fli zdravotn\u00ed p\u00e9\u010di bu\u010f v&nbsp;nemocnici, na rehabilitac\u00edch, nebo jin\u00fdch l\u00e9ka\u0159sk\u00fdch vy\u0161et\u0159en\u00edch a&nbsp;p\u00e9\u010di v&nbsp;Praze, proto jsme schopni za\u0159\u00edzen\u00fd prostor poskytnout i&nbsp;dal\u0161\u00edm rodin\u00e1m. Je to na\u0161e velik\u00e9 p\u0159\u00e1n\u00ed p\u0159etavit tu na\u0161i ot\u0159esnou zku\u0161enost v&nbsp;n\u011bco dobr\u00e9ho a&nbsp;dal\u0161\u00edm lidem velice pot\u0159ebn\u00e9ho,\u201c popisuje sv\u00e9 dal\u0161\u00ed kroky Ad\u00e9la Kub\u00ed\u010dkov\u00e1 a&nbsp;pokra\u010duje: \u201ePokud by se tedy sb\u00edrce v\u00fdrazn\u011b da\u0159ilo, a&nbsp;to nad limit c\u00edlov\u00e9 \u010d\u00e1stky, r\u00e1di bychom cel\u00fd prostor p\u0159izp\u016fsobili jako mal\u00e9 odleh\u010dovac\u00ed komunitn\u00ed centrum nejen pro Ronju, ale i&nbsp;pro rodiny a&nbsp;d\u011bti s&nbsp;podobnou pot\u0159ebou odleh\u010den\u00ed a&nbsp;p\u00e9\u010de.<\/p>\r\n<p>Byli bychom vd\u011b\u010dn\u00ed i&nbsp;za zapojen\u00ed firemn\u00edho sektoru a&nbsp;s&nbsp;\u010d\u00e1stkou zhruba jeden milion korun spole\u010dn\u011b z&nbsp;bezbari\u00e9rov\u00e9ho bytu vybudovali mal\u00fd odleh\u010dovac\u00ed prostor s&nbsp;terapeutickou \u010d\u00e1st\u00ed zahrady pro d\u011bti s&nbsp;vysokou pot\u0159ebou p\u00e9\u010de a&nbsp;jejich rodiny,\u201c dopl\u0148uje Ad\u00e9la Kub\u00ed\u010dkov\u00e1.<\/p>\r\n<p>Mat\u011bj Hollan dod\u00e1v\u00e1: \u201eZ pohledu odleh\u010dovac\u00ed p\u00e9\u010de v&nbsp;\u010cesku se jedn\u00e1 o&nbsp;pilotn\u00ed projekt zcela komunitn\u00edho odleh\u010dovac\u00edho centra, tedy zcela neform\u00e1ln\u00edho a&nbsp;bez z\u00e1sah\u016f st\u00e1tn\u00ed spr\u00e1vy, jednodu\u0161e jak to um\u00ed za\u0159\u00eddit jen lidi lidem. Prost\u0159ed\u00ed zahrady a&nbsp;CHKO, na\u0161e podpora a&nbsp;asistence v&nbsp;m\u00edst\u011b m\u016f\u017ee na p\u0159echodnou dobu odleh\u010dit n\u011bkolika dal\u0161\u00edm rodin\u00e1m z&nbsp;ohromn\u00e9 z\u00e1t\u011b\u017ee, kterou rodiny s&nbsp;d\u011btmi v&nbsp;paliativn\u00ed p\u00e9\u010di za\u017e\u00edvaj\u00ed.\u201c<\/p>\r\n<h3><br \/>\r\nO&nbsp;Ad\u00e9le Kub\u00ed\u010dkov\u00e9, m\u00e1m\u011b Ronji<\/h3>\r\n<p>Ad\u00e9la Kub\u00ed\u010dkov\u00e1 (52 let) m\u00e1 za sebou \u0159adu neziskov\u00fdch i&nbsp;komer\u010dn\u00edch realizac\u00ed a&nbsp;zku\u0161enost\u00ed s&nbsp;veden\u00edm soci\u00e1ln\u011b prosp\u011b\u0161n\u00fdch i&nbsp;komer\u010dn\u00edch projekt\u016f. V&nbsp;minulosti vedla internetov\u00e9 odd\u011blen\u00ed lifestylov\u00fdch \u010dasopis\u016f Elle, Marianne a&nbsp;dal\u0161\u00edch, pod\u00edlela se na realizaci v\u00fdstav Leica Gallery Prague ve vlaku (Wim Wenders, Anton\u00edn Kratochv\u00edl). Z&nbsp;humanit\u00e1rn\u00edch projekt\u016f spoluzakl\u00e1dala v&nbsp;90.&nbsp;letech, v&nbsp;dob\u011b jugosl\u00e1vsk\u00e9 v\u00e1lky, mezin\u00e1rodn\u011b \u00fasp\u011b\u0161nou dobrovolnickou organizaci pro pomoc v&nbsp;oblastech posti\u017een\u00fdch balk\u00e1nsk\u00fdm konfliktem. Na \u00farovni \u010cR v&nbsp;n\u011bm spolupracovala s&nbsp;\u010clov\u011bkem v&nbsp;t\u00edsni, Adrou a&nbsp;dal\u0161\u00edmi humanit\u00e1rn\u00edmi organizacemi, na mezin\u00e1rodn\u00ed \u00farovni s&nbsp;UNESCO, WAR CHILD a&nbsp;\u0159adou dal\u0161\u00edch form\u00e1ln\u00edch i&nbsp;neform\u00e1ln\u00edch humanit\u00e1rn\u00edch organizac\u00ed. M\u00e1 z&nbsp;p\u0159edchoz\u00edho vztahu dceru B\u00e1ru (30 let). Aktu\u00e1ln\u011b je 12 let pe\u010duj\u00edc\u00ed m\u00e1mou.<\/p>","protected":false},"excerpt":{"rendered":"[perex] Radnice Prahy&nbsp;7 a&nbsp;jej\u00ed starosta Jan \u010ci\u017einsk\u00fd odstartovali o&nbsp;druh\u00e9 ned\u011bli adventn\u00ed spolu s&nbsp;rodinou 12let\u00e9 Ronji Kub\u00ed\u010dkov\u00e9, kter\u00e1 je obyvatelkou Prahy&nbsp;7 s&nbsp;t\u011b\u017ek\u00fdm kombinovan\u00fdm hendikepem, velkou charitativn\u00ed Sb\u00edrku pro Ronju. P\u0159isp\u011bt ve sb\u00edrce [\/perex] C\u00edlem sb\u00edrky je vybrat nejm\u00e9n\u011b 3,5 milionu korun, kter\u00e9 pokryj\u00ed n\u00e1klady na po\u0159\u00edzen\u00ed ortopedick\u00fdch ort\u00e9z, neurorehabilita\u010dn\u00edho cvi\u010den\u00ed, bezbari\u00e9rov\u00fdch \u00faprav a&nbsp;tak\u00e9 n\u00e1kup dod\u00e1vky, kterou [&hellip;]","protected":false},"author":251,"featured_media":88366,"comment_status":"closed","ping_status":"open","sticky":false,"template":"","format":"standard","meta":[],"categories":[34,74],"tags":[117,94],"_links":{"self":[{"href":"https:\/\/www.praha7.cz\/api\/wp\/v2\/posts\/88364"}],"collection":[{"href":"https:\/\/www.praha7.cz\/api\/wp\/v2\/posts"}],"about":[{"href":"https:\/\/www.praha7.cz\/api\/wp\/v2\/types\/post"}],"author":[{"embeddable":true,"href":"https:\/\/www.praha7.cz\/api\/wp\/v2\/users\/251"}],"replies":[{"embeddable":true,"href":"https:\/\/www.praha7.cz\/api\/wp\/v2\/comments?post=88364"}],"version-history":[{"count":6,"href":"https:\/\/www.praha7.cz\/api\/wp\/v2\/posts\/88364\/revisions"}],"predecessor-version":[{"id":89661,"href":"https:\/\/www.praha7.cz\/api\/wp\/v2\/posts\/88364\/revisions\/89661"}],"wp:featuredmedia":[{"embeddable":true,"href":"https:\/\/www.praha7.cz\/api\/wp\/v2\/media\/88366"}],"wp:attachment":[{"href":"https:\/\/www.praha7.cz\/api\/wp\/v2\/media?parent=88364"}],"wp:term":[{"taxonomy":"category","embeddable":true,"href":"https:\/\/www.praha7.cz\/api\/wp\/v2\/categories?post=88364"},{"taxonomy":"post_tag","embeddable":true,"href":"https:\/\/www.praha7.cz\/api\/wp\/v2\/tags?post=88364"}],"curies":[{"name":"wp","href":"https:\/\/api.w.org\/{rel}","templated":true}]}}