    
{"id":88336,"date":"2025-12-04T12:13:13","date_gmt":"2025-12-04T11:13:13","guid":{"rendered":"https:\/\/www.praha7.cz\/?p=88336"},"modified":"2025-12-19T08:24:34","modified_gmt":"2025-12-19T07:24:34","slug":"vanocni-koncert-prahy-7-ve-ctvrtek-18-prosince","status":"publish","type":"post","link":"https:\/\/www.praha7.cz\/vanocni-koncert-prahy-7-ve-ctvrtek-18-prosince\/","title":{"rendered":"V\u00e1no\u010dn\u00ed koncert Prahy&nbsp;7 ve \u010dtvrtek 18.&nbsp;prosince"},"content":{"rendered":"<p>[perex]<\/p>\r\n<p>Srde\u010dn\u011b v\u00e1s zveme na tradi\u010dn\u00ed v\u00e1no\u010dn\u00ed koncert Prahy&nbsp;7, kter\u00fd se uskute\u010dn\u00ed ve \u010dtvrtek 18.&nbsp;prosince 2025 od 19.30 v&nbsp;kostele sv. Anton\u00edna na Strossmayerov\u011b n\u00e1m\u011bst\u00ed. Zazn\u00ed \u010cesk\u00e1 m\u0161e v\u00e1no\u010dn\u00ed Jakuba Jana Ryby, skladba Gaudete in Domino semper od Ji\u0159\u00edho Temla, kter\u00fd letos oslavil 90.&nbsp;narozeniny, a&nbsp;koleda Narodil se Kristus P\u00e1n. \u00da\u010dinkuj\u00ed t\u011blesa Piccolo coro &amp; Piccola orchestra a\u00a0Gaudium Praha. Vstup zdarma.<\/p>\r\n<p>[\/perex]<\/p>\r\n<h3>\u00da\u010dinkuj\u00edc\u00ed<\/h3>\r\n<p>sopr\u00e1n <strong>Anna \u010cern\u00e1<\/strong><\/p>\r\n<p>alt <strong>Kl\u00e1ra Bal\u00e1\u0161ov\u00e1<\/strong><\/p>\r\n<p>tenor <strong>Jan Novenko<\/strong><\/p>\r\n<p>bas <strong>Jan Mor\u00e1vek<\/strong><\/p>\r\n<p>&nbsp;<\/p>\r\n<p><strong>Gaudium Praha<\/strong>, sbormist\u0159i <strong>Zdena a&nbsp;Vladislav Sou\u010dkovi<\/strong><\/p>\r\n<p><strong>Piccolo coro &amp; Piccola orchestra<\/strong><\/p>\r\n<p>dirigent <strong>Marek Val\u00e1\u0161ek<\/strong><\/p>\r\n<hr \/>\r\n<h3><br \/>\r\nProgram koncertu<\/h3>\r\n<p>Ji\u0159\u00ed Teml\u00a0(* 1935)<\/p>\r\n<p><em>Gaudete in Domino semper<\/em><\/p>\r\n<p>Ror\u00e1ty pro sm\u00ed\u0161en\u00fd sbor, komorn\u00ed orchestr a&nbsp;varhany<\/p>\r\n<p>&nbsp;<\/p>\r\n<p>Jakub Jan Ryba (1765\u20131815)<\/p>\r\n<p><em>\u010cesk\u00e1 m\u0161e v\u00e1no\u010dn\u00ed pro s\u00f3la, sbor, varhany a&nbsp;orchestr \u201eHej, mist\u0159e!\u201c<\/em><\/p>\r\n<p>Kyrie<\/p>\r\n<p>Gloria<\/p>\r\n<p>Graduale<\/p>\r\n<p>Credo<\/p>\r\n<p>Offertorium<\/p>\r\n<p>Sanctus<\/p>\r\n<p>Benedictus<\/p>\r\n<p>Agnus<\/p>\r\n<p>Communio<\/p>\r\n<p>&nbsp;<\/p>\r\n<p><em>Narodil se Kristus P\u00e1n<\/em><\/p>\r\n<p>&nbsp;<\/p>\r\n<hr \/>\r\n<p>Po koncertu si m\u016f\u017eete odn\u00e9st tak\u00e9 Betl\u00e9msk\u00e9 sv\u011btlo, rozdaj\u00ed v\u00e1m ho skauti z&nbsp;organizace PLAST p\u0159i v\u00fdchodu z&nbsp;kostela. P\u0159ineste si pros\u00edm lucerni\u010dky \u010di sv\u00ed\u010dky.<\/p>\r\n<p><img loading=\"lazy\" src=\"https:\/\/www.praha7.cz\/wp-content\/uploads\/2025\/12\/betlemske-svetlo-1500x1000.jpg\" alt=\"\" width=\"640\" height=\"427\" class=\"alignnone size-large wp-image-88588\" srcset=\"https:\/\/www.praha7.cz\/wp-content\/uploads\/2025\/12\/betlemske-svetlo-1500x1000.jpg 1500w, https:\/\/www.praha7.cz\/wp-content\/uploads\/2025\/12\/betlemske-svetlo-600x400.jpg 600w, https:\/\/www.praha7.cz\/wp-content\/uploads\/2025\/12\/betlemske-svetlo-768x512.jpg 768w, https:\/\/www.praha7.cz\/wp-content\/uploads\/2025\/12\/betlemske-svetlo-1536x1024.jpg 1536w, https:\/\/www.praha7.cz\/wp-content\/uploads\/2025\/12\/betlemske-svetlo-2048x1365.jpg 2048w\" sizes=\"(max-width: 640px) 100vw, 640px\" \/><\/p>","protected":false},"excerpt":{"rendered":"[perex] Srde\u010dn\u011b v\u00e1s zveme na tradi\u010dn\u00ed v\u00e1no\u010dn\u00ed koncert Prahy&nbsp;7, kter\u00fd se uskute\u010dn\u00ed ve \u010dtvrtek 18.&nbsp;prosince 2025 od 19.30 v&nbsp;kostele sv. Anton\u00edna na Strossmayerov\u011b n\u00e1m\u011bst\u00ed. Zazn\u00ed \u010cesk\u00e1 m\u0161e v\u00e1no\u010dn\u00ed Jakuba Jana Ryby, skladba Gaudete in Domino semper od Ji\u0159\u00edho Temla, kter\u00fd letos oslavil 90.&nbsp;narozeniny, a&nbsp;koleda Narodil se Kristus P\u00e1n. \u00da\u010dinkuj\u00ed t\u011blesa Piccolo coro &amp; Piccola orchestra [&hellip;]","protected":false},"author":251,"featured_media":71883,"comment_status":"closed","ping_status":"open","sticky":false,"template":"","format":"standard","meta":[],"categories":[34],"tags":[106,110],"_links":{"self":[{"href":"https:\/\/www.praha7.cz\/api\/wp\/v2\/posts\/88336"}],"collection":[{"href":"https:\/\/www.praha7.cz\/api\/wp\/v2\/posts"}],"about":[{"href":"https:\/\/www.praha7.cz\/api\/wp\/v2\/types\/post"}],"author":[{"embeddable":true,"href":"https:\/\/www.praha7.cz\/api\/wp\/v2\/users\/251"}],"replies":[{"embeddable":true,"href":"https:\/\/www.praha7.cz\/api\/wp\/v2\/comments?post=88336"}],"version-history":[{"count":6,"href":"https:\/\/www.praha7.cz\/api\/wp\/v2\/posts\/88336\/revisions"}],"predecessor-version":[{"id":88619,"href":"https:\/\/www.praha7.cz\/api\/wp\/v2\/posts\/88336\/revisions\/88619"}],"wp:featuredmedia":[{"embeddable":true,"href":"https:\/\/www.praha7.cz\/api\/wp\/v2\/media\/71883"}],"wp:attachment":[{"href":"https:\/\/www.praha7.cz\/api\/wp\/v2\/media?parent=88336"}],"wp:term":[{"taxonomy":"category","embeddable":true,"href":"https:\/\/www.praha7.cz\/api\/wp\/v2\/categories?post=88336"},{"taxonomy":"post_tag","embeddable":true,"href":"https:\/\/www.praha7.cz\/api\/wp\/v2\/tags?post=88336"}],"curies":[{"name":"wp","href":"https:\/\/api.w.org\/{rel}","templated":true}]}}