    
{"id":88301,"date":"2025-12-03T12:25:56","date_gmt":"2025-12-03T11:25:56","guid":{"rendered":"https:\/\/www.praha7.cz\/?p=88301"},"modified":"2026-01-15T12:07:18","modified_gmt":"2026-01-15T11:07:18","slug":"rekonstrukce-bio-oko","status":"publish","type":"post","link":"https:\/\/www.praha7.cz\/rekonstrukce-bio-oko\/","title":{"rendered":"Rekonstrukce s\u00e1lu a&nbsp;z\u00e1zem\u00ed ikonick\u00e9ho letensk\u00e9ho kina Bio Oko je dokon\u010dena"},"content":{"rendered":"<p>[perex]<\/p>\r\n<p>Po n\u011bkolikam\u011bs\u00ed\u010dn\u00ed rekonstrukci byly dokon\u010deny pr\u00e1ce v&nbsp;kinos\u00e1le a&nbsp;z\u00e1zem\u00ed legend\u00e1rn\u00edho Bia Oko na Letn\u00e9. Modernizace p\u0159inesla v\u00fdrazn\u00e9 zlep\u0161en\u00ed komfortu a&nbsp;vybaven\u00ed kina, z\u00e1rove\u0148 ale citliv\u011b zachovala jeho jedine\u010dn\u00fd funkcionalistick\u00fd r\u00e1z i&nbsp;specifickou atmosf\u00e9ru. Div\u00e1ci se mohou t\u011b\u0161it na \u0159adu novinek \u2013 od pohodln\u011bj\u0161\u00edch sedadel s&nbsp;v\u011bt\u0161\u00edmi rozestupy p\u0159es nov\u00e9 akustick\u00e9 prvky a&nbsp;osv\u011btlen\u00ed a\u017e po nov\u00e9 pl\u00e1tno, ozvu\u010den\u00ed a&nbsp;projektor.<\/p>\r\n<p>[\/perex]<\/p>\r\n<p><em>\u201eBio Oko pat\u0159\u00ed k&nbsp;nejnav\u0161t\u011bvovan\u011bj\u0161\u00edm a&nbsp;nejobl\u00edben\u011bj\u0161\u00edm kulturn\u00edm sc\u00e9n\u00e1m Prahy&nbsp;7. M\u00e1 za sebou bohatou historii a&nbsp;genera\u010dn\u00ed kontinuitu filmov\u00fdch fanou\u0161k\u016f, kte\u0159\u00ed sem chod\u00ed nejen za programem, ale i&nbsp;za jedine\u010dnou atmosf\u00e9rou. D\u00edky tomu se Oku da\u0159\u00ed obst\u00e1t i&nbsp;v\u00a0konkurenci velk\u00fdch multiplex\u016f. Jsem r\u00e1d, \u017ee se poda\u0159ilo zmodernizovat technick\u00e9 z\u00e1zem\u00ed, zv\u00fd\u0161it komfort pro div\u00e1ky, a&nbsp;p\u0159itom zachovat neopakovateln\u00e9ho ducha kina,\u201c<\/em> \u0159\u00edk\u00e1 <em><strong>starosta Prahy&nbsp;7 Jan \u010ci\u017einsk\u00fd<\/strong><\/em>.<\/p>\r\n<p>Rekonstrukce p\u0159inesla nov\u00e1 komfortn\u011bj\u0161\u00ed sedadla s&nbsp;v\u011bt\u0161\u00edmi rozestupy, vylep\u0161enou akustiku, nov\u00e9 ozvu\u010den\u00ed, sc\u00e9nick\u00e9 osv\u011btlen\u00ed, modern\u00ed projektor a&nbsp;projek\u010dn\u00ed pl\u00e1tno. Instalov\u00e1na byla tak\u00e9 nov\u00e1 bezbari\u00e9rov\u00e1 plo\u0161ina umo\u017e\u0148uj\u00edc\u00ed plnohodnotn\u00fd p\u0159\u00edstup do spodn\u00ed \u010d\u00e1sti s\u00e1lu. Citlivou obnovou pro\u0161lo p\u016fvodn\u00ed d\u0159ev\u011bn\u00e9 oblo\u017een\u00ed a&nbsp;renovovaly se tak\u00e9 povrchy a&nbsp;toalety ve\u00a0spodn\u00edm foyer.<\/p>\r\n<p>&nbsp;<\/p>\r\n<p><img loading=\"lazy\" src=\"https:\/\/www.praha7.cz\/wp-content\/uploads\/2025\/12\/Oko_sedacky-1500x1000.jpg\" alt=\"\" width=\"640\" height=\"427\" class=\"alignnone size-large wp-image-88304\" srcset=\"https:\/\/www.praha7.cz\/wp-content\/uploads\/2025\/12\/Oko_sedacky-1500x1000.jpg 1500w, https:\/\/www.praha7.cz\/wp-content\/uploads\/2025\/12\/Oko_sedacky-600x400.jpg 600w, https:\/\/www.praha7.cz\/wp-content\/uploads\/2025\/12\/Oko_sedacky-768x512.jpg 768w, https:\/\/www.praha7.cz\/wp-content\/uploads\/2025\/12\/Oko_sedacky-1536x1024.jpg 1536w, https:\/\/www.praha7.cz\/wp-content\/uploads\/2025\/12\/Oko_sedacky-2048x1365.jpg 2048w\" sizes=\"(max-width: 640px) 100vw, 640px\" \/><\/p>\r\n<p>&nbsp;<\/p>\r\n<p><em>\u201eJsme moc r\u00e1di, \u017ee se s\u00e1l Bia Oko po oprav\u011b znovu otev\u0159el. Spolu s&nbsp;m\u011bstskou \u010d\u00e1st\u00ed Praha&nbsp;7 coby majitelem kina a&nbsp;investorem opravy jsme cht\u011bli, aby si s\u00e1l zachoval svou du\u0161i, ale z\u00e1rove\u0148 odpov\u00eddal sou\u010dasn\u00fdm n\u00e1rok\u016fm na kvalitu projekce i&nbsp;div\u00e1ck\u00e9 pohodl\u00ed. A&nbsp;to se podle n\u00e1s povedlo,\u201c<\/em> uv\u00e1d\u00ed <strong><em>Prokop Jen\u00ed\u010dek, provozn\u00ed \u0159editel kina<\/em><\/strong>. <em>\u201eS\u00e1l m\u00e1 nov\u011b kapacitu 262 m\u00edst a&nbsp;mezi sedadly se m\u016f\u017ee chlubit nejen v\u011bt\u0161\u00edm m\u00edstem na nohy, ale ve spodn\u00ed \u010d\u00e1sti s\u00e1lu i&nbsp;dr\u017e\u00e1ky na n\u00e1poje.\u201c<\/em><\/p>\r\n<p>Stavebn\u00ed pr\u00e1ce byly realizov\u00e1ny od \u010dervence do listopadu 2025. N\u00e1vrat Bia Oko na filmovou sc\u00e9nu ji\u017e odstartoval festival d\u011btsk\u00e9ho filmu Mal\u00e9 o\u010di o&nbsp;v\u00edkendu 8.&nbsp;a&nbsp;9.&nbsp;listopadu. V\u00a0n\u00e1sleduj\u00edc\u00edch t\u00fddnech je\u0161t\u011b za provozu prob\u00edhaly dokon\u010dovac\u00ed pr\u00e1ce ve foyer. Kompletn\u00ed zakon\u010den\u00ed rekonstrukce Praha&nbsp;7 oslavila v\u00a0\u00fater\u00fd 2.&nbsp;prosince, kdy m\u011bstsk\u00e1 \u010d\u00e1st spole\u010dn\u011b s\u00a0provozovateli kina uspo\u0159\u00e1dala akci Otev\u0159i Oko s\u00a0celodenn\u00edm prom\u00edt\u00e1n\u00edm zdarma.<\/p>\r\n<p>&nbsp;<\/p>\r\n\r\n<figure id=\"attachment_88305\" aria-describedby=\"caption-attachment-88305\" style=\"width: 642px\" class=\"wp-caption alignnone\"><img loading=\"lazy\" src=\"https:\/\/www.praha7.cz\/wp-content\/uploads\/2025\/12\/Oko_zakonceni-rekonstrukce.jpg\" alt=\"\" width=\"642\" height=\"355\" class=\"wp-image-88305\" srcset=\"https:\/\/www.praha7.cz\/wp-content\/uploads\/2025\/12\/Oko_zakonceni-rekonstrukce.jpg 1496w, https:\/\/www.praha7.cz\/wp-content\/uploads\/2025\/12\/Oko_zakonceni-rekonstrukce-600x331.jpg 600w, https:\/\/www.praha7.cz\/wp-content\/uploads\/2025\/12\/Oko_zakonceni-rekonstrukce-768x424.jpg 768w\" sizes=\"(max-width: 642px) 100vw, 642px\" \/><figcaption id=\"caption-attachment-88305\" class=\"wp-caption-text\">Div\u00e1ky 2.&nbsp;prosince p\u0159i projekci ve 20 hodin p\u0159iv\u00edtali Pavel Bedna\u0159\u00edk z&nbsp;architektonick\u00e9ho studia ARW pb, Jan \u010ci\u017einsk\u00fd, starosta M\u010c Praha&nbsp;7, a&nbsp;Ji\u0159\u00ed Fl\u00edgl z&nbsp;Bia Oko.<\/figcaption><\/figure>\r\n\r\n<p>&nbsp;<\/p>\r\n<p><em>\u201eNa Oku je kr\u00e1sn\u00e9 pr\u00e1v\u011b to, \u017ee je origin\u00e1ln\u00ed, komunitn\u00ed a&nbsp;st\u00e1le \u017eiv\u00e9. Rekonstrukce mu dodala kvalitu, kterou dne\u0161n\u00ed div\u00e1ci o\u010dek\u00e1vaj\u00ed, ale z\u00e1rove\u0148 je\u0161t\u011b pos\u00edlila jeho osobitost. N\u00e1v\u0161t\u011bvn\u00edci se mohou t\u011b\u0161it na n\u00e1vrat dopoledn\u00edch prom\u00edt\u00e1n\u00ed pro rodi\u010de s\u00a0mal\u00fdmi d\u011btmi, film\u016f pro star\u0161\u00ed generaci, festival\u016f, \u017eiv\u00fdch p\u0159enos\u016f, projekc\u00ed s&nbsp;besedami a&nbsp;workshopy a&nbsp;samoz\u0159ejm\u011b i&nbsp;ve\u010dern\u00ed premi\u00e9ry a&nbsp;posezen\u00ed v&nbsp;kav\u00e1rn\u011b po filmu. Bio Oko je dnes modern\u011bj\u0161\u00ed, a&nbsp;p\u0159esto po\u0159\u00e1d sv\u00e9,\u201c<\/em> dopl\u0148uje <em><strong>Hana T\u0159e\u0161t\u00edkov\u00e1, m\u00edstostarostka Prahy&nbsp;7<\/strong><\/em> pro kulturu, sport a&nbsp;sousedsk\u00e9 vztahy.<\/p>\r\n<p>Autory projektu \u00faprav jsou architekti z&nbsp;ARW pb. <em>\u201eJsme r\u00e1di, \u017ee jsme se mohli pod\u00edlet na obnov\u011b tohoto unik\u00e1tn\u00edho prostoru. O&nbsp;to v\u00edce si spolupr\u00e1ce s&nbsp;m\u011bstskou \u010d\u00e1st\u00ed a&nbsp;provozovateli kina v\u00e1\u017e\u00edme, nebo\u0165 po celou dobu byla vedena s&nbsp;jasn\u00fdm c\u00edlem o&nbsp;citlivou rekonstrukci s&nbsp;respektem jak k&nbsp;p\u016fvodn\u00edm architektonick\u00fdm prvk\u016fm, tak k&nbsp;pot\u0159eb\u00e1m soudob\u00e9ho div\u00e1ka. P\u0159ejeme Biu Oko mnoho spokojen\u00fdch n\u00e1v\u0161t\u011bvn\u00edk\u016f,\u201c<\/em> \u0159\u00edkaj\u00ed <strong><em>architekti Pavel Bedna\u0159\u00edk a&nbsp;Radim Kar\u00e1sek<\/em><\/strong>.<\/p>\r\n<p>&nbsp;<\/p>\r\n<p><img loading=\"lazy\" src=\"https:\/\/www.praha7.cz\/wp-content\/uploads\/2025\/12\/Oko_balkon-pohled-k-platnu-1500x1000.jpg\" alt=\"\" width=\"640\" height=\"427\" class=\"alignnone size-large wp-image-88306\" srcset=\"https:\/\/www.praha7.cz\/wp-content\/uploads\/2025\/12\/Oko_balkon-pohled-k-platnu-1500x1000.jpg 1500w, https:\/\/www.praha7.cz\/wp-content\/uploads\/2025\/12\/Oko_balkon-pohled-k-platnu-600x400.jpg 600w, https:\/\/www.praha7.cz\/wp-content\/uploads\/2025\/12\/Oko_balkon-pohled-k-platnu-768x512.jpg 768w, https:\/\/www.praha7.cz\/wp-content\/uploads\/2025\/12\/Oko_balkon-pohled-k-platnu-1536x1024.jpg 1536w, https:\/\/www.praha7.cz\/wp-content\/uploads\/2025\/12\/Oko_balkon-pohled-k-platnu-2048x1365.jpg 2048w\" sizes=\"(max-width: 640px) 100vw, 640px\" \/><\/p>\r\n<p>&nbsp;<\/p>\r\n<p>Stavebn\u00ed n\u00e1klady na rekonstrukci s\u00e1lu \u010dinily 8,5 mil. K\u010d bez DPH. Restaurov\u00e1n\u00ed p\u016fvodn\u00edch prvk\u016f interi\u00e9ru a&nbsp;po\u0159\u00edzen\u00ed nov\u00fdch sedadel vy\u0161lo na 3,2 mil. K\u010d bez DPH. Vybaven\u00ed s\u00e1lu sc\u00e9nick\u00fdm osv\u011btlen\u00edm a&nbsp;ozvu\u010den\u00edm v\u010detn\u011b opony a&nbsp;pl\u00e1tna st\u00e1lo cca 2,2 mil. K\u010d. Ze St\u00e1tn\u00edho fondu kinematografie byla vyu\u017eita dotace 400 tis\u00edc korun na obm\u011bnu seda\u010dek.<\/p>\r\n<p><strong>Historie a&nbsp;sou\u010dasnost Bia Oko<\/strong><\/p>\r\n<p>Bio Oko je ikonick\u00e9 pra\u017esk\u00e9 kino s&nbsp;histori\u00ed sahaj\u00edc\u00ed a\u017e do roku 1940. Nach\u00e1z\u00ed se v&nbsp;jedine\u010dn\u00e9 funkcionalistick\u00e9 budov\u011b od architekt\u016f Jaroslava Stockara-Bernkopfa a&nbsp;Josefa \u0160olce a&nbsp;u\u017e od sv\u00e9ho otev\u0159en\u00ed p\u0159edstavovalo d\u016fle\u017eit\u00fd kulturn\u00ed bod Prahy&nbsp;7. V&nbsp;lo\u0148sk\u00e9m roce kino oslavilo 15 let pod veden\u00edm st\u00e1vaj\u00edc\u00edho provozovatele. Za tu dobu si komunitn\u00ed prostor v&nbsp;ulici Franti\u0161ka K\u0159\u00ed\u017eka z\u00edskal d\u00edky bohat\u00e9mu a&nbsp;rozmanit\u00e9mu programu p\u0159\u00edze\u0148 nejen m\u00edstn\u00edch, ale i&nbsp;mnoha obyvatel z&nbsp;jin\u00fdch \u010d\u00e1st\u00ed Prahy. Letn\u00ed oprava s\u00e1lu je investic\u00ed do budoucnosti kina a&nbsp;z\u00e1rukou, \u017ee Oko bude i&nbsp;nad\u00e1le m\u00edstem, kam se budou lid\u00e9 r\u00e1di vracet za filmov\u00fdmi z\u00e1\u017eitky i&nbsp;osobitou atmosf\u00e9rou.<\/p>\r\n<p><img loading=\"lazy\" src=\"https:\/\/www.praha7.cz\/wp-content\/uploads\/2025\/12\/Oko_balkon-1500x956.jpg\" alt=\"\" width=\"640\" height=\"408\" class=\"alignnone size-large wp-image-88302\" srcset=\"https:\/\/www.praha7.cz\/wp-content\/uploads\/2025\/12\/Oko_balkon-1500x956.jpg 1500w, https:\/\/www.praha7.cz\/wp-content\/uploads\/2025\/12\/Oko_balkon-600x382.jpg 600w, https:\/\/www.praha7.cz\/wp-content\/uploads\/2025\/12\/Oko_balkon-768x489.jpg 768w, https:\/\/www.praha7.cz\/wp-content\/uploads\/2025\/12\/Oko_balkon-1536x979.jpg 1536w, https:\/\/www.praha7.cz\/wp-content\/uploads\/2025\/12\/Oko_balkon-2048x1305.jpg 2048w\" sizes=\"(max-width: 640px) 100vw, 640px\" \/><\/p>","protected":false},"excerpt":{"rendered":"[perex] Po n\u011bkolikam\u011bs\u00ed\u010dn\u00ed rekonstrukci byly dokon\u010deny pr\u00e1ce v&nbsp;kinos\u00e1le a&nbsp;z\u00e1zem\u00ed legend\u00e1rn\u00edho Bia Oko na Letn\u00e9. Modernizace p\u0159inesla v\u00fdrazn\u00e9 zlep\u0161en\u00ed komfortu a&nbsp;vybaven\u00ed kina, z\u00e1rove\u0148 ale citliv\u011b zachovala jeho jedine\u010dn\u00fd funkcionalistick\u00fd r\u00e1z i&nbsp;specifickou atmosf\u00e9ru. Div\u00e1ci se mohou t\u011b\u0161it na \u0159adu novinek \u2013 od pohodln\u011bj\u0161\u00edch sedadel s&nbsp;v\u011bt\u0161\u00edmi rozestupy p\u0159es nov\u00e9 akustick\u00e9 prvky a&nbsp;osv\u011btlen\u00ed a\u017e po nov\u00e9 pl\u00e1tno, ozvu\u010den\u00ed a&nbsp;projektor. [&hellip;]","protected":false},"author":5,"featured_media":88303,"comment_status":"closed","ping_status":"open","sticky":false,"template":"","format":"standard","meta":[],"categories":[36,74],"tags":[106,125],"_links":{"self":[{"href":"https:\/\/www.praha7.cz\/api\/wp\/v2\/posts\/88301"}],"collection":[{"href":"https:\/\/www.praha7.cz\/api\/wp\/v2\/posts"}],"about":[{"href":"https:\/\/www.praha7.cz\/api\/wp\/v2\/types\/post"}],"author":[{"embeddable":true,"href":"https:\/\/www.praha7.cz\/api\/wp\/v2\/users\/5"}],"replies":[{"embeddable":true,"href":"https:\/\/www.praha7.cz\/api\/wp\/v2\/comments?post=88301"}],"version-history":[{"count":4,"href":"https:\/\/www.praha7.cz\/api\/wp\/v2\/posts\/88301\/revisions"}],"predecessor-version":[{"id":89125,"href":"https:\/\/www.praha7.cz\/api\/wp\/v2\/posts\/88301\/revisions\/89125"}],"wp:featuredmedia":[{"embeddable":true,"href":"https:\/\/www.praha7.cz\/api\/wp\/v2\/media\/88303"}],"wp:attachment":[{"href":"https:\/\/www.praha7.cz\/api\/wp\/v2\/media?parent=88301"}],"wp:term":[{"taxonomy":"category","embeddable":true,"href":"https:\/\/www.praha7.cz\/api\/wp\/v2\/categories?post=88301"},{"taxonomy":"post_tag","embeddable":true,"href":"https:\/\/www.praha7.cz\/api\/wp\/v2\/tags?post=88301"}],"curies":[{"name":"wp","href":"https:\/\/api.w.org\/{rel}","templated":true}]}}