    
{"id":88200,"date":"2025-11-28T10:24:20","date_gmt":"2025-11-28T09:24:20","guid":{"rendered":"https:\/\/www.praha7.cz\/?p=88200"},"modified":"2025-12-11T17:13:02","modified_gmt":"2025-12-11T16:13:02","slug":"prosinec-s-aktivitami-pro-seniory-v-tusarove-42","status":"publish","type":"post","link":"https:\/\/www.praha7.cz\/prosinec-s-aktivitami-pro-seniory-v-tusarove-42\/","title":{"rendered":"Prosinec s&nbsp;aktivitami pro seniory v&nbsp;Tusarov\u011b 42"},"content":{"rendered":"<p>[perex]<\/p>\r\n<p>Seniory zveme op\u011bt do domu v&nbsp;Tusarov\u011b 42, kde na v\u00e1s v&nbsp;prosinci 2025 \u010dek\u00e1 \u0159ada aktivit. V\u0161e je zdarma, bez registrace, sta\u010d\u00ed p\u0159ij\u00edt deset minut p\u0159ed za\u010d\u00e1tkem programu.\u00a0<\/p>\r\n<p>[\/perex]<\/p>\r\n<h3>Program<\/h3>\r\n<p>2.&nbsp;12.&nbsp;2025 | 15.00 <strong>Beseda s&nbsp;trumpetistou Radkem N\u011bmcem<\/strong> \u2013 moderuje Jakub Horv\u00e1th<\/p>\r\n<p>8.&nbsp;12.&nbsp;2025 | 14.00 <strong>Tr\u00e9nink pam\u011bti s&nbsp;tren\u00e9rkou Adrianou Rohde Kabele<\/strong><\/p>\r\n<p>9.&nbsp;12.&nbsp;2025 | 15.00 <strong>Kav\u00e1rensk\u00fd \u017eivot v&nbsp;Praze \u2013 p\u0159edn\u00e1\u0161ka z&nbsp;cyklu Proch\u00e1zky Prahou<\/strong> s&nbsp;pr\u016fvodkyn\u00ed Vla\u010fkou Kredbovou<\/p>\r\n<p>15.&nbsp;12.&nbsp;2025 | 14.00 <strong>Tr\u00e9nink pam\u011bti s&nbsp;tren\u00e9rkou Hankou Dvo\u0159\u00e1kovou<\/strong><\/p>\r\n<p>&nbsp;<\/p>\r\n<p>Akce se konaj\u00ed v&nbsp;j\u00eddeln\u011b domu Tusarova 42, z\u00e1jemce vyzvedneme v\u017edy 10 min. p\u0159ed za\u010d\u00e1tkem programu u&nbsp;vchodu do domu. V&nbsp;p\u0159\u00edpad\u011b dotaz\u016f se m\u016f\u017eete obracet na komunitn\u00ed pracovnice Helenu Bro\u017ekovou, e-mail: <a href=\"mailto:BrozkovaH@praha7.cz\">BrozkovaH@praha7.cz<\/a>, tel. 736&nbsp;213&nbsp;708, nebo\u00a0Alenu Zagorovou, e-mail: <a href=\"mailto:ZagorovaA@praha7.cz\">ZagorovaA@praha7.cz<\/a>, tel. 733&nbsp;618&nbsp;601.<\/p>","protected":false},"excerpt":{"rendered":"[perex] Seniory zveme op\u011bt do domu v&nbsp;Tusarov\u011b 42, kde na v\u00e1s v&nbsp;prosinci 2025 \u010dek\u00e1 \u0159ada aktivit. V\u0161e je zdarma, bez registrace, sta\u010d\u00ed p\u0159ij\u00edt deset minut p\u0159ed za\u010d\u00e1tkem programu.\u00a0 [\/perex] Program 2.&nbsp;12.&nbsp;2025 | 15.00 Beseda s&nbsp;trumpetistou Radkem N\u011bmcem \u2013 moderuje Jakub Horv\u00e1th 8.&nbsp;12.&nbsp;2025 | 14.00 Tr\u00e9nink pam\u011bti s&nbsp;tren\u00e9rkou Adrianou Rohde Kabele 9.&nbsp;12.&nbsp;2025 | 15.00 Kav\u00e1rensk\u00fd \u017eivot [&hellip;]","protected":false},"author":251,"featured_media":86365,"comment_status":"closed","ping_status":"open","sticky":false,"template":"","format":"standard","meta":[],"categories":[34],"tags":[115],"_links":{"self":[{"href":"https:\/\/www.praha7.cz\/api\/wp\/v2\/posts\/88200"}],"collection":[{"href":"https:\/\/www.praha7.cz\/api\/wp\/v2\/posts"}],"about":[{"href":"https:\/\/www.praha7.cz\/api\/wp\/v2\/types\/post"}],"author":[{"embeddable":true,"href":"https:\/\/www.praha7.cz\/api\/wp\/v2\/users\/251"}],"replies":[{"embeddable":true,"href":"https:\/\/www.praha7.cz\/api\/wp\/v2\/comments?post=88200"}],"version-history":[{"count":1,"href":"https:\/\/www.praha7.cz\/api\/wp\/v2\/posts\/88200\/revisions"}],"predecessor-version":[{"id":88201,"href":"https:\/\/www.praha7.cz\/api\/wp\/v2\/posts\/88200\/revisions\/88201"}],"wp:featuredmedia":[{"embeddable":true,"href":"https:\/\/www.praha7.cz\/api\/wp\/v2\/media\/86365"}],"wp:attachment":[{"href":"https:\/\/www.praha7.cz\/api\/wp\/v2\/media?parent=88200"}],"wp:term":[{"taxonomy":"category","embeddable":true,"href":"https:\/\/www.praha7.cz\/api\/wp\/v2\/categories?post=88200"},{"taxonomy":"post_tag","embeddable":true,"href":"https:\/\/www.praha7.cz\/api\/wp\/v2\/tags?post=88200"}],"curies":[{"name":"wp","href":"https:\/\/api.w.org\/{rel}","templated":true}]}}