    
{"id":88167,"date":"2025-11-26T15:01:56","date_gmt":"2025-11-26T14:01:56","guid":{"rendered":"https:\/\/www.praha7.cz\/?p=88167"},"modified":"2025-12-11T17:16:44","modified_gmt":"2025-12-11T16:16:44","slug":"fzs-a-ms-u-studanky-ziskala-cenu-inspirace-svetove-skoly-za-rok-2025","status":"publish","type":"post","link":"https:\/\/www.praha7.cz\/fzs-a-ms-u-studanky-ziskala-cenu-inspirace-svetove-skoly-za-rok-2025\/","title":{"rendered":"FZ\u0160 a&nbsp;M\u0160 U&nbsp;Stud\u00e1nky z\u00edskala Cenu inspirace Sv\u011btov\u00e9 \u0161koly za rok 2025"},"content":{"rendered":"<p>[perex]<\/p>\r\n<p>Organizace \u010clov\u011bk v&nbsp;t\u00edsni, Adra a&nbsp;ARPOK ka\u017edoro\u010dn\u011b oce\u0148uj\u00ed \u0161koly za inspirativn\u00ed aktivity, projekty a&nbsp;ve\u0159ejn\u00e9 akce \u0161kol zapojen\u00e9 do programu Sv\u011btov\u00e1 \u0161kola. Letos z\u00edskala Cenu inspirace Sv\u011btov\u00e9 \u0161koly Fakultn\u00ed z\u00e1kladn\u00ed \u0161kola PedF UK a&nbsp;Mate\u0159sk\u00e1 \u0161kola U&nbsp;Stud\u00e1nky Praha&nbsp;7, Um\u011bleck\u00e1 8. Gratulujeme!<\/p>\r\n<p>[\/perex]<\/p>\r\n<p>V programu Sv\u011btov\u00e1 \u0161kola se \u017e\u00e1ci i&nbsp;u\u010ditel\u00e9 pravideln\u011b zaj\u00edmaj\u00ed o&nbsp;sv\u011btov\u00e9 d\u011bn\u00ed, glob\u00e1ln\u00ed t\u00e9mata a&nbsp;v\u00fdvoj v&nbsp;rozvojov\u00e9m sv\u011bt\u011b. Tato t\u00e9mata tak tvo\u0159\u00ed b\u011bhem \u0161koln\u00edho roku p\u0159irozenou sou\u010d\u00e1st v\u00fduky i&nbsp;\u017eivota \u0161koly, u\u010ditel\u00e9 se o&nbsp;t\u00e9matu opakovan\u011b vzd\u011bl\u00e1vaj\u00ed na semin\u00e1\u0159\u00edch a&nbsp;v&nbsp;dodan\u00fdch materi\u00e1lech. Jednou za rok pak \u0161koly po\u0159\u00e1daj\u00ed ve\u0159ejnou nebo \u0161koln\u00ed akci zam\u011b\u0159enou na snahu o&nbsp;\u0159e\u0161en\u00ed nebo zm\u00edrn\u011bn\u00ed vybran\u00e9ho probl\u00e9mu. \u0160est \u0161kol z&nbsp;cel\u00e9ho \u010ceska se z&nbsp;t\u00e9to ceny m\u016f\u017ee t\u011b\u0161it, a&nbsp;jednou z&nbsp;nich je i&nbsp;na\u0161e sedmi\u010dkov\u00e1 \u0161kola U&nbsp;Stud\u00e1nky.<\/p>\r\n<h4>Fakultn\u00ed z\u00e1kladn\u00ed \u0161kola PedF UK a&nbsp;Mate\u0159sk\u00e1 \u0161kola U&nbsp;Stud\u00e1nky Praha&nbsp;7, Um\u011bleck\u00e1 8<\/h4>\r\n<p>Jako fakultn\u00ed \u0161kola Pedagogick\u00e9 fakulty UK slou\u017e\u00ed tak\u00e9 pro praxi budouc\u00edch u\u010ditel\u016f a&nbsp;aktivn\u011b zapojuje celou \u0161koln\u00ed komunitu do glob\u00e1ln\u00edho vzd\u011bl\u00e1v\u00e1n\u00ed. Zam\u011b\u0159uje se na ekologii, udr\u017eitelnost a&nbsp;rozvoj multikulturn\u00edho prost\u0159ed\u00ed. \u0160kolu nav\u0161t\u011bvuje mnoho \u017e\u00e1k\u016f, jejich\u017e rodn\u00fdm jazykem nen\u00ed \u010de\u0161tina.<\/p>\r\n<p>Loni proto ve \u0161kole uspo\u0159\u00e1dali projektov\u00fd den \u201eV pohod\u011b do sv\u011bta\u201c, p\u0159i kter\u00e9m druhostup\u0148ov\u00e9 t\u0159\u00eddy p\u0159edstavily zem\u011b sv\u00fdch spolu\u017e\u00e1k\u016f: p\u0159ipravili prezentace, obr\u00e1zky, hry, uk\u00e1zky etikety i&nbsp;ochutn\u00e1vky tradi\u010dn\u00edch j\u00eddel. Pracovalo se ve v\u011bt\u0161in\u011b p\u0159edm\u011bt\u016f \u2014 v&nbsp;\u010de\u0161tin\u011b \u017e\u00e1ci objevovali spisovatele, v&nbsp;zem\u011bpise zaj\u00edmavosti jednotliv\u00fdch zem\u00ed, v&nbsp;matematice p\u0159epo\u010d\u00edt\u00e1vali ceny a&nbsp;v&nbsp;ob\u010dansk\u00e9 v\u00fdchov\u011b se v\u011bnovali politick\u00fdm syst\u00e9m\u016fm. Procestovali tak spole\u010dn\u011b cel\u00fd sv\u011bt. \u0160kola v&nbsp;r\u00e1mci sv\u00e9ho projektu podpo\u0159ila stavbu st\u0159edn\u00ed \u0161koly v&nbsp;Zambii, konkr\u00e9tn\u011b v&nbsp;obci Kashitu, kde je p\u0159\u00edstup ke vzd\u011bl\u00e1n\u00ed velmi omezen\u00fd.<\/p>\r\n<p><img loading=\"lazy\" src=\"https:\/\/www.praha7.cz\/wp-content\/uploads\/2025\/11\/Fakultni-zakladni-skola-PedF-UK-a-Materska-skola-U-Studanky-Praha-7-Umelecka-1500x1000.jpg\" alt=\"\" width=\"640\" height=\"427\" class=\"alignnone size-large wp-image-88169\" srcset=\"https:\/\/www.praha7.cz\/wp-content\/uploads\/2025\/11\/Fakultni-zakladni-skola-PedF-UK-a-Materska-skola-U-Studanky-Praha-7-Umelecka-1500x1000.jpg 1500w, https:\/\/www.praha7.cz\/wp-content\/uploads\/2025\/11\/Fakultni-zakladni-skola-PedF-UK-a-Materska-skola-U-Studanky-Praha-7-Umelecka-600x400.jpg 600w, https:\/\/www.praha7.cz\/wp-content\/uploads\/2025\/11\/Fakultni-zakladni-skola-PedF-UK-a-Materska-skola-U-Studanky-Praha-7-Umelecka-768x512.jpg 768w, https:\/\/www.praha7.cz\/wp-content\/uploads\/2025\/11\/Fakultni-zakladni-skola-PedF-UK-a-Materska-skola-U-Studanky-Praha-7-Umelecka-1536x1025.jpg 1536w, https:\/\/www.praha7.cz\/wp-content\/uploads\/2025\/11\/Fakultni-zakladni-skola-PedF-UK-a-Materska-skola-U-Studanky-Praha-7-Umelecka.jpg 2048w\" sizes=\"(max-width: 640px) 100vw, 640px\" \/><\/p>\r\n<hr \/>\r\n<p>Certifikovanou zna\u010dku <strong>Sv\u011btov\u00e1 \u0161kola<\/strong> dnes u\u017e\u00edv\u00e1 149 \u010desk\u00fdch mate\u0159sk\u00fdch, z\u00e1kladn\u00edch a&nbsp;st\u0159edn\u00edch \u0161kol a&nbsp;t\u00e9m\u011b\u0159 dv\u011b stovky dal\u0161\u00edch \u0161kol z&nbsp;Evropy. Program spole\u010dn\u011b vedou organizace \u010clov\u011bk v&nbsp;t\u00edsni, o.p.s., ARPOK a&nbsp;Adra. Podrobn\u011bj\u0161\u00ed informace o&nbsp;programu Sv\u011btov\u00e1 \u0161kola najdete <a href=\"https:\/\/www.svetovaskola.cz\/o-programu\/\" target=\"_blank\" rel=\"noopener\">zde<\/a>.<\/p>\r\n<p>Program Sv\u011btov\u00e1 \u0161kola je finan\u010dn\u011b podpo\u0159en z&nbsp;prost\u0159edk\u016f \u010cesk\u00e9 rozvojov\u00e9 agentury a&nbsp;Ministerstva zahrani\u010dn\u00edch v\u011bc\u00ed \u010cR v&nbsp;r\u00e1mci Programu zahrani\u010dn\u00ed rozvojov\u00e9 spolupr\u00e1ce \u010cR.<\/p>","protected":false},"excerpt":{"rendered":"[perex] Organizace \u010clov\u011bk v&nbsp;t\u00edsni, Adra a&nbsp;ARPOK ka\u017edoro\u010dn\u011b oce\u0148uj\u00ed \u0161koly za inspirativn\u00ed aktivity, projekty a&nbsp;ve\u0159ejn\u00e9 akce \u0161kol zapojen\u00e9 do programu Sv\u011btov\u00e1 \u0161kola. Letos z\u00edskala Cenu inspirace Sv\u011btov\u00e9 \u0161koly Fakultn\u00ed z\u00e1kladn\u00ed \u0161kola PedF UK a&nbsp;Mate\u0159sk\u00e1 \u0161kola U&nbsp;Stud\u00e1nky Praha&nbsp;7, Um\u011bleck\u00e1 8. Gratulujeme! [\/perex] V&nbsp;programu Sv\u011btov\u00e1 \u0161kola se \u017e\u00e1ci i&nbsp;u\u010ditel\u00e9 pravideln\u011b zaj\u00edmaj\u00ed o&nbsp;sv\u011btov\u00e9 d\u011bn\u00ed, glob\u00e1ln\u00ed t\u00e9mata a&nbsp;v\u00fdvoj v&nbsp;rozvojov\u00e9m [&hellip;]","protected":false},"author":251,"featured_media":88168,"comment_status":"closed","ping_status":"open","sticky":false,"template":"","format":"standard","meta":[],"categories":[34],"tags":[83],"_links":{"self":[{"href":"https:\/\/www.praha7.cz\/api\/wp\/v2\/posts\/88167"}],"collection":[{"href":"https:\/\/www.praha7.cz\/api\/wp\/v2\/posts"}],"about":[{"href":"https:\/\/www.praha7.cz\/api\/wp\/v2\/types\/post"}],"author":[{"embeddable":true,"href":"https:\/\/www.praha7.cz\/api\/wp\/v2\/users\/251"}],"replies":[{"embeddable":true,"href":"https:\/\/www.praha7.cz\/api\/wp\/v2\/comments?post=88167"}],"version-history":[{"count":1,"href":"https:\/\/www.praha7.cz\/api\/wp\/v2\/posts\/88167\/revisions"}],"predecessor-version":[{"id":88170,"href":"https:\/\/www.praha7.cz\/api\/wp\/v2\/posts\/88167\/revisions\/88170"}],"wp:featuredmedia":[{"embeddable":true,"href":"https:\/\/www.praha7.cz\/api\/wp\/v2\/media\/88168"}],"wp:attachment":[{"href":"https:\/\/www.praha7.cz\/api\/wp\/v2\/media?parent=88167"}],"wp:term":[{"taxonomy":"category","embeddable":true,"href":"https:\/\/www.praha7.cz\/api\/wp\/v2\/categories?post=88167"},{"taxonomy":"post_tag","embeddable":true,"href":"https:\/\/www.praha7.cz\/api\/wp\/v2\/tags?post=88167"}],"curies":[{"name":"wp","href":"https:\/\/api.w.org\/{rel}","templated":true}]}}