    
{"id":88145,"date":"2025-11-25T17:13:13","date_gmt":"2025-11-25T16:13:13","guid":{"rendered":"https:\/\/www.praha7.cz\/?p=88145"},"modified":"2025-11-25T17:14:28","modified_gmt":"2025-11-25T16:14:28","slug":"hlavni-mesto-spousti-kampan-pro-krizove-situace","status":"publish","type":"post","link":"https:\/\/www.praha7.cz\/hlavni-mesto-spousti-kampan-pro-krizove-situace\/","title":{"rendered":"Hlavn\u00ed m\u011bsto spou\u0161t\u00ed kampa\u0148 pro krizov\u00e9 situace"},"content":{"rendered":"<p>[perex]<\/p>\r\n<p>\u201eBu\u010f p\u0159ipraven, nebu\u010f p\u0159ekvapen!\u201c To je nov\u00fd slogan informa\u010dn\u00ed kampan\u011b, kterou spou\u0161t\u00ed hlavn\u00ed m\u011bsto. Jej\u00edm c\u00edlem je p\u0159ipravit ve\u0159ejnost na mimo\u0159\u00e1dn\u00e9 ud\u00e1losti a&nbsp;krizov\u00e9 stavy, kter\u00e9 mohou v&nbsp;Praze nastat. Kampa\u0148 poskytne praktick\u00e9 informace a&nbsp;n\u00e1vody, jak nap\u0159\u00edklad poskytnout prvn\u00ed pomoc, zabalit evakua\u010dn\u00ed zavazadlo, p\u0159e\u010dkat blackout a&nbsp;povodn\u011b nebo postup p\u0159i v\u00fdskytu aktivn\u00edho st\u0159elce.<\/p>\r\n<p>[\/perex]<\/p>\r\n<p><strong>\u201eBu\u010f p\u0159ipraven, nebu\u010f p\u0159ekvapen!\u201c<\/strong> To je nov\u00fd slogan informa\u010dn\u00ed kampan\u011b, kterou spou\u0161t\u00ed hlavn\u00ed m\u011bsto. Jej\u00edm c\u00edlem je p\u0159ipravit ve\u0159ejnost na mimo\u0159\u00e1dn\u00e9 ud\u00e1losti a&nbsp;krizov\u00e9 stavy, kter\u00e9 mohou v&nbsp;Praze nastat. Kampa\u0148 poskytne praktick\u00e9 informace a&nbsp;n\u00e1vody, jak nap\u0159\u00edklad poskytnout prvn\u00ed pomoc, zabalit evakua\u010dn\u00ed zavazadlo, p\u0159e\u010dkat blackout a&nbsp;povodn\u011b nebo postup p\u0159i v\u00fdskytu aktivn\u00edho st\u0159elce.<\/p>\r\n<p><em>\u201eNavazujeme na p\u0159\u00edru\u010dku 72 hodin vydanou Ministerstvem vnitra \u010cR a&nbsp;dopl\u0148ujeme ji o&nbsp;pra\u017esk\u00e1 specifika. Praha m\u00e1 metro, vysokou koncentraci lid\u00ed, velk\u00fd po\u010det zahrani\u010dn\u00edch n\u00e1v\u0161t\u011bvn\u00edk\u016f a&nbsp;dal\u0161\u00ed faktory, kter\u00e9 ji odli\u0161uj\u00ed od zbytku republiky. Proto jsme spustili speci\u00e1ln\u00ed informa\u010dn\u00ed kampa\u0148 ur\u010denou obyvatel\u016fm i&nbsp;n\u00e1v\u0161t\u011bvn\u00edk\u016fm metropole. Na jednom m\u00edst\u011b zde najdou v\u0161echny d\u016fle\u017eit\u00e9 informace o&nbsp;tom, jak se zachovat v&nbsp;mimo\u0159\u00e1dn\u00fdch situac\u00edch, kter\u00e9 mohou Prahu zas\u00e1hnout,\u201c<\/em> \u0159\u00edk\u00e1 prim\u00e1tor hl. m. Prahy Bohuslav Svoboda.<\/p>\r\n<p>Krom\u011b nov\u00e9ho webu nebudprekvapen.cz a&nbsp;vzd\u011bl\u00e1vac\u00ed podcastov\u00e9 s\u00e9rie se kampa\u0148 objev\u00ed tak\u00e9 na soci\u00e1ln\u00edch s\u00edt\u00edch, venkovn\u00edch reklamn\u00edch ploch\u00e1ch a&nbsp;v&nbsp;prost\u0159edc\u00edch ve\u0159ejn\u00e9 dopravy. Obyvatel\u00e9 z\u00edskaj\u00ed informace i&nbsp;prost\u0159ednictv\u00edm pap\u00edrov\u00fdch let\u00e1k\u016f, kter\u00e9 budou k&nbsp;dispozici na ve\u0159ejn\u00fdch m\u00edstech nebo p\u0159ilo\u017een\u00e9 k&nbsp;pravideln\u00fdm dopis\u016fm od m\u011bstsk\u00fdch firem, jako jsou nap\u0159\u00edklad PRE nebo Pra\u017esk\u00e1 plyn\u00e1rensk\u00e1. Smyslem kampan\u011b je poskytnout ob\u010dan\u016fm jednoduch\u00fd a&nbsp;srozumiteln\u00fd n\u00e1vod, jak postupovat v&nbsp;krizov\u00fdch situac\u00edch.<\/p>\r\n<p><em>\u201eKapacity z\u00e1chrann\u00fdch slo\u017eek se v&nbsp;prvn\u00edch okam\u017eic\u00edch krizov\u00e9 situace soust\u0159ed\u00ed na pomoc t\u011bm, kte\u0159\u00ed ji nejv\u00edce pot\u0159ebuj\u00ed. Proto je d\u016fle\u017eit\u00e9, aby zb\u00fdvaj\u00edc\u00ed obyvatelstvo p\u0159esn\u011b v\u011bd\u011blo, jak m\u00e1 v&nbsp;dan\u00e9 situaci postupovat, ne\u017e se k&nbsp;n\u011bmu p\u0159\u00edpadn\u00e1 pomoc dostane. P\u0159ipraven\u00e1 a&nbsp;informovan\u00e1 spole\u010dnost n\u00e1m usnad\u0148uje pr\u00e1ci a&nbsp;umo\u017e\u0148uje zam\u011b\u0159it na\u0161e s\u00edly tam, kde jsou nejv\u00edce pot\u0159eba,\u201c<\/em> vysv\u011btluje ke kampani \u0159editel Hasi\u010dsk\u00e9ho z\u00e1chrann\u00e9ho sboru hl. m. Prahy Lud\u011bk Prudil. Hlavn\u00ed m\u011bsto Praha na t\u00e9to kampani spolupracuje se v\u0161emi slo\u017ekami Integrovan\u00e9ho z\u00e1chrann\u00e9ho syst\u00e9mu. Vyu\u017e\u00edv\u00e1 jejich zku\u0161enost\u00ed i&nbsp;expert\u00edz.<\/p>\r\n<p>Moder\u00e1torem podcastu \u201eNebu\u010f p\u0159ekvapen\u201c, kter\u00fd je dostupn\u00fd na v\u0161ech hlavn\u00edch podcastov\u00fdch platform\u00e1ch, je komunika\u010dn\u00ed expert a&nbsp;ambasador kampan\u011b Jan Luka\u010devi\u010d. <em>\u201eC\u00edlem na\u0161\u00ed kampan\u011b je ob\u010dan\u016fm metropole roz\u0161i\u0159ovat p\u0159edstavivost o&nbsp;tom, co se m\u016f\u017ee st\u00e1t a&nbsp;jak\u00e9 m\u00e1 ka\u017ed\u00fd z&nbsp;n\u00e1\u0161 mo\u017enosti situaci zvl\u00e1dnout. Chceme je interaktivn\u00ed a&nbsp;modern\u00ed formou vzd\u011bl\u00e1vat a&nbsp;informovat. Informovan\u00e1\u00a0a p\u0159ipraven\u00e1 spole\u010dnost, kde lid\u00e9 mysl\u00ed na ostatn\u00ed, je odoln\u011bj\u0161\u00ed v\u016f\u010di v\u0161em typ\u016fm krizov\u00fdch situac\u00ed,\u201c<\/em> dod\u00e1v\u00e1 k&nbsp;nov\u00e9 kampani. V&nbsp;jednotliv\u00fdch d\u00edlech podcastu se sv\u00fdmi hosty rozeb\u00edr\u00e1 t\u00e9mata jako vyhled\u00e1v\u00e1n\u00ed informac\u00ed v&nbsp;krizov\u00fdch situac\u00edch, blackout, prvn\u00ed pomoc, aktivn\u00ed st\u0159elec, povodn\u011b a&nbsp;p\u0159\u00edprava evakua\u010dn\u00edho zavazadla.<\/p>\r\n<p>&nbsp;<\/p>\r\n<p><strong>Ve\u0161ker\u00e9 informace jsou k\u00a0dispozici na: <a href=\"https:\/\/praha.eu\/web\/mhmp-bezpecnost\" target=\"_blank\" rel=\"noopener\">nebudprekvapen.cz<\/a><\/strong><br \/>\r\n\u00a0<\/p>\r\n<p><strong>Podcasty jsou dostupn\u00e9 na:<\/strong><\/p>\r\n<p>Spotify: <a href=\"https:\/\/open.spotify.com\/show\/01CTxg1zsxuiER8vA1TzLr\" target=\"_blank\" rel=\"noopener\">zde<\/a><\/p>\r\n<p>YouTube: <a href=\"https:\/\/www.youtube.com\/watch?v=dKL6myN-8iU\" target=\"_blank\" rel=\"noopener\">zde<\/a><\/p>","protected":false},"excerpt":{"rendered":"[perex] \u201eBu\u010f p\u0159ipraven, nebu\u010f p\u0159ekvapen!\u201c To je nov\u00fd slogan informa\u010dn\u00ed kampan\u011b, kterou spou\u0161t\u00ed hlavn\u00ed m\u011bsto. Jej\u00edm c\u00edlem je p\u0159ipravit ve\u0159ejnost na mimo\u0159\u00e1dn\u00e9 ud\u00e1losti a&nbsp;krizov\u00e9 stavy, kter\u00e9 mohou v&nbsp;Praze nastat. Kampa\u0148 poskytne praktick\u00e9 informace a&nbsp;n\u00e1vody, jak nap\u0159\u00edklad poskytnout prvn\u00ed pomoc, zabalit evakua\u010dn\u00ed zavazadlo, p\u0159e\u010dkat blackout a&nbsp;povodn\u011b nebo postup p\u0159i v\u00fdskytu aktivn\u00edho st\u0159elce. [\/perex] \u201eBu\u010f p\u0159ipraven, nebu\u010f [&hellip;]","protected":false},"author":5,"featured_media":88146,"comment_status":"closed","ping_status":"open","sticky":false,"template":"","format":"standard","meta":[],"categories":[34],"tags":[99],"_links":{"self":[{"href":"https:\/\/www.praha7.cz\/api\/wp\/v2\/posts\/88145"}],"collection":[{"href":"https:\/\/www.praha7.cz\/api\/wp\/v2\/posts"}],"about":[{"href":"https:\/\/www.praha7.cz\/api\/wp\/v2\/types\/post"}],"author":[{"embeddable":true,"href":"https:\/\/www.praha7.cz\/api\/wp\/v2\/users\/5"}],"replies":[{"embeddable":true,"href":"https:\/\/www.praha7.cz\/api\/wp\/v2\/comments?post=88145"}],"version-history":[{"count":4,"href":"https:\/\/www.praha7.cz\/api\/wp\/v2\/posts\/88145\/revisions"}],"predecessor-version":[{"id":88150,"href":"https:\/\/www.praha7.cz\/api\/wp\/v2\/posts\/88145\/revisions\/88150"}],"wp:featuredmedia":[{"embeddable":true,"href":"https:\/\/www.praha7.cz\/api\/wp\/v2\/media\/88146"}],"wp:attachment":[{"href":"https:\/\/www.praha7.cz\/api\/wp\/v2\/media?parent=88145"}],"wp:term":[{"taxonomy":"category","embeddable":true,"href":"https:\/\/www.praha7.cz\/api\/wp\/v2\/categories?post=88145"},{"taxonomy":"post_tag","embeddable":true,"href":"https:\/\/www.praha7.cz\/api\/wp\/v2\/tags?post=88145"}],"curies":[{"name":"wp","href":"https:\/\/api.w.org\/{rel}","templated":true}]}}