    
{"id":88070,"date":"2025-11-21T16:58:11","date_gmt":"2025-11-21T15:58:11","guid":{"rendered":"https:\/\/www.praha7.cz\/?p=88070"},"modified":"2025-11-21T17:01:44","modified_gmt":"2025-11-21T16:01:44","slug":"praha-prijala-studii-ktera-umozni-promenu-nabrezi-u-stromovky","status":"publish","type":"post","link":"https:\/\/www.praha7.cz\/praha-prijala-studii-ktera-umozni-promenu-nabrezi-u-stromovky\/","title":{"rendered":"Praha p\u0159ijala studii, kter\u00e1 umo\u017en\u00ed prom\u011bnu  n\u00e1b\u0159e\u017e\u00ed u&nbsp;Stromovky"},"content":{"rendered":"<p>[perex]<\/p>\r\n<p>Revitalizace pra\u017esk\u00fdch b\u0159eh\u016f m\u016f\u017ee postoupit do dal\u0161\u00ed f\u00e1ze. Radn\u00ed hl. m. Prahy v\u00a0pond\u011bl\u00ed projednali studii, kter\u00e1 m\u00e1 za c\u00edl zlep\u0161ov\u00e1n\u00ed prostupnosti a&nbsp;dostupnosti \u0159eky ve m\u011bst\u011b a&nbsp;revitalizaci krajiny. Konkr\u00e9tn\u011b se m\u00e1 prom\u011bnit n\u00e1b\u0159e\u017e\u00ed Stromovky pod\u00e9l plavebn\u00edho kan\u00e1lu, tedy \u00fasek od Trojsk\u00e9ho mostu a\u017e k&nbsp;mal\u00e9 \u0159\u00ed\u010dce ve Stromovce u&nbsp;tenisov\u00fdch kurt\u016f.<\/p>\r\n<p>[\/perex]<\/p>\r\n<p><em>\u201eTrojsk\u00e1 kotlina je jednou z&nbsp;nejv\u00fdznamn\u011bj\u0161\u00edch pra\u017esk\u00fdch rekrea\u010dn\u00edch oblast\u00ed, ale tak\u00e9 kl\u00ed\u010dov\u00fdm m\u00edstem pro technick\u00e9 z\u00e1zem\u00ed m\u011bsta. V&nbsp;m\u00edst\u011b budeme muset zkoordinovat protipovod\u0148ov\u00e1 opat\u0159en\u00ed nebo nap\u0159\u00edklad energocentrum pro z\u00e1sobov\u00e1n\u00ed Bubn\u016f teplem. To v\u0161e mus\u00ed b\u00fdt v&nbsp;m\u00edst\u011b \u0159e\u0161eno tak, aby nebyla naru\u0161ena kvalita t\u00e9to rekrea\u010dn\u00ed lokality,\u201d<\/em> vysv\u011btluje Petr Hlav\u00e1\u010dek, n\u00e1m\u011bstek prim\u00e1tora hl. m. Prahy pro oblast \u00fazemn\u00edho a&nbsp;strategick\u00e9ho rozvoje.<\/p>\r\n<p><em>\u201eC\u00edlem revitalizace je zatraktivnit tuto \u010d\u00e1st Stromovky a&nbsp;odleh\u010dit tak turisticky vyt\u00ed\u017een\u00e9 \u010d\u00e1sti parku. Vykoup\u00edme tak\u00e9 pozemky pro roz\u0161\u00ed\u0159en\u00ed existuj\u00edc\u00ed cyklostezky a&nbsp;zv\u00fd\u0161\u00edme tak komfort pro p\u011b\u0161\u00ed i&nbsp;cyklisty,\u201d<\/em> \u0159\u00edk\u00e1 Adam Z\u00e1bransk\u00fd, radn\u00ed hl. m. Prahy pro oblast majetku, transparentnosti a&nbsp;legislativy.<\/p>\r\n<p>Jedn\u00e1 se o&nbsp;dal\u0161\u00ed krok napl\u0148ov\u00e1n\u00ed Koncepce Pra\u017esk\u00fdch b\u0159eh\u016f a&nbsp;Koncepce C\u00edsa\u0159sk\u00e9ho ostrova a&nbsp;okol\u00ed. V&nbsp;oblasti se konaly i&nbsp;participa\u010dn\u00ed proch\u00e1zky s&nbsp;ve\u0159ejnost\u00ed, kter\u00e1 se tak mohla k&nbsp;budouc\u00ed podob\u011b vyj\u00e1d\u0159it. Praha nyn\u00ed p\u0159istupuje k&nbsp;dal\u0161\u00edmu kroku, kter\u00fdm je zaji\u0161t\u011bn\u00ed projektov\u00e9 dokumentace a&nbsp;stavebn\u00edho povolen\u00ed, zejm\u00e9na v&nbsp;souvislosti s&nbsp;pl\u00e1novanou v\u00fdstavbou teplovodu pr\u00e1v\u011b pod samotn\u00fdm n\u00e1b\u0159e\u017e\u00edm.<\/p>\r\n<p><img loading=\"lazy\" src=\"https:\/\/www.praha7.cz\/wp-content\/uploads\/2025\/11\/Stezka-nabrezi-vizualizace-1500x844.jpg\" alt=\"\" width=\"640\" height=\"360\" class=\"alignnone size-large wp-image-88073\" srcset=\"https:\/\/www.praha7.cz\/wp-content\/uploads\/2025\/11\/Stezka-nabrezi-vizualizace-1500x844.jpg 1500w, https:\/\/www.praha7.cz\/wp-content\/uploads\/2025\/11\/Stezka-nabrezi-vizualizace-600x338.jpg 600w, https:\/\/www.praha7.cz\/wp-content\/uploads\/2025\/11\/Stezka-nabrezi-vizualizace-768x432.jpg 768w, https:\/\/www.praha7.cz\/wp-content\/uploads\/2025\/11\/Stezka-nabrezi-vizualizace-1536x864.jpg 1536w, https:\/\/www.praha7.cz\/wp-content\/uploads\/2025\/11\/Stezka-nabrezi-vizualizace-2048x1152.jpg 2048w\" sizes=\"(max-width: 640px) 100vw, 640px\" \/><\/p>\r\n<p><em>\u201eProstor se celkov\u011b prom\u011bn\u00ed, z&nbsp;technick\u00e9 komunikace se stane \u0161irok\u00e1 promen\u00e1da, zpomal\u00ed se doprava a&nbsp;vznikne dostatek prostoru pro p\u011b\u0161\u00ed i&nbsp;cyklisty. Pl\u00e1novan\u00e9 jsou nov\u00e9 p\u0159\u00edstupy k&nbsp;vod\u011b i&nbsp;pobytov\u00e9 prostory,\u201d<\/em> popisuje Ond\u0159ej Boh\u00e1\u010d, \u0159editel Institutu pl\u00e1nov\u00e1n\u00ed a&nbsp;rozvoje hl. m. Prahy (IPR).<\/p>\r\n<p>IPR p\u0159ipravil koncep\u010dn\u00ed studii navazuj\u00edc\u00ed \u010d\u00e1sti n\u00e1b\u0159e\u017e\u00ed a\u017e do Podbaby k&nbsp;V\u00fdzkumn\u00e9mu \u00fastavu vodohospod\u00e1\u0159sk\u00e9mu T. G. Masaryka. M\u00edsto \u00fazk\u00e9 p\u011b\u0161inky vznikne \u010dty\u0159metrov\u00e1 cyklostezka a&nbsp;dvoumetrov\u00fd mlatov\u00fd p\u00e1s, nov\u00e1 pobytov\u00e1 m\u00edsta, h\u0159i\u0161t\u011b a&nbsp;p\u0159\u00edstupy k&nbsp;vod\u011b i&nbsp;p\u0159\u00edstavi\u0161t\u011b pro uva\u017eovanou vodn\u00ed linku. Definitivn\u00ed rozhodnut\u00ed o&nbsp;realizaci teplovodu \u010dek\u00e1 na dokon\u010den\u00ed a&nbsp;schv\u00e1len\u00ed komplexn\u00ed celom\u011bstsk\u00e9 studie tepl\u00e1renstv\u00ed hl. m. Prahy v&nbsp;roce 2027.\u00a0<\/p>\r\n<p>V leto\u0161n\u00edm roce \u0158editelstv\u00ed vodn\u00edch cest \u010cR s&nbsp;Prahou vybrali v\u00edt\u011bzn\u00fd architektonick\u00fd n\u00e1vrh na zvednut\u00ed mostu pro zaji\u0161t\u011bn\u00ed dostate\u010dn\u00e9 plavebn\u00ed v\u00fd\u0161ky. Upraveno bude ale cel\u00e9 okol\u00ed mostu s&nbsp;nov\u00fdm p\u0159\u00edstavi\u0161t\u011bm na C\u00edsa\u0159sk\u00e9m ostrov\u011b, komfortn\u00edmi schody do Stromovky nebo z\u00e1zem\u00edm s&nbsp;ve\u0159ejn\u00fdmi toaletami a&nbsp;ob\u010derstven\u00edm.<\/p>","protected":false},"excerpt":{"rendered":"[perex] Revitalizace pra\u017esk\u00fdch b\u0159eh\u016f m\u016f\u017ee postoupit do dal\u0161\u00ed f\u00e1ze. Radn\u00ed hl. m. Prahy v\u00a0pond\u011bl\u00ed projednali studii, kter\u00e1 m\u00e1 za c\u00edl zlep\u0161ov\u00e1n\u00ed prostupnosti a&nbsp;dostupnosti \u0159eky ve m\u011bst\u011b a&nbsp;revitalizaci krajiny. Konkr\u00e9tn\u011b se m\u00e1 prom\u011bnit n\u00e1b\u0159e\u017e\u00ed Stromovky pod\u00e9l plavebn\u00edho kan\u00e1lu, tedy \u00fasek od Trojsk\u00e9ho mostu a\u017e k&nbsp;mal\u00e9 \u0159\u00ed\u010dce ve Stromovce u&nbsp;tenisov\u00fdch kurt\u016f. [\/perex] \u201eTrojsk\u00e1 kotlina je jednou z&nbsp;nejv\u00fdznamn\u011bj\u0161\u00edch [&hellip;]","protected":false},"author":5,"featured_media":88071,"comment_status":"closed","ping_status":"open","sticky":false,"template":"","format":"standard","meta":[],"categories":[34],"tags":[144,124],"_links":{"self":[{"href":"https:\/\/www.praha7.cz\/api\/wp\/v2\/posts\/88070"}],"collection":[{"href":"https:\/\/www.praha7.cz\/api\/wp\/v2\/posts"}],"about":[{"href":"https:\/\/www.praha7.cz\/api\/wp\/v2\/types\/post"}],"author":[{"embeddable":true,"href":"https:\/\/www.praha7.cz\/api\/wp\/v2\/users\/5"}],"replies":[{"embeddable":true,"href":"https:\/\/www.praha7.cz\/api\/wp\/v2\/comments?post=88070"}],"version-history":[{"count":3,"href":"https:\/\/www.praha7.cz\/api\/wp\/v2\/posts\/88070\/revisions"}],"predecessor-version":[{"id":88075,"href":"https:\/\/www.praha7.cz\/api\/wp\/v2\/posts\/88070\/revisions\/88075"}],"wp:featuredmedia":[{"embeddable":true,"href":"https:\/\/www.praha7.cz\/api\/wp\/v2\/media\/88071"}],"wp:attachment":[{"href":"https:\/\/www.praha7.cz\/api\/wp\/v2\/media?parent=88070"}],"wp:term":[{"taxonomy":"category","embeddable":true,"href":"https:\/\/www.praha7.cz\/api\/wp\/v2\/categories?post=88070"},{"taxonomy":"post_tag","embeddable":true,"href":"https:\/\/www.praha7.cz\/api\/wp\/v2\/tags?post=88070"}],"curies":[{"name":"wp","href":"https:\/\/api.w.org\/{rel}","templated":true}]}}