    
{"id":88041,"date":"2025-11-21T13:31:05","date_gmt":"2025-11-21T12:31:05","guid":{"rendered":"https:\/\/www.praha7.cz\/?p=88041"},"modified":"2025-11-26T14:48:53","modified_gmt":"2025-11-26T13:48:53","slug":"uciteling-25","status":"publish","type":"post","link":"https:\/\/www.praha7.cz\/uciteling-25\/","title":{"rendered":"U\u010ditel\u00e9 a&nbsp;\u0159editel\u00e9 v&nbsp;rol\u00edch \u017e\u00e1k\u016f"},"content":{"rendered":"<p>[perex]<\/p>\r\n<p>Praha&nbsp;7 host\u00ed v\u00a0p\u00e1tek 21.&nbsp;listopadu 2025 jeden z\u00a0nejkvalitn\u011bj\u0161\u00edch vzd\u011bl\u00e1vac\u00edch program\u016f pro pedagogy U\u010diteling. Inspirativn\u00ed setk\u00e1n\u00ed zam\u011b\u0159en\u00e9 na rozvoj pedagogick\u00fdch dovednost\u00ed u\u010ditel\u016f se kon\u00e1 ve FZ\u0160 Um\u011bleck\u00e1. Celodenn\u00ed workshopy p\u0159ipravuj\u00ed v\u00edt\u011bzov\u00e9 a&nbsp;finalist\u00e9 uplynul\u00fdch ro\u010dn\u00edk\u016f Global Teacher Prize Czech Republic.<\/p>\r\n<p>U\u010ditel\u00e9 z&nbsp;cel\u00e9 republiky se v&nbsp;rol\u00edch \u017e\u00e1k\u016f seznamuj\u00ed s&nbsp;pedagogikou inspirativn\u00edch koleg\u016f, aktu\u00e1ln\u00edmi trendy a&nbsp;osv\u011bd\u010den\u00fdmi metodami v\u00fduky, kter\u00e9 mohou zu\u017eitkovat ve sv\u00fdch hodin\u00e1ch. Sou\u010d\u00e1st\u00ed akce je i&nbsp;\u0158editeling, paraleln\u00ed program pro \u0159editele \u0161kol.<\/p>\r\n<p>Organiz\u00e1torem je GetThePoint ve spolupr\u00e1ci s&nbsp;Akademi\u00ed Libchavy a&nbsp;za podpory U\u010ditelsk\u00e9 platformy. Praha&nbsp;7 je partnerem akce a&nbsp;podporuje tak\u00e9 \u00fa\u010dast u\u010ditel\u016f a&nbsp;\u0159editel\u016f ze Sedmi\u010dky.<\/p>\r\n<p>D\u011bkujeme v\u0161em z&nbsp;FZ\u0160 Um\u011bleck\u00e1 za to, \u017ee se ujali role sv\u011bdomit\u00fdch hostel\u016f. \u00a0<\/p>\r\n<p>[\/perex]<\/p>\r\n<p>Koncept U\u010ditelingu navazuje na cenu pro inspirativn\u00ed pedagogy Global Teacher Prize Czech Republic a&nbsp;pedagog\u016fm nab\u00edz\u00ed prostor pro sd\u00edlen\u00ed, p\u0159em\u00fd\u0161len\u00ed o&nbsp;dopadech a&nbsp;smyslu vlastn\u00ed pr\u00e1ce a&nbsp;hled\u00e1n\u00ed nov\u00fdch cest k&nbsp;podpo\u0159e u\u010den\u00ed ka\u017ed\u00e9ho \u017e\u00e1ka.<\/p>\r\n<p><em>\u201eUkazuje se, \u017ee funk\u010dn\u00ed cestou ke zv\u00fd\u0161en\u00ed kvality v\u00fduky je propojov\u00e1n\u00ed u\u010ditel\u016f, kte\u0159\u00ed se cht\u011bj\u00ed vz\u00e1jemn\u011b inspirovat a&nbsp;p\u0159ed\u00e1vat sv\u00e9 zku\u0161enosti d\u00e1l,\u201c<\/em> popisuje mana\u017eerka ceny GTP CZ a&nbsp;U\u010ditelingu Hana Matou\u0161\u016f.\u00a0<\/p>\r\n<p><img loading=\"lazy\" src=\"https:\/\/www.praha7.cz\/wp-content\/uploads\/2025\/11\/aula_organizatorky-1500x877.jpg\" alt=\"\" width=\"640\" height=\"374\" class=\"alignnone size-large wp-image-88044\" srcset=\"https:\/\/www.praha7.cz\/wp-content\/uploads\/2025\/11\/aula_organizatorky-1500x877.jpg 1500w, https:\/\/www.praha7.cz\/wp-content\/uploads\/2025\/11\/aula_organizatorky-600x351.jpg 600w, https:\/\/www.praha7.cz\/wp-content\/uploads\/2025\/11\/aula_organizatorky-768x449.jpg 768w, https:\/\/www.praha7.cz\/wp-content\/uploads\/2025\/11\/aula_organizatorky-1536x899.jpg 1536w, https:\/\/www.praha7.cz\/wp-content\/uploads\/2025\/11\/aula_organizatorky-2048x1198.jpg 2048w\" sizes=\"(max-width: 640px) 100vw, 640px\" \/><\/p>\r\n<p>\u00a0V Praze workshopy p\u0159ipravuj\u00ed v\u00edt\u011bzov\u00e9 a&nbsp;finalist\u00e9 uplynul\u00fdch ro\u010dn\u00edk\u016f GTP CZ \u2013 Daniel Pra\u017e\u00e1k (z&nbsp;Prahy&nbsp;7), Alexis Katakalidis, Tereza V\u00edtkov\u00e1, Eva Mat\u011bjkov\u00e1 nebo Kate\u0159ina C\u00edrov\u00e1. Kompletn\u00ed program si m\u016f\u017eete prohl\u00e9dnout <a href=\"https:\/\/uciteling.cz\/udalost\/praha-uciteling-2025\/program\" target=\"_blank\" rel=\"noopener\">zde<\/a>. Mezi t\u00e9mata pat\u0159\u00ed rozvoj vizu\u00e1ln\u00ed gramotnosti, badatelstv\u00ed a&nbsp;udr\u017eitelnost, \u010dten\u00e1\u0159stv\u00ed nebo jak ot\u00e1zkami zapojit v\u00edce \u017e\u00e1k\u016f a&nbsp;prohloubit jejich p\u0159em\u00fd\u0161len\u00ed.<\/p>\r\n<p><img loading=\"lazy\" src=\"https:\/\/www.praha7.cz\/wp-content\/uploads\/2025\/11\/trida_Eva-Matejkova-1500x844.jpg\" alt=\"\" width=\"640\" height=\"360\" class=\"alignnone size-large wp-image-88042\" srcset=\"https:\/\/www.praha7.cz\/wp-content\/uploads\/2025\/11\/trida_Eva-Matejkova-1500x844.jpg 1500w, https:\/\/www.praha7.cz\/wp-content\/uploads\/2025\/11\/trida_Eva-Matejkova-600x338.jpg 600w, https:\/\/www.praha7.cz\/wp-content\/uploads\/2025\/11\/trida_Eva-Matejkova-768x432.jpg 768w, https:\/\/www.praha7.cz\/wp-content\/uploads\/2025\/11\/trida_Eva-Matejkova-1536x864.jpg 1536w, https:\/\/www.praha7.cz\/wp-content\/uploads\/2025\/11\/trida_Eva-Matejkova-2048x1152.jpg 2048w\" sizes=\"(max-width: 640px) 100vw, 640px\" \/><\/p>\r\n<p><em>\u00a0\u201e\u00da\u010dastn\u00edci nahl\u00e9dnou do hodin jednotliv\u00fdch lektor\u016f. Ti v&nbsp;nich sd\u00edl\u00ed praktick\u00e9 uk\u00e1zky, jak v&nbsp;hodin\u00e1ch do praxe prom\u011b\u0148uj\u00ed c\u00edle a&nbsp;opat\u0159en\u00ed Strategie 2030+ se zam\u011b\u0159en\u00edm na kvalitu pedagogick\u00e9 pr\u00e1ce ka\u017ed\u00e9ho u\u010ditele,\u201d<\/em> popisuje Hana Matou\u0161\u016f. V\u016fbec poprv\u00e9 se lekto\u0159i v&nbsp;r\u00e1mci sv\u00fdch workshop\u016f zam\u011b\u0159\u00ed na praktickou podporu zav\u00e1d\u011bn\u00ed Kompeten\u010dn\u00edho r\u00e1mce absolventa u\u010ditelstv\u00ed do pedagogick\u00e9 praxe.\u00a0<\/p>\r\n<p><img loading=\"lazy\" src=\"https:\/\/www.praha7.cz\/wp-content\/uploads\/2025\/11\/trida_celkovy-pohled-1500x844.jpg\" alt=\"\" width=\"640\" height=\"360\" class=\"alignnone size-large wp-image-88048\" srcset=\"https:\/\/www.praha7.cz\/wp-content\/uploads\/2025\/11\/trida_celkovy-pohled-1500x844.jpg 1500w, https:\/\/www.praha7.cz\/wp-content\/uploads\/2025\/11\/trida_celkovy-pohled-600x338.jpg 600w, https:\/\/www.praha7.cz\/wp-content\/uploads\/2025\/11\/trida_celkovy-pohled-768x432.jpg 768w, https:\/\/www.praha7.cz\/wp-content\/uploads\/2025\/11\/trida_celkovy-pohled-1536x864.jpg 1536w, https:\/\/www.praha7.cz\/wp-content\/uploads\/2025\/11\/trida_celkovy-pohled-2048x1152.jpg 2048w\" sizes=\"(max-width: 640px) 100vw, 640px\" \/><\/p>\r\n<p>Sou\u010d\u00e1st\u00ed programu je i&nbsp;\u0158editeling, paraleln\u00ed program pro \u0159editele \u0161kol, kter\u00fd je zam\u011b\u0159en\u00fd na tvorbu vize \u0161koly. Program najdete <a href=\"https:\/\/uciteling.cz\/udalost\/praha-rediteling-2025\" target=\"_blank\" rel=\"noopener\">zde<\/a>.<\/p>","protected":false},"excerpt":{"rendered":"[perex] Praha&nbsp;7 host\u00ed v\u00a0p\u00e1tek 21.&nbsp;listopadu 2025 jeden z\u00a0nejkvalitn\u011bj\u0161\u00edch vzd\u011bl\u00e1vac\u00edch program\u016f pro pedagogy U\u010diteling. Inspirativn\u00ed setk\u00e1n\u00ed zam\u011b\u0159en\u00e9 na rozvoj pedagogick\u00fdch dovednost\u00ed u\u010ditel\u016f se kon\u00e1 ve FZ\u0160 Um\u011bleck\u00e1. Celodenn\u00ed workshopy p\u0159ipravuj\u00ed v\u00edt\u011bzov\u00e9 a&nbsp;finalist\u00e9 uplynul\u00fdch ro\u010dn\u00edk\u016f Global Teacher Prize Czech Republic. U\u010ditel\u00e9 z&nbsp;cel\u00e9 republiky se v&nbsp;rol\u00edch \u017e\u00e1k\u016f seznamuj\u00ed s&nbsp;pedagogikou inspirativn\u00edch koleg\u016f, aktu\u00e1ln\u00edmi trendy a&nbsp;osv\u011bd\u010den\u00fdmi metodami v\u00fduky, kter\u00e9 mohou [&hellip;]","protected":false},"author":5,"featured_media":88047,"comment_status":"closed","ping_status":"open","sticky":false,"template":"","format":"standard","meta":[],"categories":[34],"tags":[83],"_links":{"self":[{"href":"https:\/\/www.praha7.cz\/api\/wp\/v2\/posts\/88041"}],"collection":[{"href":"https:\/\/www.praha7.cz\/api\/wp\/v2\/posts"}],"about":[{"href":"https:\/\/www.praha7.cz\/api\/wp\/v2\/types\/post"}],"author":[{"embeddable":true,"href":"https:\/\/www.praha7.cz\/api\/wp\/v2\/users\/5"}],"replies":[{"embeddable":true,"href":"https:\/\/www.praha7.cz\/api\/wp\/v2\/comments?post=88041"}],"version-history":[{"count":4,"href":"https:\/\/www.praha7.cz\/api\/wp\/v2\/posts\/88041\/revisions"}],"predecessor-version":[{"id":88054,"href":"https:\/\/www.praha7.cz\/api\/wp\/v2\/posts\/88041\/revisions\/88054"}],"wp:featuredmedia":[{"embeddable":true,"href":"https:\/\/www.praha7.cz\/api\/wp\/v2\/media\/88047"}],"wp:attachment":[{"href":"https:\/\/www.praha7.cz\/api\/wp\/v2\/media?parent=88041"}],"wp:term":[{"taxonomy":"category","embeddable":true,"href":"https:\/\/www.praha7.cz\/api\/wp\/v2\/categories?post=88041"},{"taxonomy":"post_tag","embeddable":true,"href":"https:\/\/www.praha7.cz\/api\/wp\/v2\/tags?post=88041"}],"curies":[{"name":"wp","href":"https:\/\/api.w.org\/{rel}","templated":true}]}}