    
{"id":88017,"date":"2025-11-19T17:55:14","date_gmt":"2025-11-19T16:55:14","guid":{"rendered":"https:\/\/www.praha7.cz\/?p=88017"},"modified":"2025-11-25T16:24:58","modified_gmt":"2025-11-25T15:24:58","slug":"rekonstrukce-zazemi-dopravniho-hriste-na-vysinach","status":"publish","type":"post","link":"https:\/\/www.praha7.cz\/rekonstrukce-zazemi-dopravniho-hriste-na-vysinach\/","title":{"rendered":"Rekonstrukce z\u00e1zem\u00ed dopravn\u00edho h\u0159i\u0161t\u011b Na V\u00fd\u0161in\u00e1ch"},"content":{"rendered":"<p>[perex]<\/p>\r\n<p>Na dopravn\u00edm h\u0159i\u0161ti na V\u00fd\u0161in\u00e1ch budou v\u00a0pr\u016fb\u011bhu zimn\u00edho obdob\u00ed prob\u00edhat stavebn\u00ed \u00fapravy toalet a&nbsp;z\u00e1zem\u00ed pro p\u016fj\u010dov\u00e1n\u00ed vybaven\u00ed. Pr\u00e1ce budou zah\u00e1jeny 19.&nbsp;listopadu 2025 a&nbsp;budou prob\u00edhat p\u0159ibli\u017en\u011b do konce b\u0159ezna 2026. V\u00a0pr\u016fb\u011bhu realizace stavby z\u016fst\u00e1v\u00e1 h\u0159i\u0161t\u011b v\u00a0provozu, uzav\u0159en je v\u0161ak vstup z\u00a0ulice Na V\u00fd\u0161in\u00e1ch. H\u0159i\u0161t\u011b je p\u0159\u00edstupn\u00e9 vchodem z\u00a0ulice U&nbsp;Letensk\u00e9 vod\u00e1rny.<\/p>\r\n<p>[\/perex]<\/p>\r\n<p>V\u00a0r\u00e1mci stavebn\u00edch \u00faprav vznikne v\u00a0z\u00e1zem\u00ed h\u0159i\u0161t\u011b bezbari\u00e9rov\u00e9 WC s\u00a0p\u0159ebalovac\u00edm pultem. Zbudov\u00e1n zde bude nov\u00fd prostor pro p\u016fj\u010dov\u00e1n\u00ed kol, motok\u00e1r a&nbsp;kolob\u011b\u017eek.<\/p>\r\n<p>V obdob\u00ed listopad\u2013b\u0159ezen je h\u0159i\u0161t\u011b otev\u0159en\u00e9 v&nbsp;\u010dase 9.00\u201318.00. Toalety a&nbsp;p\u016fj\u010dovna vybaven\u00ed jsou v&nbsp;tomto obdob\u00ed zav\u0159en\u00e9.<\/p>\r\n<p><em>D\u011bkujeme za pochopen\u00ed a&nbsp;omlouv\u00e1me se za p\u0159\u00edpadn\u00e9 nepohodl\u00ed b\u011bhem realizace stavebn\u00edch prac\u00ed.<\/em><\/p>","protected":false},"excerpt":{"rendered":"[perex] Na dopravn\u00edm h\u0159i\u0161ti na V\u00fd\u0161in\u00e1ch budou v\u00a0pr\u016fb\u011bhu zimn\u00edho obdob\u00ed prob\u00edhat stavebn\u00ed \u00fapravy toalet a&nbsp;z\u00e1zem\u00ed pro p\u016fj\u010dov\u00e1n\u00ed vybaven\u00ed. Pr\u00e1ce budou zah\u00e1jeny 19.&nbsp;listopadu 2025 a&nbsp;budou prob\u00edhat p\u0159ibli\u017en\u011b do konce b\u0159ezna 2026. V\u00a0pr\u016fb\u011bhu realizace stavby z\u016fst\u00e1v\u00e1 h\u0159i\u0161t\u011b v\u00a0provozu, uzav\u0159en je v\u0161ak vstup z\u00a0ulice Na V\u00fd\u0161in\u00e1ch. H\u0159i\u0161t\u011b je p\u0159\u00edstupn\u00e9 vchodem z\u00a0ulice U&nbsp;Letensk\u00e9 vod\u00e1rny. [\/perex] V\u00a0r\u00e1mci stavebn\u00edch \u00faprav vznikne [&hellip;]","protected":false},"author":5,"featured_media":56654,"comment_status":"closed","ping_status":"open","sticky":false,"template":"","format":"standard","meta":[],"categories":[34],"tags":[113,125,123],"_links":{"self":[{"href":"https:\/\/www.praha7.cz\/api\/wp\/v2\/posts\/88017"}],"collection":[{"href":"https:\/\/www.praha7.cz\/api\/wp\/v2\/posts"}],"about":[{"href":"https:\/\/www.praha7.cz\/api\/wp\/v2\/types\/post"}],"author":[{"embeddable":true,"href":"https:\/\/www.praha7.cz\/api\/wp\/v2\/users\/5"}],"replies":[{"embeddable":true,"href":"https:\/\/www.praha7.cz\/api\/wp\/v2\/comments?post=88017"}],"version-history":[{"count":2,"href":"https:\/\/www.praha7.cz\/api\/wp\/v2\/posts\/88017\/revisions"}],"predecessor-version":[{"id":88038,"href":"https:\/\/www.praha7.cz\/api\/wp\/v2\/posts\/88017\/revisions\/88038"}],"wp:featuredmedia":[{"embeddable":true,"href":"https:\/\/www.praha7.cz\/api\/wp\/v2\/media\/56654"}],"wp:attachment":[{"href":"https:\/\/www.praha7.cz\/api\/wp\/v2\/media?parent=88017"}],"wp:term":[{"taxonomy":"category","embeddable":true,"href":"https:\/\/www.praha7.cz\/api\/wp\/v2\/categories?post=88017"},{"taxonomy":"post_tag","embeddable":true,"href":"https:\/\/www.praha7.cz\/api\/wp\/v2\/tags?post=88017"}],"curies":[{"name":"wp","href":"https:\/\/api.w.org\/{rel}","templated":true}]}}