    
{"id":88000,"date":"2025-11-19T11:38:37","date_gmt":"2025-11-19T10:38:37","guid":{"rendered":"https:\/\/www.praha7.cz\/?p=88000"},"modified":"2025-11-24T08:38:55","modified_gmt":"2025-11-24T07:38:55","slug":"vikendova-vyluka-metra-c-v-useku-nadrazi-holesovice-prazskeho-povstani","status":"publish","type":"post","link":"https:\/\/www.praha7.cz\/vikendova-vyluka-metra-c-v-useku-nadrazi-holesovice-prazskeho-povstani\/","title":{"rendered":"V\u00edkendov\u00e1 v\u00fdluka metra C v&nbsp;\u00faseku N\u00e1dra\u017e\u00ed Hole\u0161ovice &#8211; Pra\u017esk\u00e9ho povst\u00e1n\u00ed"},"content":{"rendered":"<p>[perex]<\/p>\r\n<p>Upozor\u0148ujeme, \u017ee z&nbsp;d\u016fvodu opravy trati metra doch\u00e1z\u00ed od soboty 22.&nbsp;listopadu 2025 (od zah\u00e1jen\u00ed provozu) do ned\u011ble 23.&nbsp;listopadu 2025 (do ukon\u010den\u00ed provozu) k&nbsp;do\u010dasn\u00e9mu p\u0159eru\u0161en\u00ed provozu metra linky C v&nbsp;\u00faseku N\u00e1dra\u017e\u00ed Hole\u0161ovice \u2013 Pra\u017esk\u00e9ho povst\u00e1n\u00ed (obousm\u011brn\u011b).<\/p>\r\n<p>[\/perex]<\/p>\r\n<p>V denn\u00edm provozu je zavedena n\u00e1hradn\u00ed autobusov\u00e1 doprava\u00a0XC\u00a0v trase\u00a0N\u00e1dra\u017e\u00ed Hole\u0161ovice \u2013 Vltavsk\u00e1 \u2013 Florenc \u2013 Hlavn\u00ed n\u00e1dra\u017e\u00ed \u2013 Muzeum \u2013 I. P. Pavlova \u2013 Vy\u0161ehrad \u2013 Pra\u017esk\u00e9ho povst\u00e1n\u00ed.<\/p>\r\n<p>V\u00edce informac\u00ed na <a href=\"https:\/\/www.dpp.cz\/omezeni-a-mimoradne-udalosti\/detail\/29705\" target=\"_blank\" rel=\"noopener\">str\u00e1nk\u00e1ch DPP<\/a>.\u00a0<\/p>","protected":false},"excerpt":{"rendered":"[perex] Upozor\u0148ujeme, \u017ee z&nbsp;d\u016fvodu opravy trati metra doch\u00e1z\u00ed od soboty 22.&nbsp;listopadu 2025 (od zah\u00e1jen\u00ed provozu) do ned\u011ble 23.&nbsp;listopadu 2025 (do ukon\u010den\u00ed provozu) k&nbsp;do\u010dasn\u00e9mu p\u0159eru\u0161en\u00ed provozu metra linky C v&nbsp;\u00faseku N\u00e1dra\u017e\u00ed Hole\u0161ovice \u2013 Pra\u017esk\u00e9ho povst\u00e1n\u00ed (obousm\u011brn\u011b). [\/perex] V&nbsp;denn\u00edm provozu je zavedena n\u00e1hradn\u00ed autobusov\u00e1 doprava\u00a0XC\u00a0v trase\u00a0N\u00e1dra\u017e\u00ed Hole\u0161ovice \u2013 Vltavsk\u00e1 \u2013 Florenc \u2013 Hlavn\u00ed n\u00e1dra\u017e\u00ed \u2013 Muzeum [&hellip;]","protected":false},"author":5,"featured_media":87760,"comment_status":"closed","ping_status":"open","sticky":false,"template":"","format":"standard","meta":[],"categories":[34],"tags":[57],"_links":{"self":[{"href":"https:\/\/www.praha7.cz\/api\/wp\/v2\/posts\/88000"}],"collection":[{"href":"https:\/\/www.praha7.cz\/api\/wp\/v2\/posts"}],"about":[{"href":"https:\/\/www.praha7.cz\/api\/wp\/v2\/types\/post"}],"author":[{"embeddable":true,"href":"https:\/\/www.praha7.cz\/api\/wp\/v2\/users\/5"}],"replies":[{"embeddable":true,"href":"https:\/\/www.praha7.cz\/api\/wp\/v2\/comments?post=88000"}],"version-history":[{"count":1,"href":"https:\/\/www.praha7.cz\/api\/wp\/v2\/posts\/88000\/revisions"}],"predecessor-version":[{"id":88001,"href":"https:\/\/www.praha7.cz\/api\/wp\/v2\/posts\/88000\/revisions\/88001"}],"wp:featuredmedia":[{"embeddable":true,"href":"https:\/\/www.praha7.cz\/api\/wp\/v2\/media\/87760"}],"wp:attachment":[{"href":"https:\/\/www.praha7.cz\/api\/wp\/v2\/media?parent=88000"}],"wp:term":[{"taxonomy":"category","embeddable":true,"href":"https:\/\/www.praha7.cz\/api\/wp\/v2\/categories?post=88000"},{"taxonomy":"post_tag","embeddable":true,"href":"https:\/\/www.praha7.cz\/api\/wp\/v2\/tags?post=88000"}],"curies":[{"name":"wp","href":"https:\/\/api.w.org\/{rel}","templated":true}]}}