    
{"id":87973,"date":"2025-11-18T15:37:48","date_gmt":"2025-11-18T14:37:48","guid":{"rendered":"https:\/\/www.praha7.cz\/?p=87973"},"modified":"2025-12-11T17:17:59","modified_gmt":"2025-12-11T16:17:59","slug":"hledate-poutavou-praci-ve-sprave-majetku","status":"publish","type":"post","link":"https:\/\/www.praha7.cz\/hledate-poutavou-praci-ve-sprave-majetku\/","title":{"rendered":"Hled\u00e1te poutavou pr\u00e1ci ve spr\u00e1v\u011b majetku?"},"content":{"rendered":"<p>[perex]<\/p>\r\n<p>\u00da\u0159ad Prahy&nbsp;7 p\u0159ijme do sv\u00e9ho t\u00fdmu dva kolegy \/ dv\u011b kolegyn\u011b na pozici referent\/ka majetkov\u00e9 spr\u00e1vy. Zaj\u00edm\u00e1 v\u00e1s spr\u00e1va nemovitost\u00ed? Bavilo by v\u00e1s zaji\u0161\u0165ovat agendu souvisej\u00edc\u00ed s\u00a0komplexn\u00ed p\u00e9\u010d\u00ed o\u00a0nemovit\u00fd majetek m\u011bstsk\u00e9 \u010d\u00e1sti?\u00a0 R\u00e1di byste pracovali v&nbsp;dynamicky se rozv\u00edjej\u00edc\u00ed m\u011bstsk\u00e9 \u010d\u00e1sti pro \u00fa\u0159ad s&nbsp;tak trochu jin\u00fdm p\u0159\u00edstupem? Nev\u00e1hejte a&nbsp;p\u0159ihlaste se do na\u0161eho v\u00fdb\u011brov\u00e9ho \u0159\u00edzen\u00ed.<\/p>\r\n<p>[\/perex]<\/p>\r\n<h3>Co u&nbsp;n\u00e1s budete d\u011blat?<\/h3>\r\n<p>Budete zaji\u0161\u0165ovat agendu spojenou se spr\u00e1vou sv\u011b\u0159en\u00fdch nemovitost\u00ed (bytov\u00fdch a&nbsp;nebytov\u00fdch dom\u016f a&nbsp;samostatn\u00fdch byt\u016f a&nbsp;nebytov\u00fdch prostor), zejm\u00e9na zam\u011b\u0159enou na spolupr\u00e1ci mezi spr\u00e1vn\u00ed firmou a&nbsp;n\u00e1jemci. Metodicky povedete spr\u00e1vn\u00ed firmu, budete posuzovat jej\u00ed po\u017eadavky, zejm\u00e9na se zam\u011b\u0159en\u00edm na<br \/>\r\nprovozn\u00ed spr\u00e1vu nemovitost\u00ed. \u010cek\u00e1 v\u00e1s administrativn\u00ed \u010dinnost pro cel\u00e9 odd\u011blen\u00ed (nap\u0159. objedn\u00e1vky, reklamace, digitalizace, kompletace digit\u00e1ln\u00edho spisu, evidence po\u017eadavk\u016f apod.).<\/p>\r\n<h3>Co od v\u00e1s o\u010dek\u00e1v\u00e1me?<\/h3>\r\n<ul>\r\n\t<li>vy\u0161\u0161\u00ed odborn\u00e9 vzd\u011bl\u00e1n\u00ed nebo st\u0159edn\u00ed vzd\u011bl\u00e1n\u00ed s&nbsp;maturitn\u00ed zkou\u0161kou<\/li>\r\n\t<li>dobrou orientaci v&nbsp;oblasti provozu a&nbsp;\u00fadr\u017eby budov (technick\u00e9 pov\u011bdom\u00ed o&nbsp;z\u00e1kladn\u00edch syst\u00e9mech objektu \u2013 voda, elektro, vyt\u00e1p\u011bn\u00ed, apod.)<\/li>\r\n\t<li>zku\u0161enost s&nbsp;administrativn\u00ed agendou \u2013 objedn\u00e1vky, fakturace, evidence, pr\u00e1ce s&nbsp;datab\u00e1zemi<\/li>\r\n\t<li>v\u00fdbornou znalost pr\u00e1ce s&nbsp;po\u010d\u00edta\u010dem odpov\u00eddaj\u00edc\u00ed aktu\u00e1ln\u00edm a&nbsp;nov\u00fdm trend\u016fm, zejm\u00e9na prost\u0159ed\u00ed MS Office 365<\/li>\r\n\t<li>z\u00e1jem o&nbsp;modern\u00ed digit\u00e1ln\u00ed a&nbsp;AI n\u00e1stroje pro efektivn\u011bj\u0161\u00ed pr\u00e1ci<\/li>\r\n\t<li>samostatnost, iniciativu a&nbsp;schopnost dotahovat v\u011bci do konce (\u201etah na br\u00e1nu\u201c)<\/li>\r\n\t<li>v\u00fdborn\u00e9 komunika\u010dn\u00ed schopnosti, schopnost spolupracovat s&nbsp;kolegy i&nbsp;extern\u00edmi partnery<\/li>\r\n\t<li>kreativitu a&nbsp;iniciativu p\u0159i hled\u00e1n\u00ed nov\u00fdch \u0159e\u0161en\u00ed a&nbsp;zefektiv\u0148ov\u00e1n\u00ed proces\u016f<\/li>\r\n\t<li>pe\u010dlivost, spolehlivost a&nbsp;zodpov\u011bdnost<\/li>\r\n\t<li>schopnost vytv\u00e1\u0159et a&nbsp;formulovat p\u00edsemn\u00e9 materi\u00e1ly, zejm\u00e9na metodick\u00e9 pokyny<\/li>\r\n\t<li>v\u00fdhodou praxe v&nbsp;oblasti spr\u00e1vy nemovit\u00e9ho majetku (domy, byty, nebytov\u00e9 prostory) nebo facility managementu<\/li>\r\n\t<li>v\u00fdhodou znalost legislativy v&nbsp;oblasti spr\u00e1vy nemovit\u00e9ho majetku<\/li>\r\n\t<li>v\u00fdhodou orientace ve ve\u0159ejn\u00fdch zak\u00e1zk\u00e1ch mal\u00e9ho rozsahu<\/li>\r\n<\/ul>\r\n<h3><\/h3>\r\n<h3>Co v\u00e1m nab\u00edz\u00edme?<\/h3>\r\n<p>Jedn\u00e1 se o&nbsp;pracovn\u00ed pom\u011br na dobu ur\u010ditou do 31.&nbsp;12.&nbsp;2026 s&nbsp;mo\u017enost\u00ed n\u00e1sledn\u00e9 zm\u011bny na dobu neur\u010ditou. N\u00e1stupn\u00ed plat v&nbsp;9.&nbsp;platov\u00e9 t\u0159\u00edd\u011b a\u017e do v\u00fd\u0161e 33&nbsp;220&nbsp;K\u010d podle d\u00e9lky odborn\u00e9 praxe. Po zku\u0161ebn\u00ed dob\u011b osobn\u00ed p\u0159\u00edplatek a\u017e do v\u00fd\u0161e 100&nbsp;% maxim\u00e1ln\u00edho n\u00e1stupn\u00edho platu.<\/p>\r\n<table width=\"1109\" height=\"217\" style=\"color: black !important; font-weight: normal !important;\">\r\n<tbody>\r\n<tr>\r\n<td style=\"height: 0px; text-align: center;\"><\/td>\r\n<td style=\"height: 0px; text-align: center;\"><\/td>\r\n<td style=\"height: 0px; text-align: center;\"><\/td>\r\n<\/tr>\r\n<tr>\r\n<td style=\"width: 361px; text-align: center;\">\r\n<p><img loading=\"lazy\" src=\"https:\/\/www.praha7.cz\/wp-content\/uploads\/2018\/11\/rust.jpg\" alt=\"\" width=\"99\" height=\"96\" class=\"alignnone size-full wp-image-21382\" \/><\/p>\r\n<span style=\"font-weight: normal !important; color: black !important;\">Platov\u00e9 ohodnocen\u00ed, kter\u00e9 roste spolu s&nbsp;v\u00e1mi.<\/span><\/td>\r\n<td style=\"width: 363px; text-align: center;\">\r\n<p><img loading=\"lazy\" src=\"https:\/\/www.praha7.cz\/wp-content\/uploads\/2018\/11\/benefit.jpg\" alt=\"\" width=\"99\" height=\"96\" class=\"alignnone size-full wp-image-21381\" \/><\/p>\r\n<span style=\"font-weight: normal !important; color: black !important;\">\u0160irokou \u0161k\u00e1lu benefit\u016f, kter\u00e9 p\u0159ich\u00e1zej\u00ed <br \/>\r\nve spr\u00e1vn\u00fd \u010das.<\/span><\/td>\r\n<td style=\"width: 363px; text-align: center;\">\r\n<p><img loading=\"lazy\" src=\"https:\/\/www.praha7.cz\/wp-content\/uploads\/2018\/11\/dovolena.jpg\" alt=\"\" width=\"99\" height=\"96\" class=\"alignnone size-full wp-image-21383\" \/><\/p>\r\n<span style=\"font-weight: normal !important; color: black !important;\">P\u011bt t\u00fddn\u016f dovolen\u00e9, na kterou nebudete cht\u00edt odjet, a&nbsp;p\u011bt dn\u016f indispozi\u010dn\u00edho volna.<\/span><\/td>\r\n<\/tr>\r\n<tr>\r\n<td style=\"width: 361px; text-align: center;\">\r\n<p><img loading=\"lazy\" src=\"https:\/\/www.praha7.cz\/wp-content\/uploads\/2018\/11\/vzdelavani.jpg\" alt=\"\" width=\"142\" height=\"96\" class=\"alignnone size-full wp-image-21384\" \/><\/p>\r\n<span style=\"font-weight: normal !important; color: black !important;\">Mo\u017enost dal\u0161\u00edho vzd\u011bl\u00e1v\u00e1n\u00ed, abyste se <br \/>\r\nve sv\u011bt\u011b neztratili.<\/span><\/td>\r\n<td style=\"width: 363px; text-align: center;\">\r\n<p><img loading=\"lazy\" src=\"https:\/\/www.praha7.cz\/wp-content\/uploads\/2018\/11\/inspirace.jpg\" alt=\"\" width=\"99\" height=\"96\" class=\"alignnone size-full wp-image-21385\" \/><\/p>\r\n<span style=\"font-weight: normal !important; color: black !important;\">Pr\u00e1ci v&nbsp;inspirativn\u00edm kolektivu, kde se <br \/>\r\np\u0159ed n\u00e1pady nezav\u00edraj\u00ed o\u010di.<\/span><\/td>\r\n<td style=\"width: 363px; text-align: center;\">\r\n<p><img loading=\"lazy\" src=\"https:\/\/www.praha7.cz\/wp-content\/uploads\/2018\/11\/perspektiva.jpg\" alt=\"\" width=\"99\" height=\"96\" class=\"alignnone size-full wp-image-21386\" \/><\/p>\r\n<span style=\"font-weight: normal !important; color: black !important;\">Perspektivn\u00ed zam\u011bstn\u00e1n\u00ed, kde pom\u00e1h\u00e1te <br \/>\r\nm\u011bnit sv\u011bt kolem sebe.<\/span><\/td>\r\n<\/tr>\r\n<\/tbody>\r\n<\/table>\r\n<p>&nbsp;<\/p>\r\n<h3>Jak se k&nbsp;n\u00e1m dostanete?<\/h3>\r\n<p>P\u0159ihl\u00e1\u0161ku a&nbsp;souhlas se zpracov\u00e1n\u00edm osobn\u00edch \u00fadaj\u016f v\u010detn\u011b strukturovan\u00e9ho profesn\u00edho \u017eivotopisu a&nbsp;motiva\u010dn\u00edho dopisu je mo\u017en\u00e9 osobn\u011b doru\u010dit v&nbsp;\u00fa\u0159edn\u00edch hodin\u00e1ch do podatelny \u00da\u0159adu M\u010c Praha&nbsp;7, zaslat na e-mail <a href=\"mailto:pouzarovae@praha7.cz\">pouzarovae@praha7.cz<\/a> nebo na n\u00ed\u017ee uvedenou adresu <span style=\"color: #ff0000;\"><strong>nejpozd\u011bji do 10.&nbsp;prosince 2025<\/strong><\/span>.<\/p>\r\n<p>&nbsp;<\/p>\r\n<p><strong>Vznik pracovn\u00edho pom\u011bru dle dohody.<\/strong><\/p>\r\n<p>&nbsp;<\/p>\r\n<p><strong>Formul\u00e1\u0159 ke sta\u017een\u00ed<\/strong><\/p>\r\n<p><a href=\"https:\/\/www.praha7.cz\/wp-content\/uploads\/2024\/11\/OPC-01-f02_Prihlaska_do_vyberoveho_poptavkoveho_rizeni_souhlas.pdf\">P\u0159ihl\u00e1\u0161ka a&nbsp;souhlas se zpracov\u00e1n\u00edm osobn\u00edch \u00fadaj\u016f<\/a><\/p>\r\n<p>&nbsp;<\/p>\r\n<p><em>M\u011bstsk\u00e1 \u010d\u00e1st Praha&nbsp;7<\/em><\/p>\r\n<p><em>\u00da\u0159ad m\u011bstsk\u00e9 \u010d\u00e1sti Praha&nbsp;7<\/em><\/p>\r\n<p><em>Odbor person\u00e1ln\u00edch \u010dinnost\u00ed<\/em><\/p>\r\n<p><em>U Pr\u016fhonu 1338\/38<\/em><\/p>\r\n<p><em>170&nbsp;00 Praha&nbsp;7<\/em><\/p>\r\n<p>&nbsp;<\/p>\r\n<p><strong>Ve\u0161ker\u00e9 pot\u0159ebn\u00e9 informace pro p\u0159ihl\u00e1\u0161en\u00ed do popt\u00e1vkov\u00e9ho \u0159\u00edzen\u00ed naleznete <a href=\"https:\/\/www.praha7.cz\/wp-content\/uploads\/2025\/11\/OMA_referent_majetkove_spravy.pdf\">zde<\/a>.<\/strong><\/p>\r\n<p>&nbsp;<\/p>","protected":false},"excerpt":{"rendered":"[perex] \u00da\u0159ad Prahy&nbsp;7 p\u0159ijme do sv\u00e9ho t\u00fdmu dva kolegy \/ dv\u011b kolegyn\u011b na pozici referent\/ka majetkov\u00e9 spr\u00e1vy. Zaj\u00edm\u00e1 v\u00e1s spr\u00e1va nemovitost\u00ed? Bavilo by v\u00e1s zaji\u0161\u0165ovat agendu souvisej\u00edc\u00ed s\u00a0komplexn\u00ed p\u00e9\u010d\u00ed o\u00a0nemovit\u00fd majetek m\u011bstsk\u00e9 \u010d\u00e1sti?\u00a0 R\u00e1di byste pracovali v&nbsp;dynamicky se rozv\u00edjej\u00edc\u00ed m\u011bstsk\u00e9 \u010d\u00e1sti pro \u00fa\u0159ad s&nbsp;tak trochu jin\u00fdm p\u0159\u00edstupem? Nev\u00e1hejte a&nbsp;p\u0159ihlaste se do na\u0161eho v\u00fdb\u011brov\u00e9ho \u0159\u00edzen\u00ed. [\/perex] [&hellip;]","protected":false},"author":251,"featured_media":32862,"comment_status":"closed","ping_status":"open","sticky":false,"template":"","format":"standard","meta":[],"categories":[34],"tags":[118],"_links":{"self":[{"href":"https:\/\/www.praha7.cz\/api\/wp\/v2\/posts\/87973"}],"collection":[{"href":"https:\/\/www.praha7.cz\/api\/wp\/v2\/posts"}],"about":[{"href":"https:\/\/www.praha7.cz\/api\/wp\/v2\/types\/post"}],"author":[{"embeddable":true,"href":"https:\/\/www.praha7.cz\/api\/wp\/v2\/users\/251"}],"replies":[{"embeddable":true,"href":"https:\/\/www.praha7.cz\/api\/wp\/v2\/comments?post=87973"}],"version-history":[{"count":1,"href":"https:\/\/www.praha7.cz\/api\/wp\/v2\/posts\/87973\/revisions"}],"predecessor-version":[{"id":87980,"href":"https:\/\/www.praha7.cz\/api\/wp\/v2\/posts\/87973\/revisions\/87980"}],"wp:featuredmedia":[{"embeddable":true,"href":"https:\/\/www.praha7.cz\/api\/wp\/v2\/media\/32862"}],"wp:attachment":[{"href":"https:\/\/www.praha7.cz\/api\/wp\/v2\/media?parent=87973"}],"wp:term":[{"taxonomy":"category","embeddable":true,"href":"https:\/\/www.praha7.cz\/api\/wp\/v2\/categories?post=87973"},{"taxonomy":"post_tag","embeddable":true,"href":"https:\/\/www.praha7.cz\/api\/wp\/v2\/tags?post=87973"}],"curies":[{"name":"wp","href":"https:\/\/api.w.org\/{rel}","templated":true}]}}