    
{"id":87944,"date":"2025-11-14T14:05:49","date_gmt":"2025-11-14T13:05:49","guid":{"rendered":"https:\/\/www.praha7.cz\/?p=87944"},"modified":"2025-11-18T10:12:52","modified_gmt":"2025-11-18T09:12:52","slug":"odvodneni-negrelliho-viadukt","status":"publish","type":"post","link":"https:\/\/www.praha7.cz\/odvodneni-negrelliho-viadukt\/","title":{"rendered":"Havarijn\u00ed pr\u00e1ce na odvodn\u011bn\u00ed Negrelliho viaduktu o&nbsp;prodlou\u017een\u00e9m v\u00edkendu"},"content":{"rendered":"<p>[perex]<\/p>\r\n<p>Na z\u00e1klad\u011b aktu\u00e1ln\u011b obdr\u017een\u00fdch informac\u00ed od stavby \u017eeleznice upozor\u0148ujeme, \u017ee od 15.&nbsp;do 17.&nbsp;listopadu 2025 prob\u011bhnou havarijn\u00ed pr\u00e1ce na odvodn\u011bn\u00ed Negrelliho viaduktu, kter\u00e9 si vy\u017e\u00e1daj\u00ed d\u00edl\u010d\u00ed omezen\u00ed dopravy na Bubensk\u00e9m n\u00e1b\u0159e\u017e\u00ed a&nbsp;v&nbsp;ulici Za Viaduktem.\u00a0<\/p>\r\n<p>[\/perex]<\/p>\r\n<p>Ulice z\u016fstanou pr\u016fjezdn\u00e9, ale doprava bude podle pr\u016fb\u011bhu prac\u00ed v&nbsp;okol\u00ed Negrelliho viaduktu sta\u017eena do jednoho pruhu. \u00a0Z\u00e1rove\u0148 zde dojde k&nbsp;do\u010dasn\u00e9mu uzav\u0159en\u00ed n\u011bkter\u00fdch chodn\u00edk\u016f. Pros\u00edme, sledujte m\u00edstn\u00ed dopravn\u00ed zna\u010den\u00ed.<\/p>\r\n<p>D\u011bkujeme za pochopen\u00ed.<\/p>\r\n<p>Rovn\u011b\u017e upozor\u0148ujeme, \u017ee dopravu na n\u00e1b\u0159e\u017e\u00ed u&nbsp;Hl\u00e1vkova mostu ovliv\u0148uj\u00ed tak\u00e9 stavebn\u00ed pr\u00e1ce TSK v&nbsp;k\u0159i\u017eovatce na n\u00e1b\u0159. Kpt. Jaro\u0161e u&nbsp;rampy z&nbsp;ul. Bubensk\u00e1. V\u00edce informac\u00ed najdete <a href=\"https:\/\/www.praha7.cz\/stavebni-upravy-krizovatek-na-nabr-kpt-jarose-a-vrbenskeho-x-bondyho\/\">zde.<\/a>\u00a0<\/p>","protected":false},"excerpt":{"rendered":"[perex] Na z\u00e1klad\u011b aktu\u00e1ln\u011b obdr\u017een\u00fdch informac\u00ed od stavby \u017eeleznice upozor\u0148ujeme, \u017ee od 15.&nbsp;do 17.&nbsp;listopadu 2025 prob\u011bhnou havarijn\u00ed pr\u00e1ce na odvodn\u011bn\u00ed Negrelliho viaduktu, kter\u00e9 si vy\u017e\u00e1daj\u00ed d\u00edl\u010d\u00ed omezen\u00ed dopravy na Bubensk\u00e9m n\u00e1b\u0159e\u017e\u00ed a&nbsp;v&nbsp;ulici Za Viaduktem.\u00a0 [\/perex] Ulice z\u016fstanou pr\u016fjezdn\u00e9, ale doprava bude podle pr\u016fb\u011bhu prac\u00ed v&nbsp;okol\u00ed Negrelliho viaduktu sta\u017eena do jednoho pruhu. \u00a0Z\u00e1rove\u0148 zde dojde k&nbsp;do\u010dasn\u00e9mu [&hellip;]","protected":false},"author":5,"featured_media":82760,"comment_status":"closed","ping_status":"open","sticky":false,"template":"","format":"standard","meta":[],"categories":[34],"tags":[57,125],"_links":{"self":[{"href":"https:\/\/www.praha7.cz\/api\/wp\/v2\/posts\/87944"}],"collection":[{"href":"https:\/\/www.praha7.cz\/api\/wp\/v2\/posts"}],"about":[{"href":"https:\/\/www.praha7.cz\/api\/wp\/v2\/types\/post"}],"author":[{"embeddable":true,"href":"https:\/\/www.praha7.cz\/api\/wp\/v2\/users\/5"}],"replies":[{"embeddable":true,"href":"https:\/\/www.praha7.cz\/api\/wp\/v2\/comments?post=87944"}],"version-history":[{"count":1,"href":"https:\/\/www.praha7.cz\/api\/wp\/v2\/posts\/87944\/revisions"}],"predecessor-version":[{"id":87947,"href":"https:\/\/www.praha7.cz\/api\/wp\/v2\/posts\/87944\/revisions\/87947"}],"wp:featuredmedia":[{"embeddable":true,"href":"https:\/\/www.praha7.cz\/api\/wp\/v2\/media\/82760"}],"wp:attachment":[{"href":"https:\/\/www.praha7.cz\/api\/wp\/v2\/media?parent=87944"}],"wp:term":[{"taxonomy":"category","embeddable":true,"href":"https:\/\/www.praha7.cz\/api\/wp\/v2\/categories?post=87944"},{"taxonomy":"post_tag","embeddable":true,"href":"https:\/\/www.praha7.cz\/api\/wp\/v2\/tags?post=87944"}],"curies":[{"name":"wp","href":"https:\/\/api.w.org\/{rel}","templated":true}]}}