    
{"id":87918,"date":"2025-11-13T13:07:57","date_gmt":"2025-11-13T12:07:57","guid":{"rendered":"https:\/\/www.praha7.cz\/?p=87918"},"modified":"2025-12-04T12:15:11","modified_gmt":"2025-12-04T11:15:11","slug":"advent-25","status":"publish","type":"post","link":"https:\/\/www.praha7.cz\/advent-25\/","title":{"rendered":"Advent 2025 na Sedmi\u010dce"},"content":{"rendered":"<p>[perex]<\/p>\r\n<p>Na p\u0159elomu listopadu a&nbsp;prosince 2025 Sedmi\u010dka rozsv\u00edt\u00ed v\u00e1no\u010dn\u00ed stromy na Strossmayerov\u011b, Ortenov\u011b a&nbsp;Letensk\u00e9m n\u00e1m\u011bst\u00ed. V&nbsp;ned\u011bli 30.&nbsp;listopadu m\u011bstsk\u00e1 \u010d\u00e1st zve zejm\u00e9na rodiny s&nbsp;d\u011btmi na V\u00fdstavi\u0161t\u011b do Mal\u00e9 sportovn\u00ed haly na adventn\u00ed bruslen\u00ed. V&nbsp;sobotu 15.&nbsp;listopadu se otev\u0159elo kluzi\u0161t\u011b na Letn\u00e9. P\u0159edv\u00e1no\u010dn\u00ed obdob\u00ed na Sedmi\u010dce vyvrchol\u00ed tradi\u010dn\u00ed \u010ceskou m\u0161\u00ed v\u00e1no\u010dn\u00ed, kterou m\u011bstsk\u00e1 \u010d\u00e1st p\u0159ipravila na \u010dtvrtek 18.&nbsp;prosince v&nbsp;kostele sv. Anton\u00edna na Strossmayerov\u011b n\u00e1m\u011bst\u00ed.<\/p>\r\n<p>[\/perex]<\/p>\r\n<p><strong>Slavnostn\u00ed\u00a0rozsv\u00edcen\u00ed v\u00e1no\u010dn\u00edho stromu na Strossmayerov\u011b n\u00e1m\u011bst\u00ed<\/strong>\u00a0se uskute\u010dn\u00ed ve st\u0159edu <strong><span style=\"color: #0000ff;\">26.&nbsp;listopadu v&nbsp;16 hodin<\/span><\/strong>. V&nbsp;r\u00e1mci doprovodn\u00e9ho programu vystoup\u00ed Pra\u017esk\u00e9 \u017eest\u011b a&nbsp;d\u011btsk\u00fd p\u011bveck\u00fd sbor Radost Praha. V&nbsp;odpoledn\u00edch hodin\u00e1ch se rozsv\u00edt\u00ed tak\u00e9 v\u00e1no\u010dn\u00ed osv\u011btlen\u00ed vybran\u00fdch hlavn\u00edch ulic Prahy&nbsp;7 a&nbsp;tak\u00e9 v\u00e1no\u010dn\u00ed strom na Letensk\u00e9m n\u00e1m\u011bst\u00ed.<\/p>\r\n<p>&nbsp;<\/p>\r\n<p><img loading=\"lazy\" src=\"https:\/\/www.praha7.cz\/wp-content\/uploads\/2023\/11\/Advent-P7_strom-Stross-1500x1000.jpg\" alt=\"\" width=\"640\" height=\"427\" class=\"alignnone size-large wp-image-71880\" srcset=\"https:\/\/www.praha7.cz\/wp-content\/uploads\/2023\/11\/Advent-P7_strom-Stross-1500x1000.jpg 1500w, https:\/\/www.praha7.cz\/wp-content\/uploads\/2023\/11\/Advent-P7_strom-Stross-600x400.jpg 600w, https:\/\/www.praha7.cz\/wp-content\/uploads\/2023\/11\/Advent-P7_strom-Stross-768x512.jpg 768w, https:\/\/www.praha7.cz\/wp-content\/uploads\/2023\/11\/Advent-P7_strom-Stross-1536x1024.jpg 1536w, https:\/\/www.praha7.cz\/wp-content\/uploads\/2023\/11\/Advent-P7_strom-Stross-2048x1365.jpg 2048w\" sizes=\"(max-width: 640px) 100vw, 640px\" \/><\/p>\r\n<p>&nbsp;<\/p>\r\n<p><strong>Rozsv\u00edcen\u00ed v\u00e1no\u010dn\u00edho stromu na Ortenov\u011b n\u00e1m\u011bst\u00ed<\/strong> prob\u011bhne o&nbsp;t\u00fdden pozd\u011bji, ve st\u0159edu <strong><span style=\"color: #0000ff;\">3<\/span><span style=\"color: #0000ff;\">.\u00a0prosince v\u00a016 hodin<\/span><\/strong>, a\u00a0doprovod\u00ed jej K\u00fchn\u016fv d\u011btsk\u00fd sbor.<\/p>\r\n<p>Na ob\u011b rozsv\u00edcen\u00ed strom\u016f si pros\u00edm p\u0159ineste vlastn\u00ed hrne\u010dky, r\u00e1di v\u00e1m nalijeme horkou \u010dokol\u00e1du nebo sva\u0159en\u00e9 v\u00edno.<\/p>\r\n<p><em>\u201eNa v\u00e1no\u010dn\u00edch stromech jsme tak jako v\u00a0minul\u00fdch letech nechali spodn\u00ed patra voln\u00e1. Budeme moc r\u00e1di, kdy\u017e se do v\u00fdzdoby op\u011bt zapoj\u00ed tak\u00e9 d\u011bti z\u00a0Prahy&nbsp;7 a&nbsp;na stromy pov\u011bs\u00ed sv\u00e9 ozdoby, kter\u00e9 doma nebo ve \u0161kole vyrob\u00ed. Na rozsv\u00edcen\u00ed bude zdarma p\u0159ipravena hork\u00e1 \u010dokol\u00e1da pro d\u011bti a\u00a0sva\u0159en\u00e9 v\u00edno pro dosp\u011bl\u00e9. Na na\u0161ich akc\u00edch nepou\u017e\u00edv\u00e1me plastov\u00e9 kel\u00edmky, proto jsme ji\u017e v\u00a0minul\u00fdch letech poprosili n\u00e1v\u0161t\u011bvn\u00edky,\u00a0aby si s&nbsp;sebou k\u00a0v\u00e1no\u010dn\u00edm strom\u016fm p\u0159inesli vlastn\u00ed hrne\u010dky. M\u00e1me velkou radost, \u017ee to na\u0161i ob\u010dan\u00e9 v\u017edy berou zodpov\u011bdn\u011b a&nbsp;s\u00a0velk\u00fdm pochopen\u00edm, tedy se na n\u011b i&nbsp;letos s\u00a0touto prosbou obrac\u00edme,\u201c<\/em> uvedla <em><strong>m\u00edstostarostka Prahy&nbsp;7 Hana T\u0159e\u0161t\u00edkov\u00e1<\/strong><\/em>. \u00a0<\/p>\r\n<p>&nbsp;<\/p>\r\n<p><img loading=\"lazy\" src=\"https:\/\/www.praha7.cz\/wp-content\/uploads\/2023\/11\/Advent-P7_vlastni-hrnicky-ke-stromu-1500x1000.jpg\" alt=\"\" width=\"640\" height=\"427\" class=\"wp-image-71881 size-large\" srcset=\"https:\/\/www.praha7.cz\/wp-content\/uploads\/2023\/11\/Advent-P7_vlastni-hrnicky-ke-stromu-1500x1000.jpg 1500w, https:\/\/www.praha7.cz\/wp-content\/uploads\/2023\/11\/Advent-P7_vlastni-hrnicky-ke-stromu-600x400.jpg 600w, https:\/\/www.praha7.cz\/wp-content\/uploads\/2023\/11\/Advent-P7_vlastni-hrnicky-ke-stromu-768x512.jpg 768w, https:\/\/www.praha7.cz\/wp-content\/uploads\/2023\/11\/Advent-P7_vlastni-hrnicky-ke-stromu-1536x1024.jpg 1536w, https:\/\/www.praha7.cz\/wp-content\/uploads\/2023\/11\/Advent-P7_vlastni-hrnicky-ke-stromu-2048x1365.jpg 2048w\" sizes=\"(max-width: 640px) 100vw, 640px\" \/><\/p>\r\n<p>M\u010c Praha&nbsp;7 p\u0159ipravila pro d\u011bti i&nbsp;dosp\u011bl\u00e9 tak\u00e9 <strong>adventn\u00ed program na V\u00fdstavi\u0161ti<\/strong>. V&nbsp;ned\u011bli <span style=\"color: #0000ff;\"><strong>30.&nbsp;listopadu<\/strong><\/span>\u00a0si budou moci <span style=\"color: #0000ff;\"><strong>od 15.15 do 17.15<\/strong><\/span> v&nbsp;Mal\u00e9 sportovn\u00ed hale na V\u00fdstavi\u0161ti Praha zdarma zabruslit. Sou\u010d\u00e1st\u00ed bude i&nbsp;bezplatn\u00e1 p\u016fj\u010dovna brusl\u00ed a&nbsp;v&nbsp;prostor\u00e1ch St\u0159\u00edda\u010dky bude pro d\u011bti po dobu bruslen\u00ed p\u0159ipraven tak\u00e9 mal\u00fd program s&nbsp;mikul\u00e1\u0161skou tematikou \u2013 tvo\u0159iv\u00e1 d\u00edlna, v&nbsp;n\u00ed\u017e si d\u011bti vyrob\u00ed mikul\u00e1\u0161sk\u00e9 masky, a&nbsp;fotobudka, kde na d\u011bti bude \u010dekat Mikul\u00e1\u0161 nebo and\u011bl.\u00a0<\/p>\r\n<p>&nbsp;<\/p>\r\n<p><img loading=\"lazy\" src=\"https:\/\/www.praha7.cz\/wp-content\/uploads\/2023\/11\/Advent-P7_brusleni_Vystaviste-1333x1000.jpg\" alt=\"\" width=\"640\" height=\"480\" class=\"alignnone size-large wp-image-71882\" srcset=\"https:\/\/www.praha7.cz\/wp-content\/uploads\/2023\/11\/Advent-P7_brusleni_Vystaviste-1333x1000.jpg 1333w, https:\/\/www.praha7.cz\/wp-content\/uploads\/2023\/11\/Advent-P7_brusleni_Vystaviste-533x400.jpg 533w, https:\/\/www.praha7.cz\/wp-content\/uploads\/2023\/11\/Advent-P7_brusleni_Vystaviste-768x576.jpg 768w, https:\/\/www.praha7.cz\/wp-content\/uploads\/2023\/11\/Advent-P7_brusleni_Vystaviste-1536x1152.jpg 1536w, https:\/\/www.praha7.cz\/wp-content\/uploads\/2023\/11\/Advent-P7_brusleni_Vystaviste-2048x1536.jpg 2048w\" sizes=\"(max-width: 640px) 100vw, 640px\" \/><\/p>\r\n<p>&nbsp;<\/p>\r\n<p>P\u0159edv\u00e1no\u010dn\u00ed akce Prahy\u00a07 tradi\u010dn\u011b vyvrchol\u00ed\u00a0<strong>koncertem\u00a0\u010cesk\u00e9 m\u0161e v\u00e1no\u010dn\u00ed od J. J. Ryby<\/strong> a&nbsp;dal\u0161\u00edch sv\u00e1te\u010dn\u00edch melodi\u00ed, kter\u00fd m\u011bstsk\u00e1 \u010d\u00e1st p\u0159ipravila na \u010dtvrtek <strong><span style=\"color: #0000ff;\">18<\/span><\/strong><span style=\"color: #0000ff;\"><strong>.\u00a0prosince od 19.30<\/strong> <\/span>v\u00a0kostele sv. Anton\u00edna na Strossmayerov\u011b n\u00e1m\u011bst\u00ed.<\/p>\r\n<p>&nbsp;<\/p>\r\n<p><img loading=\"lazy\" src=\"https:\/\/www.praha7.cz\/wp-content\/uploads\/2023\/11\/vanocni-koncert_pohled2-1463x1000.jpg\" alt=\"\" width=\"640\" height=\"437\" class=\"alignnone size-large wp-image-71883\" srcset=\"https:\/\/www.praha7.cz\/wp-content\/uploads\/2023\/11\/vanocni-koncert_pohled2-1463x1000.jpg 1463w, https:\/\/www.praha7.cz\/wp-content\/uploads\/2023\/11\/vanocni-koncert_pohled2-585x400.jpg 585w, https:\/\/www.praha7.cz\/wp-content\/uploads\/2023\/11\/vanocni-koncert_pohled2-768x525.jpg 768w, https:\/\/www.praha7.cz\/wp-content\/uploads\/2023\/11\/vanocni-koncert_pohled2-1536x1050.jpg 1536w, https:\/\/www.praha7.cz\/wp-content\/uploads\/2023\/11\/vanocni-koncert_pohled2-2048x1400.jpg 2048w\" sizes=\"(max-width: 640px) 100vw, 640px\" \/><\/p>\r\n<p>Vstup na v\u0161echny v\u00fd\u0161e uveden\u00e9 akce je zdarma.<\/p>\r\n<hr \/>\r\n<p><em>\u201eOtev\u0159elo se ji\u017e tak\u00e9 <strong>kluzi\u0161t\u011b na Letn\u00e9<\/strong>. Zabruslit si sem mohou denn\u011b p\u0159ij\u00edt mal\u00ed i&nbsp;velc\u00ed milovn\u00edci zimn\u00edch sport\u016f a\u017e do konce pra\u017esk\u00fdch jarn\u00edch pr\u00e1zdnin 1.&nbsp;b\u0159ezna 2026. Pro d\u011bti z&nbsp;Prahy&nbsp;7 do 15 let je bruslen\u00ed zdarma,\u201c<\/em> doplnila <em><strong>Hana T\u0159e\u0161t\u00edkov\u00e1<\/strong><\/em>.<\/p>\r\n<p><strong>V\u00edce o&nbsp;kluzi\u0161ti na Letn\u00e9 najdete <a href=\"http:\/\/www.praha7.cz\/kluziste-25\" target=\"_blank\" rel=\"noopener\">zde<\/a>.\u00a0<\/strong><\/p>\r\n<hr \/>\r\n<p><span style=\"color: #000000;\"><strong>V\u00e1no\u010dn\u00ed strom a&nbsp;dal\u0161\u00ed adventn\u00ed ud\u00e1losti si p\u0159ipravila tak\u00e9 AC Sparta Praha<\/strong>.<\/span> Detaily k&nbsp;programu, kter\u00fd zah\u00e1j\u00ed rozsv\u00edcen\u00ed stromu na Letensk\u00e9 pl\u00e1ni v&nbsp;ned\u011bli 30.&nbsp;listopadu, si m\u016f\u017eete p\u0159e\u010d\u00edst <strong><a href=\"https:\/\/sparta.cz\/cs\/novinky\/44396-spartanske-vanoce-na-letne\" target=\"_blank\" rel=\"noopener\">tady<\/a><\/strong>.<\/p>\r\n<p>&nbsp;<\/p>\r\n<p><a href=\"https:\/\/www.praha7.cz\/wp-content\/uploads\/2025\/11\/vanoce_rozpis_4x5-2.webp\"><img loading=\"lazy\" src=\"https:\/\/www.praha7.cz\/wp-content\/uploads\/2025\/11\/vanoce_rozpis_4x5-2-800x1000.webp\" alt=\"\" width=\"640\" height=\"800\" class=\"alignnone size-large wp-image-88211\" srcset=\"https:\/\/www.praha7.cz\/wp-content\/uploads\/2025\/11\/vanoce_rozpis_4x5-2-800x1000.webp 800w, https:\/\/www.praha7.cz\/wp-content\/uploads\/2025\/11\/vanoce_rozpis_4x5-2-320x400.webp 320w, https:\/\/www.praha7.cz\/wp-content\/uploads\/2025\/11\/vanoce_rozpis_4x5-2-768x960.webp 768w, https:\/\/www.praha7.cz\/wp-content\/uploads\/2025\/11\/vanoce_rozpis_4x5-2.webp 1080w\" sizes=\"(max-width: 640px) 100vw, 640px\" \/><\/a><\/p>","protected":false},"excerpt":{"rendered":"[perex] Na p\u0159elomu listopadu a&nbsp;prosince 2025 Sedmi\u010dka rozsv\u00edt\u00ed v\u00e1no\u010dn\u00ed stromy na Strossmayerov\u011b, Ortenov\u011b a&nbsp;Letensk\u00e9m n\u00e1m\u011bst\u00ed. V&nbsp;ned\u011bli 30.&nbsp;listopadu m\u011bstsk\u00e1 \u010d\u00e1st zve zejm\u00e9na rodiny s&nbsp;d\u011btmi na V\u00fdstavi\u0161t\u011b do Mal\u00e9 sportovn\u00ed haly na adventn\u00ed bruslen\u00ed. V&nbsp;sobotu 15.&nbsp;listopadu se otev\u0159elo kluzi\u0161t\u011b na Letn\u00e9. P\u0159edv\u00e1no\u010dn\u00ed obdob\u00ed na Sedmi\u010dce vyvrchol\u00ed tradi\u010dn\u00ed \u010ceskou m\u0161\u00ed v\u00e1no\u010dn\u00ed, kterou m\u011bstsk\u00e1 \u010d\u00e1st p\u0159ipravila na \u010dtvrtek 18.&nbsp;prosince [&hellip;]","protected":false},"author":5,"featured_media":71879,"comment_status":"closed","ping_status":"open","sticky":false,"template":"","format":"standard","meta":[],"categories":[34,74],"tags":[106,123,110],"_links":{"self":[{"href":"https:\/\/www.praha7.cz\/api\/wp\/v2\/posts\/87918"}],"collection":[{"href":"https:\/\/www.praha7.cz\/api\/wp\/v2\/posts"}],"about":[{"href":"https:\/\/www.praha7.cz\/api\/wp\/v2\/types\/post"}],"author":[{"embeddable":true,"href":"https:\/\/www.praha7.cz\/api\/wp\/v2\/users\/5"}],"replies":[{"embeddable":true,"href":"https:\/\/www.praha7.cz\/api\/wp\/v2\/comments?post=87918"}],"version-history":[{"count":9,"href":"https:\/\/www.praha7.cz\/api\/wp\/v2\/posts\/87918\/revisions"}],"predecessor-version":[{"id":88212,"href":"https:\/\/www.praha7.cz\/api\/wp\/v2\/posts\/87918\/revisions\/88212"}],"wp:featuredmedia":[{"embeddable":true,"href":"https:\/\/www.praha7.cz\/api\/wp\/v2\/media\/71879"}],"wp:attachment":[{"href":"https:\/\/www.praha7.cz\/api\/wp\/v2\/media?parent=87918"}],"wp:term":[{"taxonomy":"category","embeddable":true,"href":"https:\/\/www.praha7.cz\/api\/wp\/v2\/categories?post=87918"},{"taxonomy":"post_tag","embeddable":true,"href":"https:\/\/www.praha7.cz\/api\/wp\/v2\/tags?post=87918"}],"curies":[{"name":"wp","href":"https:\/\/api.w.org\/{rel}","templated":true}]}}