    
{"id":87878,"date":"2025-11-11T12:14:40","date_gmt":"2025-11-11T11:14:40","guid":{"rendered":"https:\/\/www.praha7.cz\/?p=87878"},"modified":"2025-11-11T12:14:40","modified_gmt":"2025-11-11T11:14:40","slug":"bardzo-fajna-cesta-k-filmu","status":"publish","type":"post","link":"https:\/\/www.praha7.cz\/bardzo-fajna-cesta-k-filmu\/","title":{"rendered":"Bardzo fajn\u00e1 cesta k&nbsp;filmu"},"content":{"rendered":"<p>[perex]<\/p>\r\n<p>Filmov\u00e1 \u0159e\u010d Terezy Plaveck\u00e9 je tich\u00e1, jemn\u00e1 a&nbsp;poetick\u00e1, stejn\u011b jako ona sama. U\u010darovala j\u00ed atmosf\u00e9ra kinos\u00e1l\u016f a&nbsp;kouzlo dokument\u00e1rn\u00ed v\u00fdpov\u011bdi. Na n\u011bkolik let se jej\u00edm domovem stalo Bio Oko, kde na\u0161la nejenom pr\u00e1ci, ale i&nbsp;\u017eivotn\u00edho partnera a&nbsp;z\u00e1zem\u00ed pro sv\u016fj vysn\u011bn\u00fd <a href=\"https:\/\/bardzofajny.cz\/\" target=\"_blank\" rel=\"noopener\">Bardzo fajn\u00fd festival<\/a>. Propadla polsk\u00e9 kultu\u0159e a&nbsp;sama v&nbsp;sob\u011b na\u0161la kus Polky. Kudy vedla jej\u00ed cesta na st\u0159echu N\u00e1rodn\u00edho zem\u011bd\u011blsk\u00e9ho muzea na Letn\u00e9 a&nbsp;pro\u010d je d\u016fle\u017eit\u00e9 o&nbsp;v\u011bcech mluvit?<\/p>\r\n<p>[\/perex]<\/p>\r\n<p><strong>Jste rad\u011bji na m\u00edst\u011b toho, kdo ot\u00e1zky klade, nebo toho, kdo na n\u011b odpov\u00edd\u00e1?<br \/>\r\n<\/strong>L\u00edp se c\u00edt\u00edm v&nbsp;pozici toho, kdo se pt\u00e1. Jsem na ni zvyklej\u0161\u00ed, proto\u017ee jsem pracovala a&nbsp;p\u0159\u00edle\u017eitostn\u011b st\u00e1le pracuji v&nbsp;\u010cesk\u00e9m rozhlase. Nejd\u0159\u00edve jako re\u0161er\u0161istka a&nbsp;dnes jako dokumentaristka. V&nbsp;sou\u010dasnosti m\u011b to ne\u017eiv\u00ed, ale ten tv\u016fr\u010d\u00ed proces m\u011b hodn\u011b bav\u00ed.<\/p>\r\n<p><strong>Co je podle v\u00e1s d\u016fle\u017eit\u00e9, aby vznikl dobr\u00fd rozhovor?<\/strong><br \/>\r\nMysl\u00edm, \u017ee je v\u017edycky d\u016fle\u017eit\u00e9 se k\u00a0tomu \u010dlov\u011bku n\u011bjak dostat, netla\u010dit na n\u011bj, nechat mu \u010das. M\u00fdm c\u00edlem nikdy nebylo vytahovat bulv\u00e1rn\u00ed informace. Kdy\u017e tvo\u0159\u00edte dokument\u00e1rn\u00ed portr\u00e9t, jsou rozhovory \u010dasto velmi intimn\u00ed. Vz\u00e1jemn\u00e1 d\u016fv\u011bra je v\u00a0tomto form\u00e1tu opravdu d\u016fle\u017eit\u00e1.<\/p>\r\n<p><strong>O\u00a0jak\u00e9 po\u0159ady \u0161lo?<br \/>\r\n<\/strong>Nat\u00e1\u010dela jsem dokument\u00e1rn\u00ed portr\u00e9ty pro rozhlasov\u00fd po\u0159ad Zrcadlo. Byl zam\u011b\u0159en\u00fd na osobnosti \u2013 nejprve jen na \u017eeny, potom i&nbsp;na mu\u017ee \u2013, kter\u00e9 nejsou ve ve\u0159ejn\u00e9m prostoru je\u0161t\u011b tak \u00fapln\u011b sly\u0161et, a&nbsp;p\u0159itom jejich osudy a&nbsp;\u017eivoty jsou zaj\u00edmav\u00e9. V&nbsp;hlav\u011b mi utkv\u011bly v\u0161echny, t\u0159eba Barbora Baronov\u00e1 nebo Mi\u0159enka \u010cechov\u00e1. M\u016fj posledn\u00ed autorsk\u00fd po\u010din je pro po\u0159ad L\u00e1ska hory p\u0159en\u00e1\u0161\u00ed. Jde o&nbsp;partnersk\u00fd rozhovor, portr\u00e9t vztahu dvou mu\u017e\u016f, kter\u00fd se z&nbsp;kamar\u00e1dstv\u00ed vyvinul ve dlouholet\u00fd partnersk\u00fd vztah.<\/p>\r\n<p><strong>\u010casto jde o\u00a0inspirativn\u00ed p\u0159\u00edb\u011bhy. Byl n\u011bkter\u00fd\u00a0pro v\u00e1s v\u00fdjime\u010dn\u00fd?<br \/>\r\n<\/strong>Te\u010f m\u00e1m v&nbsp;sob\u011b \u010dist\u011b tento p\u0159\u00edb\u011bh. P\u0159\u00edb\u011bh Michala a&nbsp;Sv\u00e1ti, kte\u0159\u00ed i&nbsp;p\u0159es v\u0161echny mo\u017en\u00e9 p\u0159ek\u00e1\u017eky jsou spolu sedmn\u00e1ct let. Mo\u017en\u00e1 ve mn\u011b rezonuje v\u00edc, proto\u017ee i&nbsp;j\u00e1 m\u00e1m za sebou dlouhodob\u00fd partnersk\u00fd vztah a&nbsp;ani tomu na\u0161emu se krize nevyh\u00fdbaj\u00ed. Mysl\u00edm, \u017ee je d\u016fle\u017eit\u00e9 o\u00a0t\u011bchto t\u00e9matech mluvit.<\/p>\r\n<p><strong>Co v\u00e1m nyn\u00ed bere nejv\u00edc \u010dasu a\u00a0co v\u00e1s zase nejv\u00edc napl\u0148uje?<br \/>\r\n<\/strong>Rozhodn\u011b plat\u00ed, \u017ee co mi zab\u00edr\u00e1 nejv\u00edc \u010dasu, to m\u011b ur\u010dit\u011b nejv\u00edc nenapl\u0148uje. (sm\u00edch) Sna\u017e\u00edm se m\u00edt rozvrh takov\u00fd, ve kter\u00e9m jsou pr\u00e1ce a&nbsp;odpo\u010dinek rozd\u011blen\u00e9 skoro rovnom\u011brn\u011b. Ne v\u017edycky ale tomu tak bylo. P\u0159ipad\u00e1m si jako sou\u010d\u00e1st generace, kter\u00e1 byla zam\u011b\u0159en\u00e1 hodn\u011b na v\u00fdkon a&nbsp;na to, \u017ee pr\u00e1ce je to hlavn\u00ed. Zn\u00e1te to, \u201enejd\u0159\u00edv pr\u00e1ce, potom z\u00e1bava\u201c. Sama jsem byla na sebe docela tvrd\u00e1 a&nbsp;odpo\u010d\u00edvat jsem moc neum\u011bla. Tak se to te\u010f sna\u017e\u00edm nau\u010dit.<\/p>\r\n<p><strong>V\u00a0Polsku na to maj\u00ed vlastn\u00ed v\u00fdraz\u2026<br \/>\r\n<\/strong>\u2026 ano, oni to maj\u00ed podobn\u011b, nebo alespo\u0148 v&nbsp;tom m\u00e9m Polsku, kter\u00e9 zn\u00e1m. \u0158\u00edkaj\u00ed \u201ekultura zapierdolu\u201c, co\u017e znamen\u00e1 n\u011bco ve smyslu \u201emak\u00e1m od nevid\u00edm do nevid\u00edm\u201c. Mysl\u00edm, \u017ee \u010dasto ani nejde o&nbsp;kvalitu t\u00e9 pr\u00e1ce, ale o&nbsp;jej\u00ed mno\u017estv\u00ed, a&nbsp;j\u00e1 se te\u010f sna\u017e\u00edm zam\u011b\u0159ovat pr\u00e1v\u011b na kvalitu. Vr\u00e1t\u00edm se k&nbsp;va\u0161\u00ed ot\u00e1zce \u2013 nejv\u00edc se nyn\u00ed v\u011bnuji pr\u00e1ci v&nbsp;N\u00e1rodn\u00edm zem\u011bd\u011blsk\u00e9m muzeu, kde pracuji jako PR a&nbsp;tiskov\u00e1 mluv\u010d\u00ed. P\u0159edt\u00edm jsem pracovala pro r\u016fzn\u00e9 kulturn\u00ed a&nbsp;neziskov\u00e9 organizace, kino Bio Oko, Divadlo Archa, ale v&nbsp;muzeu je\u0161t\u011b ne. Jsem r\u00e1da, \u017ee jsem mohla nahl\u00e9dnout i&nbsp;do t\u00e9to sf\u00e9ry, a&nbsp;p\u0159edev\u0161\u00edm mi d\u011bl\u00e1 radost, \u017ee m\u00e1me skoro st\u00e1le plno. P\u0159edev\u0161\u00edm p\u0159es \u0161koln\u00ed rok, kdy je muzeum nacpan\u00e9 d\u011btmi.<\/p>\r\n<p><strong>A\u00a0co v\u00e1s nejv\u00edc napl\u0148uje?<\/strong><br \/>\r\nT\u0159eba keramika na\u00a0z\u00e1kladce na Strossmayer\u00e1ku. (sm\u00edch) Tvorba. Ur\u010dit\u011b m\u011b napl\u0148uje kreativn\u00ed pr\u00e1ce. Nat\u00e1\u010det dokumenty. Pom\u00e1hat se vznikem smyslupln\u00fdch projekt\u016f. Uspo\u0159\u00e1dat prom\u00edt\u00e1n\u00ed a\u00a0sledovat div\u00e1ky, jak je film zas\u00e1hnul. Jet s\u00a0rodinou vlakem na v\u00fdlet nebo se synem vym\u00fd\u0161let texty p\u00edsni\u010dek.<\/p>\r\n<p><strong>Lid\u00e9 na Sedmi\u010dce v\u00e1s znaj\u00ed jako po\u0159adatelku Bardzo fajn\u00e9ho festivalu\u2026<br \/>\r\n<\/strong>\u2026 nebo z&nbsp;Bio Oko, kde jsem pro\u0161la r\u016fzn\u00fdmi m\u00edsty, od trha\u010dky l\u00edstk\u016f p\u0159es pokladn\u00ed a&nbsp;bar a\u017e k&nbsp;n\u011bjak\u00fdm korektur\u00e1m programu. Vyzkou\u0161ela jsem si tu, co \u0161lo. (sm\u00edch) Bardzo fajn\u00fd festival jsem nezalo\u017eila sama, ale spole\u010dn\u011b s&nbsp;kamar\u00e1dkami v&nbsp;roce 2013. S&nbsp;jednou z&nbsp;nich jsem v&nbsp;tu dobu pracovala v&nbsp;Bio Oko, ale znaly jsme se u\u017e z&nbsp;Krakova, kde jsme byly na studijn\u00edm pobytu.<\/p>\r\n<p><strong>A tam jste propadla polsk\u00e9 kultu\u0159e? Pro\u010d jste se rozhodla j\u00edt studovat pr\u00e1v\u011b do Polska?<br \/>\r\n<\/strong>V tu dobu jsem studovala \u017eurnalistiku na Fakult\u011b soci\u00e1ln\u00edch v\u011bd Karlovy univerzity, ve druh\u00e1ku jsem se skamar\u00e1dila s&nbsp;Polkou Kasiou, a&nbsp;kdy\u017e jsem se pak rozhodovala, kam jet na Erasmus, Kasia mi \u0159\u00edkala: \u201eMus\u00ed\u0161 jet do Krakova, je to tam skv\u011bl\u00fd a&nbsp;j\u00e1 ti d\u00e1m tipy, na co a&nbsp;kam chodit.\u201c Na\u0161la jsem si brig\u00e1dy, hodn\u011b \u0161et\u0159ila, a&nbsp;kdy\u017e jsem m\u011bla dost, abych tam mohla p\u016fl roku nebo p\u0159\u00edpadn\u011b rok v&nbsp;pohod\u011b \u017e\u00edt, tak jsem vyrazila. Cht\u011bla jsem kone\u010dn\u011b za\u017e\u00edt studentsk\u00fd \u017eivot, kter\u00fd jsem v&nbsp;Praze kv\u016fli pr\u00e1ci nem\u011bla. Bylo mi dvaadvacet a&nbsp;\u0159\u00edkala jsem si, \u017ee chodit jen do \u0161koly, do pr\u00e1ce a&nbsp;dom\u016f je prost\u011b m\u00e1lo.<\/p>\r\n<p><strong>Jak\u00e9 to bylo za\u010d\u00ednat v\u00a0nov\u00e9m m\u011bst\u011b?<\/strong><br \/>\r\nHlavn\u011b jsem nem\u011bla v\u016fbec \u017e\u00e1dnou znalost pol\u0161tiny, u\u010dila jsem se na m\u00edst\u011b, z&nbsp;vyposlechnut\u00fdch rozhovor\u016f, z&nbsp;kav\u00e1ren. Prvn\u00ed dva m\u011bs\u00edce byly docela n\u00e1ro\u010dn\u00e9. Po\u0159\u00e1d jsem jen chodila se slovn\u00edkem v&nbsp;ruce a&nbsp;sna\u017eila se zachytit v&nbsp;hlou\u010dku spolu\u017e\u00e1k\u016f hovor, ale nikdo se se mnou moc nebavil, proto\u017ee se prost\u011b bavili polsky. Musela jsem si naj\u00edt cesty, jak b\u00fdt s&nbsp;t\u00edm jazykem co nejv\u00edc v&nbsp;kontaktu. Krakov je skv\u011bl\u00fd v&nbsp;tom, \u017ee i&nbsp;kdy\u017e bydl\u00edte v&nbsp;\u0161ir\u0161\u00edm centru, v\u0161ude m\u016f\u017eete chodit p\u011b\u0161ky nebo jezdit na kole. A&nbsp;j\u00e1 tak prolezla snad v\u0161echna m\u00edstn\u00ed kulturn\u00ed centra, kina, kav\u00e1rny, kluby. Skrz kulturu jsem si na\u0161la cestu k&nbsp;jazyku\u2026<\/p>\r\n<p><strong>\u2026 a\u00a0skrze jazyk k\u00a0Pol\u00e1k\u016fm.<br \/>\r\n<\/strong>Pro m\u011b to byla ohromn\u00e1 exotika. Najednou jsem z\u00edskala i&nbsp;\u00fapln\u011b jin\u00fd n\u00e1hled na \u010cesko. Na \u010deskou kulturu, na jazyk. Jak jsme si podobn\u00ed a&nbsp;z\u00e1rove\u0148 hodn\u011b jin\u00ed. Na\u0161la jsem tam i&nbsp;n\u011bjak\u00fd zp\u016fsob vyj\u00e1d\u0159en\u00ed sv\u00e9ho temperamentu. O&nbsp;n\u00e1s \u010ce\u0161\u00edch se \u0159\u00edk\u00e1, \u017ee jsme takov\u00e1 \u201epohodi\u010dka, pive\u010dko\u2026\u201c. Osobn\u011b si nemysl\u00edm, \u017ee to tak \u00fapln\u011b je, ale oni jsou oproti n\u00e1m v\u00edc impulzivn\u00ed, mysl\u00edm v&nbsp;tom dobr\u00e9m slova smyslu. V&nbsp;Polsku se hodn\u011b vedou hovory o&nbsp;politice, maj\u00ed tam velk\u00fd kritick\u00fd n\u00e1hled na kulturu, dok\u00e1\u017eou hodiny diskutovat, bavit se, p\u0159\u00edt se \u2013 ale s&nbsp;argumenty, proto\u017ee si v\u011bci studuj\u00ed do hloubky. J\u00e1 se tam sezn\u00e1mila s&nbsp;hodn\u011b inteligentn\u00edmi lidmi. Samoz\u0159ejm\u011b takov\u00ed nejsou v\u0161ichni. Jejich prost\u0159ed\u00ed m\u011b ale ohromn\u011b obohatilo a&nbsp;obohacuje dodnes.<\/p>\r\n<p><strong>Ned\u00e1vno jsem sly\u0161el divadeln\u00edho re\u017eis\u00e9ra Jana Hor\u00e1ka \u0159\u00edkat, \u017ee v&nbsp;Polsku p\u0159edstaven\u00ed st\u00e1le m\u016f\u017ee vzbuzovat kontroverze, v\u00e1\u0161n\u011b, jednodu\u0161e \u0159e\u010deno provokovat \u2013 odvol\u00e1vaj\u00ed se \u0159editel\u00e9 divadel, demonstruje se kv\u016fli nim.<br \/>\r\n<\/strong>Ur\u010dit\u011b s\u00a0n\u00edm souhlas\u00edm. M\u00e1m v\u011bt\u0161\u00ed z\u00e1b\u011br ve filmu, ale divadlo se sna\u017e\u00edm taky alespo\u0148 jedn\u00edm okem sledovat. Kdy\u017e jsem byla v\u00a0Polsku, tak jsem nem\u011bla jazykovou v\u00fdbavu, abych si troufla zaj\u00edt na \u010dinohru. Film je v\u00a0tomhle snaz\u0161\u00ed \u2013 m\u016f\u017eete se vr\u00e1tit, kdy\u017e n\u011b\u010demu nerozum\u00edte, nebo si pustit titulky. Ale zp\u00e1tky k\u00a0t\u00e9matu. Uspo\u0159\u00e1dat shrom\u00e1\u017ed\u011bn\u00ed v\u00a0Polsku je \u00fapln\u011b b\u011b\u017en\u00e9, nejaktivn\u011bj\u0161\u00ed jsou \u010dasto skupiny um\u011blc\u016f a\u00a0obecn\u011b lid\u00ed z\u00a0kulturn\u00edho prost\u0159ed\u00ed. Ne v\u017edy mus\u00ed j\u00edt o\u00a0aktivistick\u00fd krok, prost\u011b si k\u00a0ur\u010dit\u00e9mu probl\u00e9mu nastuduj\u00ed dostupn\u00e9 informace a\u00a0t\u0159eba \u0159eknou: \u201ePod\u00edvejte se, vy chcete tenhle prostor zav\u0159\u00edt, ale d\u00e1 se opravit a\u00a0my se na tom chceme pod\u00edlet.\u201c M\u016f\u017ee j\u00edt o\u00a0kino, kulturn\u00ed centrum nebo cokoli jin\u00e9ho.<\/p>\r\n<p><strong>Tak\u017ee nejde jen o&nbsp;takov\u00e9 to n\u00e1m dob\u0159e zn\u00e1m\u00e9 st\u011b\u017eov\u00e1n\u00ed si\u00a0v\u00a0hospod\u011b u\u00a0piva.<br \/>\r\n<\/strong>Beru to tak, \u017ee Pol\u00e1ci jsou kriti\u010dt\u00ed, ale jsou kriti\u010dt\u00ed i\u00a0v\u016f\u010di sob\u011b. Nerada bych \u00fapln\u011b pau\u0161alizovala, ale p\u0159ijde mi, \u017ee v\u00a0Polsku se hodn\u011b diskutuje, ale nejde jen o\u00a0st\u011b\u017eov\u00e1n\u00ed si. Zat\u00edmco u\u00a0n\u00e1s sly\u0161\u00edm st\u00ed\u017enosti, ale \u010dasto pak u\u017e nedojde na krok b. Nic neud\u011bl\u00e1me, nakonec si \u0159ekneme \u201eno jo, ono to takhle mus\u00ed b\u00fdt\u201c.<\/p>\r\n<p>Diskuzn\u00ed nebo kritick\u00e9 kluby maj\u00ed v&nbsp;Polsku dlouhou historii, kter\u00e1 nikdy nebyla \u00fapln\u011b p\u0159eru\u0161ena. M\u00e1m zku\u0161enost, \u017ee lid\u00e9 cht\u011bj\u00ed po filmov\u00e9 projekci diskutovat, nav\u00edc s&nbsp;velk\u00fdm entuziasmem. Te\u010f jsem byla na festivalu v&nbsp;Gdyni a&nbsp;tam diskuze po filmu netrv\u00e1 p\u016fl hodiny, ale klidn\u011b hodinu a&nbsp;po\u0159\u00e1d nekon\u010d\u00ed \u2013 nakonec ji mus\u00ed utnout, proto\u017ee lid\u00e9 by se ptali po\u0159\u00e1d d\u00e1l. \u010casto to prob\u00edh\u00e1 v&nbsp;p\u0159eds\u00e1l\u00edch kin, kde se lid\u00e9 tla\u010d\u00ed a&nbsp;sna\u017e\u00ed se na diskuzi v\u016fbec dostat. Je zaj\u00edmav\u00e9, s&nbsp;jakou hrdost\u00ed mluv\u00ed Pol\u00e1ci do mikrofonu, postav\u00ed se, aby je v\u0161ichni vid\u011bli: \u201eJ\u00e1 se pt\u00e1m a&nbsp;j\u00e1 chci zn\u00e1t odpov\u011b\u010f, a&nbsp;chci, abyste m\u011b sly\u0161eli.\u201c Toho rozd\u00edlu si v\u0161imnete t\u0159eba na festivalu Kino na hranici, kter\u00fd prob\u00edh\u00e1 v&nbsp;\u010cesk\u00e9m T\u011b\u0161\u00edn\u011b i&nbsp;polsk\u00e9m Cieszyn\u011b. Tam je ten rozd\u00edl, jak se ptaj\u00ed \u010ce\u0161i a&nbsp;Pol\u00e1ci, docela jasn\u011b vid\u011bt. Polsko m\u011b nau\u010dilo nestyd\u011bt se. Ze za\u010d\u00e1tku pro m\u011b bylo t\u011b\u017ek\u00e9 pt\u00e1t se, i&nbsp;proto, \u017ee jsem si nebyla jist\u00e1 v&nbsp;ciz\u00edm jazyce. Pak jsem si \u0159ekla ale co, a&nbsp;hodila ten ostych za hlavu. Oni hned zpozorn\u00ed, kdy\u017e se pt\u00e1 nerodil\u00fd mluv\u010d\u00ed. Nakonec ale byli r\u00e1di a&nbsp;ocenili, \u017ee m\u00e1m z\u00e1jem o&nbsp;jejich jazyk a&nbsp;\u017ee se ho u\u010d\u00edm sama.<\/p>\r\n<p><strong>Nen\u00ed \u010desk\u00e1 spole\u010dnost oproti t\u00e9 polsk\u00e9 vlastn\u011b trochu pohodln\u00e1?<br \/>\r\n<\/strong>Ot\u00e1zky na to, jac\u00ed jsou \u010ce\u0161i a&nbsp;Pol\u00e1ci, dost\u00e1v\u00e1m docela \u010dasto, ale sna\u017e\u00edm se nepau\u0161alizovat. Nem\u00e1m to r\u00e1da. Skv\u011bl\u00fdm boura\u010dem stereotyp\u016f je mimochodem spisovatel Mariusz Szczygie\u0142. J\u00e1 m\u016f\u017eu mluvit jen o&nbsp;sv\u00e9 zku\u0161enosti skrze svoji perspektivu. Na Polsku m\u00e1m r\u00e1da takov\u00e9 rychlej\u0161\u00ed tempo a&nbsp;proaktivnost ve spole\u010dnosti. I&nbsp;kdy\u017e Pol\u00e1ci maj\u00ed hodn\u011b probl\u00e9m\u016f, p\u0159edev\u0161\u00edm v&nbsp;regionech, v\u011b\u0159\u00edm v&nbsp;jejich vnit\u0159n\u00ed s\u00edlu. C\u00edt\u00edm k&nbsp;nim ur\u010dit\u00fd obdiv, vn\u00edm\u00e1m tu inspiraci a&nbsp;p\u0159edev\u0161\u00edm se tam se sv\u00fdm temperamentem c\u00edt\u00edm dob\u0159e. Vn\u00edm\u00e1m, \u017ee jsem br\u00e1na jako jejich, a&nbsp;to je mi p\u0159\u00edjemn\u00e9. N\u011bkdy m\u011b v&nbsp;uvozovk\u00e1ch roz\u010diluje na\u0161e \u010desk\u00e1 laxnost. Mo\u017en\u00e1 by ide\u00e1ln\u00edm \u010dlov\u011bkem mohla b\u00fdt kombinace \u010cecha a&nbsp;Pol\u00e1ka. (sm\u00edch) Samoz\u0159ejm\u011b s&nbsp;nads\u00e1zkou.<\/p>\r\n<p><strong>Protestuje se v\u00a0Polsku filmem?<br \/>\r\n<\/strong>Taky. N\u011bkter\u00e1 t\u00e9mata, kter\u00e1 u\u00a0n\u00e1s nejsou br\u00e1na jako politick\u00e1, a\u00a0je to dob\u0159e, v\u00a0Polsku politick\u00e1 jsou. Jako t\u0159eba queer problematika, LGBT+, velk\u00fdm t\u00e9matem jsou potraty nebo vztah k\u00a0c\u00edrkvi. V\u0161echno to jsou t\u00e9mata, kter\u00e1 se tam diskutuj\u00ed skrze kulturu a\u00a0um\u011bleck\u00e9 intervence.<\/p>\r\n<p><strong>A\u00a0uprchlick\u00e1 krize.<br \/>\r\n<\/strong>P\u0159esn\u011b tak. Je to u\u017e n\u011bkolik let a&nbsp;nic se za tu dobu nezm\u011bnilo, akor\u00e1t k&nbsp;situaci na polsko-b\u011blorusk\u00fdch hranic\u00edch se bohu\u017eel je\u0161t\u011b p\u0159idalo Rusko. O&nbsp;uprchl\u00edc\u00edch a&nbsp;v\u016fbec uprchlick\u00e9 krizi vzniklo v\u00edc film\u016f. Agnieszka Holland nato\u010dila celove\u010dern\u00ed hran\u00fd film Hranice nebo m\u016fj te\u010f u\u017e zn\u00e1m\u00fd, mlad\u00fd re\u017eis\u00e9r Szymon Ruczy\u0144ski vytvo\u0159il takov\u00fd siln\u00fd desetiminutov\u00fd anim\u00e1k V&nbsp;lese jsou lid\u00e9. Szymon pr\u00e1v\u011b z&nbsp;oblasti na hranic\u00edch s&nbsp;B\u011bloruskem poch\u00e1z\u00ed, tak\u017ee m\u00e1 i&nbsp;osobn\u00ed zku\u0161enost.<\/p>\r\n<p><strong>Jeho kra\u0165as jste uvedly na lo\u0148sk\u00e9m Bardzo fajn\u00e9m festivalu. Kde filmy vyb\u00edr\u00e1te?<\/strong><br \/>\r\nNa festivalech. Za\u010d\u00e1tkem roku jezd\u00edm na festival Kino na hranici, na podzim do Gdyn\u011b a&nbsp;v&nbsp;zim\u011b pr\u00e1v\u011b k&nbsp;polsko-b\u011blorusk\u00fdm hranic\u00edm do B\u011blostoku v&nbsp;Podles\u00ed. Tam prob\u00edh\u00e1 mezin\u00e1rodn\u00ed festival kr\u00e1tk\u00fdch film\u016f \u017bubroffka a&nbsp;je tam \u00fapln\u011b skv\u011bl\u00e1 atmosf\u00e9ra, kterou jen tak jinde neza\u017eijete. Jinak se sna\u017e\u00edm udr\u017eet si p\u0159ehled, abych se neztratila v&nbsp;tom, co se v&nbsp;polsk\u00e9m filmu d\u011bje. Mimochodem, v&nbsp;Polsku pr\u016fm\u011brn\u011b nato\u010d\u00ed \u010dty\u0159ikr\u00e1t v\u00edce film\u016f ne\u017e u&nbsp;n\u00e1s. Nem\u00e1m kapacitu a&nbsp;ani ambici st\u00e1t se filmovou v\u011bdkyn\u00ed nebo polonistkou. Jsem sp\u00ed\u0161 nad\u0161enkyn\u011b, populariz\u00e1torka, kter\u00e1 u\u017e m\u00e1 zku\u0161enost s&nbsp;tamn\u00edm prost\u0159ed\u00edm. Te\u010f jsem to po\u010d\u00edtala a&nbsp;do Polska jsem poprv\u00e9 jela v&nbsp;roce 2008, tak\u017ee u\u017e p\u0159ed sedmn\u00e1cti lety.<\/p>\r\n<p><strong>Vra\u0165me se je\u0161t\u011b na po\u010d\u00e1tek festivalu. Pro\u010d zrovna polsk\u00fd film?<br \/>\r\n<\/strong>V Krakov\u011b jsme s&nbsp;kamar\u00e1dkou pracovaly jako dobrovolnice na filmov\u00fdch festivalech, tak\u017ee jsme m\u011bly docela dost nakouk\u00e1no. Kdy\u017e jsme se vr\u00e1tily do Prahy, najednou jsme zjistily, \u017ee v\u0161echny ty skv\u011bl\u00e9 filmy, kter\u00e9 n\u00e1s tolik oslovovaly, nem\u00e1me kde sledovat. Je to p\u0159es deset let, tak\u017ee to bylo je\u0161t\u011b p\u0159ed rozmachem r\u016fzn\u00fdch podcastov\u00fdch aplikac\u00ed a&nbsp;stream\u016f. Nezbylo n\u00e1m ne\u017e se pustit do filmov\u00e9ho prom\u00edt\u00e1n\u00ed. Taky jsme cht\u011bly z\u016fstat v&nbsp;kontaktu s&nbsp;pol\u0161tinou.<\/p>\r\n<p><strong>Festival se zrodil v\u00a0Oku.<br \/>\r\n<\/strong>P\u0159esn\u011b tak. Bio Oko n\u00e1m i&nbsp;p\u0159es na\u0161i nulovou zku\u0161enost vy\u0161lo vst\u0159\u00edc. Nev\u011bd\u011bly jsme, jestli m\u016f\u017eeme n\u011bkde \u017e\u00e1dat o&nbsp;grant, nem\u011bly jsme \u017e\u00e1dnou historii. Za\u0161ly jsme si do Polsk\u00e9ho institutu v&nbsp;Praze a&nbsp;n\u011bjak to v\u0161echno \u0161lo. Prvn\u00ed Bardzo fajny ve\u010der prob\u011bhl na podzim roku 2013 a&nbsp;hned dal\u0161\u00ed rok u\u017e z&nbsp;n\u011bj byla v\u00edcedenn\u00ed akce. Cht\u011bly jsme jej d\u011blat s&nbsp;n\u011bjakou sv\u011b\u017e\u00ed energi\u00ed, kterou jsme znaly z&nbsp;Polska.<\/p>\r\n<p>Ka\u017ed\u00fd projekt m\u00e1 ale sv\u00e9 trv\u00e1n\u00ed, za\u010d\u00e1tek a&nbsp;konec, a&nbsp;ne v\u0161echny akce mohou m\u00edt dvacet nebo pades\u00e1t ro\u010dn\u00edk\u016f. Jsem v&nbsp;tomhle realistka a&nbsp;je dobr\u00e9 si \u0159\u00edct, kam se i&nbsp;ten n\u00e1\u0161 festival za ta l\u00e9ta vyvinul. V\u0161echno se prom\u011b\u0148uje, div\u00e1ctvo, popul\u00e1rn\u00ed jsou nov\u00e9 form\u00e1ty a&nbsp;i&nbsp;my jsme star\u0161\u00ed. Tak\u017ee se sna\u017e\u00edm naj\u00edt koncept, kter\u00fd by m\u011bl st\u00e1le smysl. Te\u010f je to sp\u00ed\u0161 Bardzo fajn\u00fd kino, ve smyslu jednotliv\u00fdch akc\u00ed, a&nbsp;t\u0159eba se b\u011bhem let vyvineme je\u0161t\u011b v&nbsp;jinou iniciativu. M\u00e1m radost, \u017ee n\u00e1s v\u00edc a&nbsp;v\u00edc lid\u00ed za\u010dalo vn\u00edmat jako prost\u0159ed\u00ed pro diskuzi, a&nbsp;to je mo\u017en\u00e1 cesta, kam d\u00e1l festival sm\u011brovat.<\/p>\r\n<p><strong>Festival ze\u0161t\u00edhlil, ale p\u0159ibylo letn\u00edch projekc\u00ed.<br \/>\r\n<\/strong>S letn\u00edm kinem jsme za\u010daly od covidu. Spolupracujeme nejv\u00edc s&nbsp;dejvickou Klubovnou nebo te\u010f i&nbsp;Pragovkou. V\u017edycky se sna\u017e\u00edm, aby n\u00e1\u0161 prom\u00edtan\u00fd film s&nbsp;m\u00edstem n\u011bjak souzn\u011bl. Je p\u011bkn\u00e9 m\u00edt projekce narvan\u00e9 k&nbsp;prasknut\u00ed, ale nemus\u00ed to b\u00fdt nejd\u016fle\u017eit\u011bj\u0161\u00ed. Kdy\u017e u&nbsp;n\u00e1s jednou nebo dvakr\u00e1t uvedeme film, kter\u00fd p\u0159edt\u00edm nem\u011bl \u017e\u00e1dnou propagaci a&nbsp;nikdo o&nbsp;n\u011bm nev\u011bd\u011bl, je mysl\u00edm \u00fapln\u011b v&nbsp;po\u0159\u00e1dku, \u017ee na n\u011bj p\u0159ijde pades\u00e1t a\u017e sto lid\u00ed, a&nbsp;ne t\u0159eba \u010dty\u0159i stovky div\u00e1k\u016f. I&nbsp;tyhle komorn\u00ed form\u00e1ty maj\u00ed smysl a&nbsp;mo\u017en\u00e1 i&nbsp;v\u011bt\u0161\u00ed, proto\u017ee tam mohou vzniknout bli\u017e\u0161\u00ed vztahy. D\u00edky Bardzo fajn\u00fd jsem v&nbsp;Praze na\u0161la takovou \u0161ir\u0161\u00ed polskou rodinu. Vznikla hezk\u00e1 p\u0159\u00e1telstv\u00ed mo\u017en\u00e1 i&nbsp;na cel\u00fd \u017eivot a&nbsp;z&nbsp;toho m\u00e1m radost.<\/p>\r\n<p><strong>Jak\u00fd je pro v\u00e1s nejlep\u0161\u00ed polsk\u00fd filmov\u00fd po\u010din posledn\u00ed doby?<br \/>\r\n<\/strong>\u017diju hodn\u011b t\u00edm, co pr\u00e1v\u011b prom\u00edt\u00e1me. M\u00e1m r\u00e1da filmy \u0141ukasze Rondudy a&nbsp;Piotra Domalewsk\u00e9ho. Pou\u0161t\u011bli jsme hodn\u011b sn\u00edmk\u016f Agnieszky Smoczynsk\u00e9 i&nbsp;Kingy D\u0119bsk\u00e9. Generace filma\u0159\u016f kolem \u010dty\u0159iceti nebo pades\u00e1ti let. Te\u010f m\u011b ale hodn\u011b bav\u00ed filmy mlad\u0161\u00edch tv\u016frc\u016f, student\u016f nebo \u010derstv\u00fdch absolvent\u016f filmov\u00fdch \u0161kol. Jak jste se ptal, co m\u011b napl\u0148uje, tak je to sledov\u00e1n\u00ed film\u016f a&nbsp;prom\u00fd\u0161len\u00ed dramaturgie, kter\u00e1 s&nbsp;jejich uveden\u00edm souvis\u00ed. V\u00edm, \u017ee n\u011bkter\u00e9 filmy, i&nbsp;kdy\u017e m\u011b bav\u00ed a&nbsp;l\u00edb\u00ed se mi, se uv\u00e9st nedaj\u00ed. Mus\u00edm uva\u017eovat nad t\u00edm, co bude rezonovat a&nbsp;fungovat v&nbsp;\u010desk\u00e9m prost\u0159ed\u00ed a&nbsp;pro \u010desk\u00e9ho div\u00e1ka. Nemysl\u00edm to tak, \u017ee by byl m\u00e9n\u011b vn\u00edmav\u00fd, ale jsou to t\u0159eba filmy, kter\u00e9 se mus\u00ed hodn\u011b vysv\u011btlovat.<\/p>\r\n<p><strong>Jak\u00e1 je va\u0161e dramaturgie? Opakuje se v\u00a0nov\u00fdch polsk\u00fdch filmech n\u011bjak\u00e9 z\u00e1sadn\u00ed t\u00e9ma?<br \/>\r\n<\/strong>Od za\u010d\u00e1tku Bardzo fajn\u00e9ho festivalu jsme vyb\u00edraly filmy \u201esv\u011b\u017e\u00ed\u201c, netuctov\u00e9, v\u00edce artov\u00e9, s&nbsp;my\u0161lenkou na popularizaci polsk\u00fdch t\u00e9mat pro \u010desk\u00e9 div\u00e1ky. Objevovala se u&nbsp;n\u00e1s t\u00e9mata vztahu k&nbsp;v\u00ed\u0159e, c\u00edrkvi, queer t\u00e9mata, partnersk\u00e9 vztahy. Z&nbsp;t\u011bch film\u016f, co se dostaly do \u010desk\u00e9 distribuce, nejv\u011bt\u0161\u00ed odezvu vzbudily filmy Corpus Christi Jana Komasy nebo Studen\u00e1 v\u00e1lka re\u017eis\u00e9ra Pawla Pawlikowsk\u00e9ho.<\/p>\r\n<p>Pro m\u011b je ale siln\u00fdm t\u00e9matem vztah k&nbsp;vlastn\u00edmu t\u011blu. L\u00e1ska, emoce, sd\u00edlen\u00ed a&nbsp;tak\u00e9 st\u00e1rnut\u00ed. Mysl\u00edm, \u017ee takov\u00e1 citliv\u00e1 t\u00e9mata se dnes objevuj\u00ed v&nbsp;polsk\u00e9m filmu st\u00e1le \u010dast\u011bji. Uvedly jsme t\u0159eba kr\u00e1tk\u00fd film Marcina Kluczykowsk\u00e9ho A&nbsp;cappella o&nbsp;dvou seniorech, Karolovi a&nbsp;Henrykovi, kte\u0159\u00ed spolu u\u017e mnoho let tvo\u0159\u00ed p\u00e1r, ale svoji orientaci p\u0159ed okol\u00edm skr\u00fdvaj\u00ed. Je to takov\u00e1 hodn\u011b siln\u00e1 observace jednoho dne v&nbsp;jejich \u017eivot\u011b. Nebo film Lekce l\u00e1sky, ve kter\u00e9m re\u017eis\u00e9rky Ma\u0142gorzata Goliszewska a&nbsp;Kasia Mateja dokumentuj\u00ed seniorku Jolu, kter\u00e1 si v&nbsp;jeden moment \u0159ekne, \u017ee u\u017e nechce \u017e\u00edt jako d\u0159\u00edv \u2013 \u017ee si chce u\u017e\u00edvat \u017eivota, b\u00fdt aktivn\u00ed, tan\u010dit. Nakonec si najde i&nbsp;milence Wojtka, proto\u017ee jej\u00ed mu\u017e ji t\u00fdr\u00e1, jen sed\u00ed doma a&nbsp;nic ned\u011bl\u00e1.<\/p>\r\n<p><strong>Prom\u00edt\u00e1 se do polsk\u00e9 filmov\u00e9 tvorby i\u00a0sou\u010dasn\u00e9 politick\u00e9 d\u011bn\u00ed?<br \/>\r\n<\/strong>Ur\u010dit\u011b ano, ale j\u00e1 se sp\u00ed\u0161e soust\u0159ed\u00edm na filmy, kter\u00e9 zkoumaj\u00ed n\u011bjak\u00e9 spole\u010densk\u00e9 fenom\u00e9ny nebo jsou artov\u011bj\u0161\u00ed. Sna\u017e\u00edm se uv\u00e1d\u011bt filmy, kter\u00e9 nejsou zat\u011b\u017ekan\u00e9 histori\u00ed. Takov\u00fdch vznik\u00e1 v\u00a0Polsku opravdu hodn\u011b a\u00a0taky u\u017e jsem jich hodn\u011b vid\u011bla. Sou\u010dasn\u00e1 t\u00e9mata ve mn\u011b ale rezonuj\u00ed v\u00edc. Kdy\u017e si budu cht\u00edt doplnit n\u011bjakou \u010d\u00e1st polsk\u00e9 historie, rozhodn\u011b v\u00edm, kam s\u00e1hnout.<\/p>\r\n<p>Uvedli jsme t\u0159eba filmy re\u017eis\u00e9ra Wojciecha Smarzowsk\u00e9ho, siln\u00e9 v\u00fdpov\u011bdi, kter\u00e9 jsou takov\u00e9 tvrd\u00e9. \u010casto vypr\u00e1v\u00ed o\u00a0dramatech spojen\u00fdch s\u00a0alkoholem nebo hlub\u0161\u00ed spole\u010densk\u00e9 p\u0159\u00edb\u011bhy \u010dasto spjat\u00e9 s\u00a0c\u00edrkv\u00ed, politikou a\u00a0ur\u010ditou z\u00e1vislost\u00ed.<\/p>\r\n<p>M\u00e1m ale v\u011bt\u0161\u00ed radost, kdy\u017e div\u00e1ci odch\u00e1zej\u00edc\u00ed z\u00a0kina rozvern\u011b diskutuj\u00ed, maj\u00ed se k\u00a0sob\u011b a\u00a0jdou si d\u00e1t t\u0159eba je\u0161t\u011b jeden drink, ne\u017e kdy\u017e po\u00a0Smarzowsk\u00e9ho\u00a0filmu vyjdou ven a\u00a0jsou jako opa\u0159en\u00ed. I\u00a0takov\u00fd je ale polsk\u00fd film.<\/p>\r\n<p><strong>M\u00e1te p\u0159edstavu, kolik polsk\u00fdch film\u016f se dostane do \u010desk\u00e9 distribuce?<\/strong><br \/>\r\nNebude jich moc. \u0158ekla bych, \u017ee tak jeden, maxim\u00e1ln\u011b dva za dva roky, co\u017e je stra\u0161n\u011b m\u00e1lo. Proto jsme pr\u00e1v\u011b p\u0159ed t\u011bmi 12 lety zalo\u017eily Bardzo fajn\u00fd festival. Nem\u011bly jsme na co chodit do kina. Te\u010f jsem vid\u011bla skv\u011bl\u00fd film Agnieszky Holland Franz, kter\u00fd Pol\u00e1ci pos\u00edlaj\u00ed do oscarov\u00e9ho boje. S\u00a0Agnieszkou jsem se osobn\u011b setkala na festivalu v\u00a0Gdyni. Ona je takov\u00e1 chod\u00edc\u00ed encyklopedie, v\u0161echno si pamatuje. Mezi na\u0161imi zem\u011bmi je hezky rozkro\u010den\u00e1 \u2013 a\u00a0mysl\u00edm, \u017ee d\u011bl\u00e1 pro \u010desko-polsk\u00e9 vztahy opravdu hodn\u011b, stejn\u011b t\u0159eba jako Mariusz Szczygie\u0142, kter\u00e9ho jsem u\u017e zm\u00ednila. Samoz\u0159ejm\u011b jsou tady instituty jako \u010cesk\u00e9 centrum ve Var\u0161av\u011b nebo Polsk\u00fd institut v\u00a0Praze, jejich role je tak\u00e9 velmi d\u016fle\u017eit\u00e1.<\/p>\r\n<p><strong>S\u00a0nat\u00e1\u010den\u00edm filmu m\u00e1te vlastn\u00ed zku\u0161enosti.<br \/>\r\n<\/strong>Prvn\u00ed zku\u0161enosti jsem z\u00edskala p\u0159i nat\u00e1\u010den\u00ed kr\u00e1tk\u00e9ho filmu Les. Je to takov\u00e9 lyrick\u00e9 zamy\u0161len\u00ed nad \u010cimick\u00fdm h\u00e1jem, kde jsem tr\u00e1vila d\u011btstv\u00ed. O\u00a0nostalgii a\u00a0nen\u00e1vratnosti d\u011btstv\u00ed. L\u00edb\u00ed se mi proces filmov\u00e9 tvorby, beru ho i\u00a0jako takov\u00fd proces setk\u00e1n\u00ed se sebou. Oba m\u00e9 filmy jsou hodn\u011b intimn\u00ed.<\/p>\r\n<p><strong>T\u00e9matem druh\u00e9ho filmu je smrt va\u0161eho otce, od kter\u00e9 uplynulo u\u017e v\u00edce ne\u017e 20 let. Kdy se z\u00a0t\u00e9to tragick\u00e9 osobn\u00ed ud\u00e1losti stal n\u00e1m\u011bt na film?<\/strong><br \/>\r\nV\u017edycky jsem p\u0159em\u00fd\u0161lela, jak se k&nbsp;t\u00e9 ud\u00e1losti vzt\u00e1hnout. M\u011bla jsem napsan\u00e9 \u00fatr\u017eky text\u016f, takovou osobn\u00ed b\u00e1se\u0148. \u010casem jsem si vytvo\u0159ila krabi\u010dku vzpom\u00ednek na t\u00e1tu, nejprve v&nbsp;hlav\u011b, potom i&nbsp;opravdovou krabici \u2013 jen t\u011bch v\u011bc\u00ed po tolika letech u\u017e moc nen\u00ed. Kdy\u017e mi bylo smutno, tak jsem si s&nbsp;t\u011bmi p\u0159edm\u011bty pov\u00eddala, hr\u00e1la si s&nbsp;nimi. Velkou roli hr\u00e1lo to, \u017ee jsem se p\u0159est\u011bhovala z&nbsp;Buben\u010de do Kobylis, zp\u00e1tky do bytu, kde jsem vyrostla. Znovu a&nbsp;dost z\u00e1sadn\u011b jsem se setkala p\u0159\u00edmo s&nbsp;m\u00edstem, kde m\u016fj otec zem\u0159el. Srazilo ho auto na p\u0159echodu pro chodce na ru\u0161n\u00e9 \u010cimick\u00e9 ulici. Na to m\u00edsto jsem hodn\u011b zanev\u0159ela a&nbsp;nemohla jsem tam mnoho let v\u016fbec chodit. Bylo to pro m\u011b opravdu t\u011b\u017ek\u00e9. Najednou jsem se po t\u011bch letech dostala zp\u00e1tky, jak na to m\u00edsto, tak do toho bytu. M\u011bla jsem obavy, jak to bude, jestli se mi nebudou vracet n\u011bkter\u00e9 nep\u0159\u00edjemn\u00e9 vzpom\u00ednky. Nem\u011bla jsem ale \u00fapln\u011b na v\u00fdb\u011br, proto\u017ee v\u0161ichni v\u011bd\u00ed, jak\u00e1 je dnes bytov\u00e1 situace.<\/p>\r\n<p><strong>L\u00e9\u010d\u00ed \u010das?<\/strong><br \/>\r\nAno, najednou jsem zjistila, \u017ee to nen\u00ed probl\u00e9m \u2013 \u017ee tam m\u016f\u017eu tu silnici \u00fapln\u011b norm\u00e1ln\u011b p\u0159ej\u00edt. Na t\u011bch m\u00edstech st\u00e1le c\u00edt\u00edm siln\u00e9 emoce. Samotnou m\u011b ale ta lehkost setk\u00e1n\u00ed najednou naplnila klidem a\u00a0pocitem, \u017ee te\u010f je pr\u00e1v\u011b ta doba, kdy s\u00a0t\u00edm t\u00e9matem m\u016f\u017eu j\u00edt ven. Mnoho z\u00a0m\u00fdch p\u0159\u00e1tel a\u00a0zn\u00e1m\u00fdch z\u00a0dosp\u011bl\u00e9ho \u017eivota o\u00a0tom v\u016fbec nev\u011bd\u011blo. S\u00a0t\u00edm se prost\u011b neseznamujete. \u010clov\u011bk to m\u00e1 po\u0159\u00e1d v\u00a0hlav\u011b a\u00a0j\u00e1 s\u00a0t\u00edm \u017eila denn\u011b dlouh\u00e1 l\u00e9ta, ale pak se mi poda\u0159ilo naj\u00edt vnit\u0159n\u00ed klid. Uv\u011bdomila jsem si, \u017ee nastal \u010das, kdy se k\u00a0t\u00e9 ud\u00e1losti mohu vzt\u00e1hnout i\u00a0skrze svou tvorbu.<\/p>\r\n<p><strong>Tak jste se s&nbsp;n\u00e1m\u011btem p\u0159ihl\u00e1sila do filmov\u00e9 d\u00edlny My Street Films?<br \/>\r\n<\/strong>Na workshop jsem se p\u0159ihl\u00e1sila i&nbsp;s&nbsp;m\u00fdm prvn\u00edm filmem Les. Kdy\u017e v\u00e1\u0161 n\u00e1m\u011bt vyberou, m\u016f\u017eete absolvovat s\u00e9rii t\u0159\u00ed a\u017e \u010dty\u0159 workshop\u016f se zku\u0161en\u011bj\u0161\u00edmi filma\u0159i. Potkaj\u00ed se tam tak\u00e9 auto\u0159i vybran\u00fdch n\u00e1m\u011bt\u016f, kter\u00e9 pak spolu sd\u00edlej\u00ed. To je mysl\u00edm hodn\u011b d\u016fle\u017eit\u00e9, pro m\u011b to tak rozhodn\u011b bylo.<\/p>\r\n<p>M\u011bla jsem o\u00a0sv\u00e9m filmu ur\u010ditou p\u0159edstavu, jak bude vypadat. Taky jsem cht\u011bla pracovat s\u00a0p\u0159edm\u011bty, kter\u00e9 mi po t\u00e1tovi z\u016fstaly, ale nakonec vypad\u00e1 \u00fapln\u011b jinak. Jednou jsem \u0161la ten p\u0159echod dokumentovat a\u00a0v\u016fbec jsem si nemyslela, \u017ee bych z\u00a0toho n\u011bjak\u00fd z\u00e1b\u011br ve filmu pou\u017eila. No a\u00a0jak jsem tam najednou str\u00e1vila n\u011bkolik hodin, tak jsem zjistila, \u017ee to m\u00edsto m\u00e1 sv\u016fj specifick\u00fd genius loci, \u017ee je to m\u00edsto, kde se mi hezky na t\u00e1tu vzpom\u00edn\u00e1 \u2013 \u017ee se prom\u011b\u0148uje, jin\u00e9 je r\u00e1no, v\u00a0poledne, ve\u010der, v\u00a0noci. C\u00edtila jsem tam s\u00edlu, ale i\u00a0zvl\u00e1\u0161tn\u00ed nervozitu. Rezonovalo tam ve mn\u011b tolik v\u011bc\u00ed a\u00a0j\u00e1 si \u0159ekla, tady postav\u00edm kameru a\u00a0tady se zastav\u00edm.<\/p>\r\n<p><strong>A\u00a0tak vznikl v\u00fdsledn\u00fd minimalistick\u00fd tvar?<\/strong><br \/>\r\nJedn\u00edm ze zdroj\u016f inspirace v\u00fdsledn\u00e9ho tvaru byl Film z\u00a0balkonu, kter\u00fd nato\u010dil cel\u00fd ze sv\u00e9ho balkonu metodou observace dokumentarista Pawe\u0142 \u0141ozi\u0144ski. Prost\u011b jen nastavil kameru a\u00a0to\u010dil ulici, nen\u00ed tam nic v\u00edc ne\u017e ten z\u00e1b\u011br \u2013 maxim\u00e1ln\u011b tam \u0161venkuje nebo se rozhl\u00ed\u017e\u00ed kamerou. Oslovuje lidi, diskutuje s\u00a0nimi, oni se s\u00a0n\u00edm d\u00e1vaj\u00ed do \u0159e\u010di. Ten film je ve sv\u00e9m minimalismu prost\u011b skv\u011bl\u00fd. Cht\u011bla jsem nato\u010dit film, ve kter\u00e9m by v\u0161echen balast \u0161el pry\u010d a\u00a0z\u016fstalo tam jen to d\u016fle\u017eit\u00e9.<\/p>\r\n<p><strong>P\u0159echod v&nbsp;sout\u011b\u017ei My Street Films Award usp\u011bl.<br \/>\r\n<\/strong>Vyhr\u00e1l hlavn\u00ed cenu, byl uveden\u00fd na Mezin\u00e1rodn\u00edm festivalu dokument\u00e1rn\u00edch film\u016f v\u00a0Jihlav\u011b a\u00a0m\u011bla jsem s\u00a0n\u00edm celkov\u011b asi 35 projekc\u00ed nejenom u\u00a0n\u00e1s, ale t\u0159eba i\u00a0v\u00a0N\u011bmecku, co\u017e je velk\u00fd \u00fasp\u011bch, proto\u017ee jsem ho nato\u010dila od\u00a0A\u00a0do Z\u00a0sama, po z\u00e1v\u011bre\u010dn\u00fd export, hudbu. Ta je tedy velmi amat\u00e9rsky nahran\u00e1, m\u016fj hlas je stra\u0161n\u011b potichu, ale j\u00e1 si za n\u00edm stoj\u00edm a\u00a0u\u017e ho vylep\u0161ovat nebudu. Tak to m\u011blo b\u00fdt.<\/p>\r\n<p><strong>Jak\u00e1 na n\u011bj byla reakce div\u00e1k\u016f?<\/strong><br \/>\r\nMysl\u00edm, \u017ee P\u0159echod promluvil ke spoust\u011b lidem. M\u011bla jsem na n\u011bj moc dobrou odezvu a\u00a0te\u010f jsem ho t\u0159eba prom\u00edtala v\u00a0\u010f\u00e1blick\u00e9m \u00dalu na Za\u017e\u00edt m\u011bsto jinak. Nav\u00edc ho vybrali do \u010desko-n\u011bmeck\u00e9ho projektu Feinko\u0161t a\u00a0d\u00edky tomu jel takovou men\u0161\u00ed tour po n\u011bmeck\u00fdch m\u011bstech \u2013 t\u0159eba od \u00fapln\u011b nacpan\u00e9ho kina v\u00a0Dr\u00e1\u017e\u010fanech po prom\u00edt\u00e1n\u00ed v\u00a0Berl\u00edn\u011b. Reakce byly velmi pozitivn\u00ed, co\u017e mi d\u011blalo samoz\u0159ejm\u011b radost. Nav\u00edc se stal takov\u00fdm kl\u00ed\u010dem k\u00a0tomu, aby se o\u00a0smrti m\u00e9ho t\u00e1ty v\u00edce mluvilo i\u00a0v\u00a0na\u0161\u00ed rodin\u011b. Otev\u0159ela jsem t\u00edm hodn\u011b t\u00e9mat.<\/p>\r\n<p>Ve filmu nezazn\u00ed jm\u00e9no m\u00e9ho t\u00e1ty, nen\u00ed tam vid\u011bt ani on, ani jeho v\u011bci. Jsou tam jen n\u011bjak\u00e9 re\u00e1lie, kter\u00e9 s\u00a0n\u00edm souvisej\u00ed. Neukazuji tam ani t\u011bch p\u00e1r jeho fotografi\u00ed, kter\u00e9 m\u00e1m. \u0158\u00edkala jsem si, \u017ee nev\u00edm, jestli by si to p\u0159\u00e1l, a\u00a0j\u00e1 cht\u011bla sv\u016fj film nato\u010dit s\u00a0\u00factou k\u00a0tomu, jak\u00fd byl. Hodn\u011b lid\u00ed mi \u0159eklo, \u017ee je to film sp\u00ed\u0161 o\u00a0mn\u011b a\u00a0o\u00a0m\u00e9 cest\u011b, s\u00a0\u010d\u00edm\u017e souhlas\u00edm. Mysl\u00edm, \u017ee je tam n\u011bjak\u00e9 moje p\u0159ijet\u00ed t\u00e9 situace, ale z\u00e1rove\u0148 tam nevn\u00edm\u00e1m n\u011bjakou definitivnost. Jen se p\u00e1rkr\u00e1t pod\u00edv\u00e1m nahoru a\u00a0to je v\u0161echno. C\u00edt\u00edm, \u017ee je d\u016fle\u017eit\u00e9\u00a0o\u00a0t\u011bch v\u011bcech mluvit. Mluvit o\u00a0smrti.<\/p>\r\n<p><strong>M\u00e1te na Sedmi\u010dce obl\u00edben\u00e1 m\u00edsta?<br \/>\r\n<\/strong>Je jich spousta. Bio Oko, samoz\u0159ejm\u011b, tam jsem m\u011bla i&nbsp;svatbu. (sm\u00edch) Ka\u017edou n\u00e1v\u0161t\u011bvu, kter\u00e1 za mnou p\u0159ijde, hned beru na st\u0159echu N\u00e1rodn\u00edho zem\u011bd\u011blsk\u00e9ho muzea, kde v&nbsp;sou\u010dasnosti pracuju. Ze st\u0159echy je toti\u017e ten nejkr\u00e1sn\u011bj\u0161\u00ed v\u00fdhled na Prahu. P\u0159ekvapilo m\u011b, kolik Lete\u0148\u00e1k\u016f o&nbsp;t\u00e9to mo\u017enosti ani nev\u00ed nebo tam nikdy nebyli. L\u00edb\u00ed se mi, jak se tady ulice prom\u011b\u0148uj\u00ed, napl\u0148uje m\u011b radost\u00ed, kdy\u017e jimi proch\u00e1z\u00edm a&nbsp;vzpomenu si, jak tam t\u0159eba d\u0159\u00edv ne\u0161lo v\u016fbec proj\u00edt a&nbsp;te\u010f to jde. Na druhou stranu m\u011b mrz\u00ed zanikaj\u00edc\u00ed prodejny. Dom\u00e1c\u00ed pot\u0159eby budu vyd\u00fdch\u00e1vat je\u0161t\u011b dlouhou dobu. Ne v\u0161echno ale m\u016f\u017ee z\u016fstat, t\u00e9 prom\u011bn\u011b rozum\u00edm \u2013 je to proces, stejn\u00fd jako t\u0159eba s&nbsp;t\u00edm na\u0161\u00edm festivalem.<\/p>\r\n<hr \/>\r\n<p><strong>Tereza Plaveck\u00e1<\/strong> (*1986) vystudovala Medi\u00e1ln\u00ed a&nbsp;komunika\u010dn\u00ed studia a&nbsp;Ve\u0159ejnou a&nbsp;soci\u00e1ln\u00ed politiku na Fakult\u011b soci\u00e1ln\u00edch v\u011bd UK. Zalo\u017eila spolek Popular, kter\u00fd organizuje Bardzo fajn\u00fd festival polsk\u00e9 kultury. \u017divila se prac\u00ed v&nbsp;kultu\u0159e nebo m\u00e9di\u00edch, prac\u00ed v&nbsp;neziskov\u00e9m sektoru. Spolupracuje s&nbsp;\u010cesk\u00fdm rozhlasem, je PR a&nbsp;tiskovou mluv\u010d\u00ed N\u00e1rodn\u00edho zem\u011bd\u011blsk\u00e9ho muzea. V&nbsp;roce 2017 nato\u010dila kr\u00e1tk\u00fd film Les, kter\u00fd z\u00edskal zvl\u00e1\u0161tn\u00ed uzn\u00e1n\u00ed poroty sout\u011b\u017ee My Street Films. Jej\u00ed druh\u00fd kr\u00e1tk\u00fd film P\u0159echod z\u00edskal v&nbsp;roce 2022 prvn\u00ed cenu v&nbsp;sout\u011b\u017ei My Street Films Award a&nbsp;tak\u00e9 ocen\u011bn\u00ed studentsk\u00e9 poroty. Oba filmy si m\u016f\u017eete p\u0159ehr\u00e1t na <a href=\"http:\/\/www.dafilms.cz\" target=\"_blank\" rel=\"noopener\">www.dafilms.cz<\/a>.<\/p>","protected":false},"excerpt":{"rendered":"[perex] Filmov\u00e1 \u0159e\u010d Terezy Plaveck\u00e9 je tich\u00e1, jemn\u00e1 a&nbsp;poetick\u00e1, stejn\u011b jako ona sama. U\u010darovala j\u00ed atmosf\u00e9ra kinos\u00e1l\u016f a&nbsp;kouzlo dokument\u00e1rn\u00ed v\u00fdpov\u011bdi. Na n\u011bkolik let se jej\u00edm domovem stalo Bio Oko, kde na\u0161la nejenom pr\u00e1ci, ale i&nbsp;\u017eivotn\u00edho partnera a&nbsp;z\u00e1zem\u00ed pro sv\u016fj vysn\u011bn\u00fd Bardzo fajn\u00fd festival. Propadla polsk\u00e9 kultu\u0159e a&nbsp;sama v&nbsp;sob\u011b na\u0161la kus Polky. Kudy vedla jej\u00ed cesta [&hellip;]","protected":false},"author":292,"featured_media":87879,"comment_status":"closed","ping_status":"open","sticky":false,"template":"","format":"standard","meta":[],"categories":[37],"tags":[],"_links":{"self":[{"href":"https:\/\/www.praha7.cz\/api\/wp\/v2\/posts\/87878"}],"collection":[{"href":"https:\/\/www.praha7.cz\/api\/wp\/v2\/posts"}],"about":[{"href":"https:\/\/www.praha7.cz\/api\/wp\/v2\/types\/post"}],"author":[{"embeddable":true,"href":"https:\/\/www.praha7.cz\/api\/wp\/v2\/users\/292"}],"replies":[{"embeddable":true,"href":"https:\/\/www.praha7.cz\/api\/wp\/v2\/comments?post=87878"}],"version-history":[{"count":1,"href":"https:\/\/www.praha7.cz\/api\/wp\/v2\/posts\/87878\/revisions"}],"predecessor-version":[{"id":87880,"href":"https:\/\/www.praha7.cz\/api\/wp\/v2\/posts\/87878\/revisions\/87880"}],"wp:featuredmedia":[{"embeddable":true,"href":"https:\/\/www.praha7.cz\/api\/wp\/v2\/media\/87879"}],"wp:attachment":[{"href":"https:\/\/www.praha7.cz\/api\/wp\/v2\/media?parent=87878"}],"wp:term":[{"taxonomy":"category","embeddable":true,"href":"https:\/\/www.praha7.cz\/api\/wp\/v2\/categories?post=87878"},{"taxonomy":"post_tag","embeddable":true,"href":"https:\/\/www.praha7.cz\/api\/wp\/v2\/tags?post=87878"}],"curies":[{"name":"wp","href":"https:\/\/api.w.org\/{rel}","templated":true}]}}