    
{"id":87867,"date":"2025-11-11T11:20:32","date_gmt":"2025-11-11T10:20:32","guid":{"rendered":"https:\/\/www.praha7.cz\/?p=87867"},"modified":"2025-11-25T16:26:21","modified_gmt":"2025-11-25T15:26:21","slug":"tsk-kose-2025","status":"publish","type":"post","link":"https:\/\/www.praha7.cz\/tsk-kose-2025\/","title":{"rendered":"TSK v&nbsp;Praze 7 realizuje v\u00fdm\u011bnu a&nbsp;\u00fapravu rozm\u00edst\u011bn\u00ed odpadkov\u00fdch ko\u0161\u016f"},"content":{"rendered":"<p>[perex]<\/p>\r\n<p>V pr\u016fb\u011bhu podzimu 2025 prob\u011bhne na cel\u00e9m \u00fazem\u00ed m\u011bstsk\u00e9 \u010d\u00e1sti Praha&nbsp;7 v\u00fdm\u011bna odpadkov\u00fdch ko\u0161\u016f ve spr\u00e1v\u011b Technick\u00e9 spr\u00e1vy komunikac\u00ed za nov\u00fd typ. Jedn\u00e1 se celkem o&nbsp;167 kus\u016f. Sou\u010d\u00e1st\u00ed t\u00e9to akce je i&nbsp;celkov\u00e1 \u00faprava jejich rozm\u00edst\u011bn\u00ed v&nbsp;uli\u010dn\u00edm prostoru. C\u00edlem je p\u0159izp\u016fsobit um\u00edst\u011bn\u00ed v\u0161ech ko\u0161\u016f po\u017eadavk\u016fm sou\u010dasn\u00e9 doby, p\u0159edev\u0161\u00edm s&nbsp;ohledem na bezpe\u010dnost a&nbsp;bezbari\u00e9rovost.<\/p>\r\n<p>[\/perex]<\/p>\r\n<p>V pr\u016fb\u011bhu podzimu 2025 prob\u011bhne na cel\u00e9m \u00fazem\u00ed m\u011bstsk\u00e9 \u010d\u00e1sti Praha&nbsp;7 v\u00fdm\u011bna odpadkov\u00fdch ko\u0161\u016f ve spr\u00e1v\u011b Technick\u00e9 spr\u00e1vy komunikac\u00ed za nov\u00fd typ. Jedn\u00e1 se celkem o&nbsp;167 kus\u016f. Sou\u010d\u00e1st\u00ed t\u00e9to akce je i&nbsp;celkov\u00e1 \u00faprava jejich rozm\u00edst\u011bn\u00ed v&nbsp;uli\u010dn\u00edm prostoru. C\u00edlem je p\u0159izp\u016fsobit um\u00edst\u011bn\u00ed v\u0161ech ko\u0161\u016f po\u017eadavk\u016fm sou\u010dasn\u00e9 doby, p\u0159edev\u0161\u00edm s&nbsp;ohledem na bezpe\u010dnost a&nbsp;bezbari\u00e9rovost.<\/p>\r\n<p>Hlavn\u00edm z\u00e1m\u011brem t\u00e9to revize st\u00e1vaj\u00edc\u00edho um\u00edst\u011bn\u00ed je p\u0159izp\u016fsobit rozm\u00edst\u011bn\u00ed ko\u0161\u016f tak, aby odpov\u00eddalo aktu\u00e1ln\u00edm n\u00e1rok\u016fm na ve\u0159ejn\u00fd prostor. Velk\u00fd d\u016fraz je kladen na dopravn\u011b-bezpe\u010dnostn\u00ed charakter. V&nbsp;praxi to znamen\u00e1, \u017ee ko\u0161e budou odstra\u0148ov\u00e1ny z&nbsp;nevhodn\u00fdch m\u00edst, jako jsou sloupy dopravn\u00edho zna\u010den\u00ed nebo bl\u00edzkost p\u0159echod\u016f pro chodce a&nbsp;p\u0159em\u00edst\u011bny na nov\u00e9 stanovi\u0161t\u011b.<\/p>\r\n<p>Dal\u0161\u00edm kl\u00ed\u010dov\u00fdm aspektem je zv\u00fd\u0161en\u00ed p\u0159\u00edv\u011btivosti pro osoby s&nbsp;pohybov\u00fdmi omezen\u00edmi a&nbsp;pro nevidom\u00e9 spoluob\u010dany. Nov\u00e9 um\u00edst\u011bn\u00ed ko\u0161\u016f zajist\u00ed dostate\u010dn\u00fd pr\u016fchoz\u00ed profil na chodn\u00edc\u00edch a&nbsp;db\u00e1 na to, aby ko\u0161e nenaru\u0161ovaly vodic\u00ed linie pro nevidom\u00e9. Nov\u00e9 um\u00edst\u011bn\u00ed bude tak\u00e9 br\u00e1t ohled na pr\u016fjezdnost techniky pro strojn\u00ed \u010di\u0161t\u011bn\u00ed, a&nbsp;to v&nbsp;jak\u00e9mkoliv ro\u010dn\u00edm obdob\u00ed.<\/p>\r\n<p>V r\u00e1mci prac\u00ed na nov\u00e9m rozm\u00edst\u011bn\u00ed m\u016f\u017ee v&nbsp;ulic\u00edch doch\u00e1zet ke kr\u00e1tkodob\u00e9mu naru\u0161en\u00ed b\u011b\u017en\u00e9ho chodu. Za p\u0159\u00edpadn\u00e9 komplikace se obyvatel\u016fm p\u0159edem omlouv\u00e1me.<\/p>\r\n<p>Technick\u00e1 spr\u00e1va komunikac\u00ed (TSK) se bude i&nbsp;nad\u00e1le pe\u010dliv\u011b zab\u00fdvat nov\u00fdmi po\u017eadavky a&nbsp;podn\u011bty od ob\u010dan\u016f. Ty je mo\u017en\u00e9 p\u0159edkl\u00e1dat na \u00da\u0159ad M\u010c Praha&nbsp;7, kde budou n\u00e1sledn\u011b ve vz\u00e1jemn\u00e9 spolupr\u00e1ci TSK a&nbsp;m\u011bstsk\u00e9 \u010d\u00e1sti hled\u00e1na optim\u00e1ln\u00ed \u0159e\u0161en\u00ed.<\/p>\r\n<p>Podn\u011bty je mo\u017en\u00e9 pos\u00edlat na: <a href=\"mailto:kose@praha7.cz\">kose@praha7.cz<\/a><\/p>","protected":false},"excerpt":{"rendered":"[perex] V&nbsp;pr\u016fb\u011bhu podzimu 2025 prob\u011bhne na cel\u00e9m \u00fazem\u00ed m\u011bstsk\u00e9 \u010d\u00e1sti Praha&nbsp;7 v\u00fdm\u011bna odpadkov\u00fdch ko\u0161\u016f ve spr\u00e1v\u011b Technick\u00e9 spr\u00e1vy komunikac\u00ed za nov\u00fd typ. Jedn\u00e1 se celkem o&nbsp;167 kus\u016f. Sou\u010d\u00e1st\u00ed t\u00e9to akce je i&nbsp;celkov\u00e1 \u00faprava jejich rozm\u00edst\u011bn\u00ed v&nbsp;uli\u010dn\u00edm prostoru. C\u00edlem je p\u0159izp\u016fsobit um\u00edst\u011bn\u00ed v\u0161ech ko\u0161\u016f po\u017eadavk\u016fm sou\u010dasn\u00e9 doby, p\u0159edev\u0161\u00edm s&nbsp;ohledem na bezpe\u010dnost a&nbsp;bezbari\u00e9rovost. [\/perex] V&nbsp;pr\u016fb\u011bhu [&hellip;]","protected":false},"author":5,"featured_media":87868,"comment_status":"closed","ping_status":"open","sticky":false,"template":"","format":"standard","meta":[],"categories":[34],"tags":[],"_links":{"self":[{"href":"https:\/\/www.praha7.cz\/api\/wp\/v2\/posts\/87867"}],"collection":[{"href":"https:\/\/www.praha7.cz\/api\/wp\/v2\/posts"}],"about":[{"href":"https:\/\/www.praha7.cz\/api\/wp\/v2\/types\/post"}],"author":[{"embeddable":true,"href":"https:\/\/www.praha7.cz\/api\/wp\/v2\/users\/5"}],"replies":[{"embeddable":true,"href":"https:\/\/www.praha7.cz\/api\/wp\/v2\/comments?post=87867"}],"version-history":[{"count":1,"href":"https:\/\/www.praha7.cz\/api\/wp\/v2\/posts\/87867\/revisions"}],"predecessor-version":[{"id":87869,"href":"https:\/\/www.praha7.cz\/api\/wp\/v2\/posts\/87867\/revisions\/87869"}],"wp:featuredmedia":[{"embeddable":true,"href":"https:\/\/www.praha7.cz\/api\/wp\/v2\/media\/87868"}],"wp:attachment":[{"href":"https:\/\/www.praha7.cz\/api\/wp\/v2\/media?parent=87867"}],"wp:term":[{"taxonomy":"category","embeddable":true,"href":"https:\/\/www.praha7.cz\/api\/wp\/v2\/categories?post=87867"},{"taxonomy":"post_tag","embeddable":true,"href":"https:\/\/www.praha7.cz\/api\/wp\/v2\/tags?post=87867"}],"curies":[{"name":"wp","href":"https:\/\/api.w.org\/{rel}","templated":true}]}}