    
{"id":87847,"date":"2025-11-10T13:48:51","date_gmt":"2025-11-10T12:48:51","guid":{"rendered":"https:\/\/www.praha7.cz\/?p=87847"},"modified":"2025-11-18T11:20:49","modified_gmt":"2025-11-18T10:20:49","slug":"nataceni-uzavre-cast-ulice-pristavni","status":"publish","type":"post","link":"https:\/\/www.praha7.cz\/nataceni-uzavre-cast-ulice-pristavni\/","title":{"rendered":"Nat\u00e1\u010den\u00ed uzav\u0159e \u010d\u00e1st ulice P\u0159\u00edstavn\u00ed"},"content":{"rendered":"<p>[perex]<\/p>\r\n<p>Upozor\u0148ujeme, \u017ee v&nbsp;ulici P\u0159\u00edstavn\u00ed prob\u011bhne nat\u00e1\u010den\u00ed americk\u00e9ho filmu Resident Evil. P\u0159\u00edpravy, s&nbsp;nimi\u017e budou spojeny p\u0159edev\u0161\u00edm do\u010dasn\u00e9 z\u00e1bory parkovac\u00edch m\u00edst, za\u010dnou ve dnech 12.&nbsp;a&nbsp;13.&nbsp;listopadu 2025 a&nbsp;samotn\u00e9 nat\u00e1\u010den\u00ed prob\u011bhne od p\u00e1tku 14.&nbsp;listopadu do pond\u011bl\u00ed 17.&nbsp;listopadu 2025. V&nbsp;t\u011bchto dnech bude v&nbsp;odpoledn\u00edch a&nbsp;no\u010dn\u00edch hodin\u00e1ch (zhruba 15.00\u20133.00) ulice P\u0159\u00edstavn\u00ed v&nbsp;\u00faseku Komunard\u016f\u2013Osadn\u00ed uzav\u0159ena pro automobilovou dopravu.<\/p>\r\n<p>Pros\u00edme, sledujte dopravn\u00ed zna\u010den\u00ed a&nbsp;v\u00a0m\u00edst\u011b nat\u00e1\u010den\u00ed se \u0159i\u010fte pokyny po\u0159adatelsk\u00e9 slu\u017eby. D\u011bkujeme za pochopen\u00ed a&nbsp;omlouv\u00e1me se za p\u0159\u00edpadn\u00e9 komplikace.<\/p>\r\n<p>[\/perex]<\/p>\r\n<p>Nat\u00e1\u010den\u00ed filmu Resident Evil se odehr\u00e1v\u00e1 na r\u016fzn\u00fdch m\u00edstech v\u00a0Praze. V\u00a0P\u0159\u00edstavn\u00ed ulici se bude nat\u00e1\u010det no\u010dn\u00ed sc\u00e9na s&nbsp;vraky aut a&nbsp;um\u011bl\u00fdm sn\u011bhem.<\/p>\r\n<p>P\u0159\u00edpravn\u00e9 pr\u00e1ce za\u010dnou ve st\u0159edu 12.&nbsp;listopadu a&nbsp;postupn\u011b si vy\u017e\u00e1daj\u00ed z\u00e1bory parkovac\u00edch m\u00edst v&nbsp;ulici P\u0159\u00edstavn\u00ed (v&nbsp;\u00faseku Komunard\u016f\u2013Osadn\u00ed) a&nbsp;\u010d\u00e1ste\u010dn\u011b tak\u00e9 v&nbsp;p\u0159ilehl\u00fdch \u00fasec\u00edch ulic Osadn\u00ed, Komunard\u016f a&nbsp;U&nbsp;Pr\u016fhonu.\u00a0<\/p>\r\n<p>Samotn\u00e9 nat\u00e1\u010den\u00ed bude prob\u00edhat od p\u00e1tku 14.&nbsp;do pond\u011bl\u00ed 17.&nbsp;listopadu. V&nbsp;t\u011bchto dnech bude ulice P\u0159\u00edstavn\u00ed v&nbsp;\u00faseku Komunard\u016f\u2013Osadn\u00ed zhruba od 15.00 do 3.00 kompletn\u011b uzav\u0159ena pro automobilovou dopravu. V&nbsp;t\u011bchto \u010dasech nebude mo\u017en\u00e9 do ulice vjet ani z&nbsp;n\u00ed vyjet. P\u0159\u00edstup p\u011b\u0161\u00edch k&nbsp;dom\u016fm bude umo\u017en\u011bn, m\u016f\u017ee se v\u0161ak st\u00e1t, \u017ee je po\u0159adatelsk\u00e1 slu\u017eba b\u011bhem nat\u00e1\u010den\u00ed z\u00e1b\u011br\u016f na p\u00e1r minut zdr\u017e\u00ed.<\/p>\r\n<p>V pond\u011bl\u00ed 17.&nbsp;listopadu prob\u011bhne fin\u00e1ln\u00ed \u00faklid. Ve dnech 18.\u201320.&nbsp;listopadu ji\u017e bude v&nbsp;ulici P\u0159\u00edstavn\u00ed pouze men\u0161\u00ed parkovac\u00ed z\u00e1bor p\u0159ed domem \u010d. p. 14.<\/p>\r\n<p><strong>V\u00a0p\u0159\u00edpad\u011b z\u00e1jmu o&nbsp;dal\u0161\u00ed informace se m\u016f\u017eete obr\u00e1tit na infolinku, kterou k\u00a0nat\u00e1\u010den\u00ed z\u0159\u00eddila produkce filmu: 230&nbsp;234\u00a0747<\/strong><\/p>\r\n<p>Je\u0161t\u011b jednou d\u011bkujeme za pochopen\u00ed a&nbsp;trp\u011blivost.<\/p>\r\n<p><a href=\"https:\/\/www.praha7.cz\/wp-content\/uploads\/2025\/11\/pristavni_opatreni.png\" target=\"_blank\" rel=\"noopener\"><img loading=\"lazy\" src=\"https:\/\/www.praha7.cz\/wp-content\/uploads\/2025\/11\/pristavni_opatreni-1500x786.png\" alt=\"\" width=\"888\" height=\"465\" class=\"alignnone  wp-image-87848\" srcset=\"https:\/\/www.praha7.cz\/wp-content\/uploads\/2025\/11\/pristavni_opatreni-1500x786.png 1500w, https:\/\/www.praha7.cz\/wp-content\/uploads\/2025\/11\/pristavni_opatreni-600x314.png 600w, https:\/\/www.praha7.cz\/wp-content\/uploads\/2025\/11\/pristavni_opatreni-768x402.png 768w, https:\/\/www.praha7.cz\/wp-content\/uploads\/2025\/11\/pristavni_opatreni-1536x805.png 1536w, https:\/\/www.praha7.cz\/wp-content\/uploads\/2025\/11\/pristavni_opatreni-2048x1073.png 2048w\" sizes=\"(max-width: 888px) 100vw, 888px\" \/><\/a><\/p>","protected":false},"excerpt":{"rendered":"[perex] Upozor\u0148ujeme, \u017ee v&nbsp;ulici P\u0159\u00edstavn\u00ed prob\u011bhne nat\u00e1\u010den\u00ed americk\u00e9ho filmu Resident Evil. P\u0159\u00edpravy, s&nbsp;nimi\u017e budou spojeny p\u0159edev\u0161\u00edm do\u010dasn\u00e9 z\u00e1bory parkovac\u00edch m\u00edst, za\u010dnou ve dnech 12.&nbsp;a&nbsp;13.&nbsp;listopadu 2025 a&nbsp;samotn\u00e9 nat\u00e1\u010den\u00ed prob\u011bhne od p\u00e1tku 14.&nbsp;listopadu do pond\u011bl\u00ed 17.&nbsp;listopadu 2025. V&nbsp;t\u011bchto dnech bude v&nbsp;odpoledn\u00edch a&nbsp;no\u010dn\u00edch hodin\u00e1ch (zhruba 15.00\u20133.00) ulice P\u0159\u00edstavn\u00ed v&nbsp;\u00faseku Komunard\u016f\u2013Osadn\u00ed uzav\u0159ena pro automobilovou dopravu. Pros\u00edme, sledujte dopravn\u00ed zna\u010den\u00ed [&hellip;]","protected":false},"author":5,"featured_media":29732,"comment_status":"closed","ping_status":"open","sticky":false,"template":"","format":"standard","meta":[],"categories":[34],"tags":[57],"_links":{"self":[{"href":"https:\/\/www.praha7.cz\/api\/wp\/v2\/posts\/87847"}],"collection":[{"href":"https:\/\/www.praha7.cz\/api\/wp\/v2\/posts"}],"about":[{"href":"https:\/\/www.praha7.cz\/api\/wp\/v2\/types\/post"}],"author":[{"embeddable":true,"href":"https:\/\/www.praha7.cz\/api\/wp\/v2\/users\/5"}],"replies":[{"embeddable":true,"href":"https:\/\/www.praha7.cz\/api\/wp\/v2\/comments?post=87847"}],"version-history":[{"count":3,"href":"https:\/\/www.praha7.cz\/api\/wp\/v2\/posts\/87847\/revisions"}],"predecessor-version":[{"id":87852,"href":"https:\/\/www.praha7.cz\/api\/wp\/v2\/posts\/87847\/revisions\/87852"}],"wp:featuredmedia":[{"embeddable":true,"href":"https:\/\/www.praha7.cz\/api\/wp\/v2\/media\/29732"}],"wp:attachment":[{"href":"https:\/\/www.praha7.cz\/api\/wp\/v2\/media?parent=87847"}],"wp:term":[{"taxonomy":"category","embeddable":true,"href":"https:\/\/www.praha7.cz\/api\/wp\/v2\/categories?post=87847"},{"taxonomy":"post_tag","embeddable":true,"href":"https:\/\/www.praha7.cz\/api\/wp\/v2\/tags?post=87847"}],"curies":[{"name":"wp","href":"https:\/\/api.w.org\/{rel}","templated":true}]}}