    
{"id":87844,"date":"2025-11-10T12:36:48","date_gmt":"2025-11-10T11:36:48","guid":{"rendered":"https:\/\/www.praha7.cz\/?p=87844"},"modified":"2025-11-18T11:40:07","modified_gmt":"2025-11-18T10:40:07","slug":"stuzky-a-vlajky-k-17-listopadu-zdarma-v-ic-a-na-radnici","status":"publish","type":"post","link":"https:\/\/www.praha7.cz\/stuzky-a-vlajky-k-17-listopadu-zdarma-v-ic-a-na-radnici\/","title":{"rendered":"Stu\u017eky a&nbsp;vlajky k&nbsp;17.&nbsp;listopadu zdarma v&nbsp;IC a&nbsp;na radnici"},"content":{"rendered":"<p>[perex]<\/p>\r\n<p>P\u0159i p\u0159\u00edle\u017eitosti 36.&nbsp;v\u00fdro\u010d\u00ed ud\u00e1lost\u00ed listopadu 1989 si m\u016f\u017eete vyzvednout \u010desk\u00e9 vlajky a&nbsp;stu\u017eky. Zastavte se pro n\u011b v&nbsp;Informa\u010dn\u00edm centru Prahy&nbsp;7, Milady Hor\u00e1kov\u00e9 2, nebo v&nbsp;podateln\u011b radnice M\u010c, U&nbsp;Pr\u016fhonu 38. K&nbsp;dispozici jsou zdarma a&nbsp;do rozebr\u00e1n\u00ed.<\/p>\r\n<p>[\/perex]<\/p>\r\n<p><a href=\"https:\/\/www.praha7.cz\/radnice\/organizacni-struktura\/odbor-spravnich-agend\/oddeleni-sluzeb-obcanum\/pracoviste-informacniho-centra-milady-horakove\/\">Otv\u00edrac\u00ed doba IC<\/a>\u00a0<\/p>\r\n<p>pond\u011bl\u00ed a&nbsp;st\u0159eda 7.30\u201312.00, 13.00\u201315.00<br \/>\r\n\u00fater\u00fd a&nbsp;\u010dtvrtek 7.30\u201312.00, 13.00\u201318.00<br \/>\r\np\u00e1tek 7.30\u201312.00, 13.00\u201314.00<br \/>\r\n<br \/>\r\n<\/p>\r\n<p><a href=\"https:\/\/www.praha7.cz\/radnice\/\">Podatelna<\/a>\u00a0<\/p>\r\n<p>pond\u011bl\u00ed a&nbsp;st\u0159eda 7.30\u201312.00, 13.00\u201318.00<br \/>\r\n\u00fater\u00fd a&nbsp;\u010dtvrtek 7.30\u201312.00, 13.00\u201315.00<br \/>\r\np\u00e1tek 7.30\u201312.00, 13.00\u201314.00<\/p>\r\n<p>&nbsp;<\/p>","protected":false},"excerpt":{"rendered":"[perex] P\u0159i p\u0159\u00edle\u017eitosti 36.&nbsp;v\u00fdro\u010d\u00ed ud\u00e1lost\u00ed listopadu 1989 si m\u016f\u017eete vyzvednout \u010desk\u00e9 vlajky a&nbsp;stu\u017eky. Zastavte se pro n\u011b v&nbsp;Informa\u010dn\u00edm centru Prahy&nbsp;7, Milady Hor\u00e1kov\u00e9 2, nebo v&nbsp;podateln\u011b radnice M\u010c, U&nbsp;Pr\u016fhonu 38. K&nbsp;dispozici jsou zdarma a&nbsp;do rozebr\u00e1n\u00ed. [\/perex] Otv\u00edrac\u00ed doba IC\u00a0 pond\u011bl\u00ed a&nbsp;st\u0159eda 7.30\u201312.00, 13.00\u201315.00 \u00fater\u00fd a&nbsp;\u010dtvrtek 7.30\u201312.00, 13.00\u201318.00 p\u00e1tek 7.30\u201312.00, 13.00\u201314.00 Podatelna\u00a0 pond\u011bl\u00ed a&nbsp;st\u0159eda 7.30\u201312.00, 13.00\u201318.00 \u00fater\u00fd [&hellip;]","protected":false},"author":251,"featured_media":87845,"comment_status":"closed","ping_status":"open","sticky":false,"template":"","format":"standard","meta":[],"categories":[34],"tags":[110],"_links":{"self":[{"href":"https:\/\/www.praha7.cz\/api\/wp\/v2\/posts\/87844"}],"collection":[{"href":"https:\/\/www.praha7.cz\/api\/wp\/v2\/posts"}],"about":[{"href":"https:\/\/www.praha7.cz\/api\/wp\/v2\/types\/post"}],"author":[{"embeddable":true,"href":"https:\/\/www.praha7.cz\/api\/wp\/v2\/users\/251"}],"replies":[{"embeddable":true,"href":"https:\/\/www.praha7.cz\/api\/wp\/v2\/comments?post=87844"}],"version-history":[{"count":1,"href":"https:\/\/www.praha7.cz\/api\/wp\/v2\/posts\/87844\/revisions"}],"predecessor-version":[{"id":87846,"href":"https:\/\/www.praha7.cz\/api\/wp\/v2\/posts\/87844\/revisions\/87846"}],"wp:featuredmedia":[{"embeddable":true,"href":"https:\/\/www.praha7.cz\/api\/wp\/v2\/media\/87845"}],"wp:attachment":[{"href":"https:\/\/www.praha7.cz\/api\/wp\/v2\/media?parent=87844"}],"wp:term":[{"taxonomy":"category","embeddable":true,"href":"https:\/\/www.praha7.cz\/api\/wp\/v2\/categories?post=87844"},{"taxonomy":"post_tag","embeddable":true,"href":"https:\/\/www.praha7.cz\/api\/wp\/v2\/tags?post=87844"}],"curies":[{"name":"wp","href":"https:\/\/api.w.org\/{rel}","templated":true}]}}