    
{"id":87815,"date":"2025-11-07T10:14:17","date_gmt":"2025-11-07T09:14:17","guid":{"rendered":"https:\/\/www.praha7.cz\/?p=87815"},"modified":"2025-11-18T11:41:33","modified_gmt":"2025-11-18T10:41:33","slug":"beseda-o-portretni-tvorbe-ladislava-sitenskeho-v-ntm","status":"publish","type":"post","link":"https:\/\/www.praha7.cz\/beseda-o-portretni-tvorbe-ladislava-sitenskeho-v-ntm\/","title":{"rendered":"Beseda o&nbsp;portr\u00e9tn\u00ed tvorb\u011b Ladislava Sitensk\u00e9ho v&nbsp;NTM"},"content":{"rendered":"<p>[perex]\u00a0<\/p>\r\n<p><a href=\"https:\/\/www.ntm.cz\/\" target=\"_blank\" rel=\"noopener\">N\u00e1rodn\u00ed technick\u00e9 muzeum<\/a> v\u00e1s zve na dal\u0161\u00ed besedu z&nbsp;cyklu LADISLAV SITENSK\u00dd \u2013 CESTA KE SVOBOD\u011a. Beseda s&nbsp;n\u00e1zvem Podobizny tv\u016frc\u016f d\u011bjin \u00a0se kon\u00e1 v&nbsp;\u00fater\u00fd 11.&nbsp;listopadu 2025 od 17.30 do 19.00 hodin v&nbsp;P\u0159edn\u00e1\u0161kov\u00e9m s\u00e1le NTM. Vstup zdarma.<\/p>\r\n<p>[\/perex]\u00a0<\/p>\r\n<p>P\u00e1t\u00e1 beseda z&nbsp;cyklu z&nbsp;cyklu LADISLAV SITENSK\u00dd \u2013 CESTA KE SVOBOD\u011a se zab\u00fdv\u00e1 m\u00e9n\u011b zn\u00e1m\u00fdm aspektem tvorby Ladislava Sitensk\u00e9ho. B\u011bhem druh\u00e9 sv\u011btov\u00e9 v\u00e1lky a&nbsp;po n\u00ed, b\u011bhem r\u016fzn\u00fdch p\u0159ipom\u00ednek ud\u00e1lost\u00ed sv\u011btov\u00e9ho konfliktu, fotografoval tak\u00e9 v\u00fdznamn\u00e9 st\u00e1tn\u00edky, politiky a&nbsp;voj\u00e1ky. Pat\u0159il k&nbsp;nim britsk\u00fd kr\u00e1l Ji\u0159\u00ed VI. a&nbsp;jeho man\u017eelka kr\u00e1lovna Al\u017eb\u011bta, sir Winston Churchill, poln\u00ed mar\u0161\u00e1l sir Bernard Montgomery, prezident Edvard Bene\u0161, ministr Jan Masaryk, leteck\u00fd mar\u0161\u00e1l Karel Janou\u0161ek, velitel \u010ceskoslovensk\u00e9 samostatn\u00e9 sm\u00ed\u0161en\u00e9 obrn\u011bn\u00e9 brig\u00e1dy gener\u00e1l Alois Li\u0161ka a&nbsp;mnoz\u00ed dal\u0161\u00ed. Ladislav Sitensk\u00fd ale nikdy o&nbsp;takov\u00e9 sn\u00edmky v\u011bdom\u011b neusiloval. Pouze a&nbsp;jenom se nach\u00e1zel ve spr\u00e1vn\u00e9m \u010dase na spr\u00e1vn\u00e9m m\u00edst\u011b a&nbsp;p\u0159\u00edle\u017eitost si nenechal uj\u00edt.<\/p>\r\n<p>Beseduj\u00edc\u00ed:\u00a0Eva Bendov\u00e1 z\u00a0Technick\u00e9\u00a0univerzity\u00a0v Liberci,\u00a0Ji\u0159\u00ed Hul\u00e1k z\u00a0N\u00e1rodn\u00edho technick\u00e9ho muzea<br \/>\r\nModer\u00e1tor:\u00a0Michal Plavec\u00a0z\u00a0N\u00e1rodn\u00edho technick\u00e9ho muzea<\/p>\r\n<p>Vstup zdarma.\u00a0<\/p>","protected":false},"excerpt":{"rendered":"[perex]\u00a0 N\u00e1rodn\u00ed technick\u00e9 muzeum v\u00e1s zve na dal\u0161\u00ed besedu z&nbsp;cyklu LADISLAV SITENSK\u00dd \u2013 CESTA KE SVOBOD\u011a. Beseda s&nbsp;n\u00e1zvem Podobizny tv\u016frc\u016f d\u011bjin \u00a0se kon\u00e1 v&nbsp;\u00fater\u00fd 11.&nbsp;listopadu 2025 od 17.30 do 19.00 hodin v&nbsp;P\u0159edn\u00e1\u0161kov\u00e9m s\u00e1le NTM. Vstup zdarma. [\/perex]\u00a0 P\u00e1t\u00e1 beseda z&nbsp;cyklu z&nbsp;cyklu LADISLAV SITENSK\u00dd \u2013 CESTA KE SVOBOD\u011a se zab\u00fdv\u00e1 m\u00e9n\u011b zn\u00e1m\u00fdm aspektem tvorby Ladislava Sitensk\u00e9ho. [&hellip;]","protected":false},"author":251,"featured_media":87230,"comment_status":"closed","ping_status":"open","sticky":false,"template":"","format":"standard","meta":[],"categories":[34],"tags":[91],"_links":{"self":[{"href":"https:\/\/www.praha7.cz\/api\/wp\/v2\/posts\/87815"}],"collection":[{"href":"https:\/\/www.praha7.cz\/api\/wp\/v2\/posts"}],"about":[{"href":"https:\/\/www.praha7.cz\/api\/wp\/v2\/types\/post"}],"author":[{"embeddable":true,"href":"https:\/\/www.praha7.cz\/api\/wp\/v2\/users\/251"}],"replies":[{"embeddable":true,"href":"https:\/\/www.praha7.cz\/api\/wp\/v2\/comments?post=87815"}],"version-history":[{"count":1,"href":"https:\/\/www.praha7.cz\/api\/wp\/v2\/posts\/87815\/revisions"}],"predecessor-version":[{"id":87816,"href":"https:\/\/www.praha7.cz\/api\/wp\/v2\/posts\/87815\/revisions\/87816"}],"wp:featuredmedia":[{"embeddable":true,"href":"https:\/\/www.praha7.cz\/api\/wp\/v2\/media\/87230"}],"wp:attachment":[{"href":"https:\/\/www.praha7.cz\/api\/wp\/v2\/media?parent=87815"}],"wp:term":[{"taxonomy":"category","embeddable":true,"href":"https:\/\/www.praha7.cz\/api\/wp\/v2\/categories?post=87815"},{"taxonomy":"post_tag","embeddable":true,"href":"https:\/\/www.praha7.cz\/api\/wp\/v2\/tags?post=87815"}],"curies":[{"name":"wp","href":"https:\/\/api.w.org\/{rel}","templated":true}]}}