    
{"id":87756,"date":"2025-11-05T08:31:59","date_gmt":"2025-11-05T07:31:59","guid":{"rendered":"https:\/\/www.praha7.cz\/?p=87756"},"modified":"2025-11-10T10:42:44","modified_gmt":"2025-11-10T09:42:44","slug":"usek-metra-hlavni-nadrazi-vltavska-o-vikendu-mimo-provoz","status":"publish","type":"post","link":"https:\/\/www.praha7.cz\/usek-metra-hlavni-nadrazi-vltavska-o-vikendu-mimo-provoz\/","title":{"rendered":"\u00dasek metra Hlavn\u00ed n\u00e1dra\u017e\u00ed \u2013 Vltavsk\u00e1 o&nbsp;v\u00edkendu mimo provoz"},"content":{"rendered":"<p>[perex]<\/p>\r\n<p class=\"p--textBigger\"><span>O v\u00edkendu 8.&nbsp;a&nbsp;9.&nbsp;listopadu 2025 p\u0159eru\u0161\u00ed dal\u0161\u00ed etapa opravy stropn\u00ed desky stanice metra Florenc provoz na lince metra C mezi stanicemi Hlavn\u00ed n\u00e1dra\u017e\u00ed \u2013 Vltavsk\u00e1. K&nbsp;dispozici budou n\u00e1hradn\u00ed tramvajov\u00e9 linky XC a&nbsp;36. Pokud nedojde k&nbsp;\u017e\u00e1dn\u00fdm nepl\u00e1novan\u00fdm komplikac\u00edm, bude se jednat o&nbsp;posledn\u00ed omezen\u00ed souvisej\u00edc\u00ed s&nbsp;rekonstrukc\u00ed stropn\u00ed desky stanice metra Florenc. <\/span><\/p>\r\n<p>[\/perex]<\/p>\r\n<h2>N\u00e1hradn\u00ed tramvajov\u00e1 doprava (v&nbsp;denn\u00edm provozu)<\/h2>\r\n<p><strong>XC<span>\u00a0<\/span><\/strong>v trase<span>\u00a0<\/span><em>Hlavn\u00ed n\u00e1dra\u017e\u00ed<\/em><span>\u00a0<\/span>(v&nbsp;Opletalov\u011b ulici) \u2013<span>\u00a0<\/span><em>Masarykovo n\u00e1dra\u017e\u00ed \u2013 B\u00edl\u00e1 labu\u0165 \u2013 Vltavsk\u00e1<span>\u00a0<\/span><\/em>(na p\u0159edmost\u00ed Hl\u00e1vkova mostu) \u2013<span>\u00a0<\/span><em>Strossmayerovo n\u00e1m\u011bst\u00ed \u2013 Letensk\u00e9 n\u00e1m\u011bst\u00ed \u2013 \u0160pejchar.<\/em><\/p>\r\n<h2>Zaveden\u00e1 tramvajov\u00e1 linka (v&nbsp;denn\u00edm provozu)<\/h2>\r\n<p><strong>36<span>\u00a0<\/span><\/strong>v trase<span>\u00a0<\/span><em>Zvona\u0159ka \u2013 I. P. Pavlova \u2013 Karlovo n\u00e1m\u011bst\u00ed \u2013 V\u00e1clavsk\u00e9 n\u00e1m\u011bst\u00ed \u2013 Masarykovo n\u00e1dra\u017e\u00ed \u2013 Florenc \u2013 K\u0159i\u017e\u00edkova \u2013 Invalidovna \u2013 Palmovka \u2013 Bulovka \u2013 Kobylisy \u2013 Vozovna Kobylisy<\/em>.<\/p>\r\n<p>V\u00edce na <a href=\"https:\/\/www.dpp.cz\/omezeni-a-mimoradne-udalosti\/detail\/29635\" target=\"_blank\" rel=\"noopener\">str\u00e1nk\u00e1ch DPP<\/a>.<\/p>","protected":false},"excerpt":{"rendered":"[perex] O&nbsp;v\u00edkendu 8.&nbsp;a&nbsp;9.&nbsp;listopadu 2025 p\u0159eru\u0161\u00ed dal\u0161\u00ed etapa opravy stropn\u00ed desky stanice metra Florenc provoz na lince metra C mezi stanicemi Hlavn\u00ed n\u00e1dra\u017e\u00ed \u2013 Vltavsk\u00e1. K&nbsp;dispozici budou n\u00e1hradn\u00ed tramvajov\u00e9 linky XC a&nbsp;36. Pokud nedojde k&nbsp;\u017e\u00e1dn\u00fdm nepl\u00e1novan\u00fdm komplikac\u00edm, bude se jednat o&nbsp;posledn\u00ed omezen\u00ed souvisej\u00edc\u00ed s&nbsp;rekonstrukc\u00ed stropn\u00ed desky stanice metra Florenc. [\/perex] N\u00e1hradn\u00ed tramvajov\u00e1 doprava (v&nbsp;denn\u00edm provozu) [&hellip;]","protected":false},"author":251,"featured_media":87760,"comment_status":"closed","ping_status":"open","sticky":false,"template":"","format":"standard","meta":[],"categories":[34],"tags":[57,125],"_links":{"self":[{"href":"https:\/\/www.praha7.cz\/api\/wp\/v2\/posts\/87756"}],"collection":[{"href":"https:\/\/www.praha7.cz\/api\/wp\/v2\/posts"}],"about":[{"href":"https:\/\/www.praha7.cz\/api\/wp\/v2\/types\/post"}],"author":[{"embeddable":true,"href":"https:\/\/www.praha7.cz\/api\/wp\/v2\/users\/251"}],"replies":[{"embeddable":true,"href":"https:\/\/www.praha7.cz\/api\/wp\/v2\/comments?post=87756"}],"version-history":[{"count":1,"href":"https:\/\/www.praha7.cz\/api\/wp\/v2\/posts\/87756\/revisions"}],"predecessor-version":[{"id":87758,"href":"https:\/\/www.praha7.cz\/api\/wp\/v2\/posts\/87756\/revisions\/87758"}],"wp:featuredmedia":[{"embeddable":true,"href":"https:\/\/www.praha7.cz\/api\/wp\/v2\/media\/87760"}],"wp:attachment":[{"href":"https:\/\/www.praha7.cz\/api\/wp\/v2\/media?parent=87756"}],"wp:term":[{"taxonomy":"category","embeddable":true,"href":"https:\/\/www.praha7.cz\/api\/wp\/v2\/categories?post=87756"},{"taxonomy":"post_tag","embeddable":true,"href":"https:\/\/www.praha7.cz\/api\/wp\/v2\/tags?post=87756"}],"curies":[{"name":"wp","href":"https:\/\/api.w.org\/{rel}","templated":true}]}}