    
{"id":87668,"date":"2025-10-31T12:28:53","date_gmt":"2025-10-31T11:28:53","guid":{"rendered":"https:\/\/www.praha7.cz\/?p=87668"},"modified":"2025-11-12T20:52:16","modified_gmt":"2025-11-12T19:52:16","slug":"listopadove-setkani-se-starostou-na-strese","status":"publish","type":"post","link":"https:\/\/www.praha7.cz\/listopadove-setkani-se-starostou-na-strese\/","title":{"rendered":"Listopadov\u00e9 setk\u00e1n\u00ed se starostou na st\u0159e\u0161e"},"content":{"rendered":"<p>[perex]<\/p>\r\n<p>Ve st\u0159edu 12.&nbsp;listopadu od 18 do 20 hodin v\u00e1s zveme na neform\u00e1ln\u00ed setk\u00e1n\u00ed se starostou a&nbsp;radn\u00edmi na\u0161\u00ed m\u011bstsk\u00e9 \u010d\u00e1sti na st\u0159echu radnice a&nbsp;do ob\u0159adn\u00ed s\u00edn\u011b (U&nbsp;Pr\u016fhonu 38, 8.&nbsp;patro). P\u0159ij\u010fte kdykoli v&nbsp;uveden\u00e9m \u010dasov\u00e9m rozmez\u00ed a&nbsp;ptejte se na v\u0161echno, co v\u00e1s zaj\u00edm\u00e1 v&nbsp;souvislosti se Sedmi\u010dkou. T\u011b\u0161\u00edme se na v\u00e1s.<\/p>\r\n<p>[\/perex]<\/p>","protected":false},"excerpt":{"rendered":"[perex] Ve st\u0159edu 12.&nbsp;listopadu od 18 do 20 hodin v\u00e1s zveme na neform\u00e1ln\u00ed setk\u00e1n\u00ed se starostou a&nbsp;radn\u00edmi na\u0161\u00ed m\u011bstsk\u00e9 \u010d\u00e1sti na st\u0159echu radnice a&nbsp;do ob\u0159adn\u00ed s\u00edn\u011b (U&nbsp;Pr\u016fhonu 38, 8.&nbsp;patro). P\u0159ij\u010fte kdykoli v&nbsp;uveden\u00e9m \u010dasov\u00e9m rozmez\u00ed a&nbsp;ptejte se na v\u0161echno, co v\u00e1s zaj\u00edm\u00e1 v&nbsp;souvislosti se Sedmi\u010dkou. T\u011b\u0161\u00edme se na v\u00e1s. [\/perex]","protected":false},"author":251,"featured_media":51311,"comment_status":"closed","ping_status":"open","sticky":false,"template":"","format":"standard","meta":[],"categories":[36],"tags":[84,110],"_links":{"self":[{"href":"https:\/\/www.praha7.cz\/api\/wp\/v2\/posts\/87668"}],"collection":[{"href":"https:\/\/www.praha7.cz\/api\/wp\/v2\/posts"}],"about":[{"href":"https:\/\/www.praha7.cz\/api\/wp\/v2\/types\/post"}],"author":[{"embeddable":true,"href":"https:\/\/www.praha7.cz\/api\/wp\/v2\/users\/251"}],"replies":[{"embeddable":true,"href":"https:\/\/www.praha7.cz\/api\/wp\/v2\/comments?post=87668"}],"version-history":[{"count":1,"href":"https:\/\/www.praha7.cz\/api\/wp\/v2\/posts\/87668\/revisions"}],"predecessor-version":[{"id":87669,"href":"https:\/\/www.praha7.cz\/api\/wp\/v2\/posts\/87668\/revisions\/87669"}],"wp:featuredmedia":[{"embeddable":true,"href":"https:\/\/www.praha7.cz\/api\/wp\/v2\/media\/51311"}],"wp:attachment":[{"href":"https:\/\/www.praha7.cz\/api\/wp\/v2\/media?parent=87668"}],"wp:term":[{"taxonomy":"category","embeddable":true,"href":"https:\/\/www.praha7.cz\/api\/wp\/v2\/categories?post=87668"},{"taxonomy":"post_tag","embeddable":true,"href":"https:\/\/www.praha7.cz\/api\/wp\/v2\/tags?post=87668"}],"curies":[{"name":"wp","href":"https:\/\/api.w.org\/{rel}","templated":true}]}}