    
{"id":87665,"date":"2025-10-31T10:06:08","date_gmt":"2025-10-31T09:06:08","guid":{"rendered":"https:\/\/www.praha7.cz\/?p=87665"},"modified":"2025-10-31T15:34:47","modified_gmt":"2025-10-31T14:34:47","slug":"porucha-vody-ve-smeralove","status":"publish","type":"post","link":"https:\/\/www.praha7.cz\/porucha-vody-ve-smeralove\/","title":{"rendered":"Porucha vody ve \u0160meralov\u011b"},"content":{"rendered":"<p>[perex]<\/p>\r\n<p>Upozor\u0148ujeme na poruchu vodovodn\u00edho \u0159adu ve \u0160meralov\u011b 130\/5. Bez vody ulice \u0160meralova (563 odb\u011bratel\u016f). N\u00e1hradn\u00ed z\u00e1sobov\u00e1n\u00ed zaji\u0161t\u011bno. P\u0159edpoklad ukon\u010den\u00ed opravy dnes, 31.&nbsp;\u0159\u00edjna 2025, v&nbsp;odpoledn\u00edch hodin\u00e1ch.<\/p>\r\n<p>[\/perex]<\/p>","protected":false},"excerpt":{"rendered":"[perex] Upozor\u0148ujeme na poruchu vodovodn\u00edho \u0159adu ve \u0160meralov\u011b 130\/5. Bez vody ulice \u0160meralova (563 odb\u011bratel\u016f). N\u00e1hradn\u00ed z\u00e1sobov\u00e1n\u00ed zaji\u0161t\u011bno. P\u0159edpoklad ukon\u010den\u00ed opravy dnes, 31.&nbsp;\u0159\u00edjna 2025, v&nbsp;odpoledn\u00edch hodin\u00e1ch. [\/perex]","protected":false},"author":251,"featured_media":76621,"comment_status":"closed","ping_status":"open","sticky":false,"template":"","format":"standard","meta":[],"categories":[34],"tags":[126],"_links":{"self":[{"href":"https:\/\/www.praha7.cz\/api\/wp\/v2\/posts\/87665"}],"collection":[{"href":"https:\/\/www.praha7.cz\/api\/wp\/v2\/posts"}],"about":[{"href":"https:\/\/www.praha7.cz\/api\/wp\/v2\/types\/post"}],"author":[{"embeddable":true,"href":"https:\/\/www.praha7.cz\/api\/wp\/v2\/users\/251"}],"replies":[{"embeddable":true,"href":"https:\/\/www.praha7.cz\/api\/wp\/v2\/comments?post=87665"}],"version-history":[{"count":1,"href":"https:\/\/www.praha7.cz\/api\/wp\/v2\/posts\/87665\/revisions"}],"predecessor-version":[{"id":87666,"href":"https:\/\/www.praha7.cz\/api\/wp\/v2\/posts\/87665\/revisions\/87666"}],"wp:featuredmedia":[{"embeddable":true,"href":"https:\/\/www.praha7.cz\/api\/wp\/v2\/media\/76621"}],"wp:attachment":[{"href":"https:\/\/www.praha7.cz\/api\/wp\/v2\/media?parent=87665"}],"wp:term":[{"taxonomy":"category","embeddable":true,"href":"https:\/\/www.praha7.cz\/api\/wp\/v2\/categories?post=87665"},{"taxonomy":"post_tag","embeddable":true,"href":"https:\/\/www.praha7.cz\/api\/wp\/v2\/tags?post=87665"}],"curies":[{"name":"wp","href":"https:\/\/api.w.org\/{rel}","templated":true}]}}