    
{"id":87654,"date":"2025-10-30T15:19:09","date_gmt":"2025-10-30T14:19:09","guid":{"rendered":"https:\/\/www.praha7.cz\/?p=87654"},"modified":"2025-11-03T10:11:37","modified_gmt":"2025-11-03T09:11:37","slug":"vyluka-11-25","status":"publish","type":"post","link":"https:\/\/www.praha7.cz\/vyluka-11-25\/","title":{"rendered":"V\u00fdluka tramvaj\u00ed a&nbsp;omezen\u00ed provozu na n\u00e1b\u0159e\u017e\u00ed Kpt. Jaro\u0161e 1.&nbsp;a&nbsp;2.&nbsp;listopadu"},"content":{"rendered":"<p>[perex]<\/p>\r\n<p>Z d\u016fvodu stavebn\u00edch prac\u00ed na Negrelliho viaduktu dojde v&nbsp;sobotu 1.&nbsp;listopadu (od 4.30 hodin) a&nbsp;v&nbsp;ned\u011bli 2.&nbsp;listopadu 2025 (do 24.00) k&nbsp;p\u0159eru\u0161en\u00ed provozu tramvaj\u00ed v&nbsp;Hole\u0161ovic\u00edch. Zavedena bude n\u00e1hradn\u00ed autobusov\u00e1 doprava X1 a&nbsp;prodlou\u017eena linka X25. O&nbsp;v\u00edkendu dojde tak\u00e9 k&nbsp;do\u010dasn\u00e9mu omezen\u00ed automobilov\u00e9 dopravy na n\u00e1b\u0159e\u017e\u00ed Kapit\u00e1na Jaro\u0161e.<\/p>\r\n<p>[\/perex]<\/p>\r\n<h2>Zm\u011bny tras tramvajov\u00fdch linek<\/h2>\r\n<ul>\r\n\t<li>Linka \u010d\u00edslo<span>\u00a0<\/span><strong>1<\/strong><span>\u00a0<\/span>(v&nbsp;provozu pouze v&nbsp;uveden\u00e9m sm\u011bru) S\u00cdDLI\u0160T\u011a PET\u0158INY\u2026 Strossmayerovo n\u00e1m\u011bst\u00ed \u2013<span>\u00a0<\/span><strong>Dlouh\u00e1 t\u0159\u00edda \u2013 N\u00e1m\u011bst\u00ed Republiky \u2013 B\u00edl\u00e1 labu\u0165<\/strong><span>\u00a0<\/span>\u2013 Vltavsk\u00e1 \u2026 S\u00cdDLI\u0160T\u011a PET\u0158INY<\/li>\r\n\t<li>Linka \u010d\u00edslo<span>\u00a0<\/span><strong>6<\/strong><span>\u00a0<\/span>KUB\u00c1NSK\u00c9 N\u00c1M\u011aST\u00cd \u2026<span>\u00a0<\/span><strong>V\u00ddSTAVI\u0160T\u011a<\/strong><\/li>\r\n\t<li>Linka \u010d\u00edslo<span>\u00a0<\/span><strong>14<\/strong><span>\u00a0<\/span>SPO\u0158ILOV \u2026 Vltavsk\u00e1 \u2013<span>\u00a0<\/span><strong>Strossmayerovo n\u00e1m\u011bst\u00ed \u2013 Veletr\u017en\u00ed pal\u00e1c \u2013 V\u00ddSTAVI\u0160T\u011a<\/strong><\/li>\r\n\t<li>Linka \u010d\u00edslo<span>\u00a0<\/span><strong>25<\/strong><span>\u00a0<\/span>(v&nbsp;provozu pouze v&nbsp;uveden\u00e9m sm\u011bru) B\u00cdL\u00c1 HORA \u2026 Strossmayerovo n\u00e1m\u011bst\u00ed \u2013<span>\u00a0<\/span><strong>Dlouh\u00e1 t\u0159\u00edda \u2013 N\u00e1m\u011bst\u00ed Republiky \u2013 B\u00edl\u00e1 labu\u0165<\/strong><span>\u00a0<\/span>\u2013 Vltavsk\u00e1 \u2026 B\u00cdL\u00c1 HORA<\/li>\r\n<\/ul>\r\n<h2>N\u00e1hradn\u00ed autobusov\u00e1 doprava<\/h2>\r\n<ul>\r\n\t<li>V denn\u00edm provozu je v&nbsp;trase<em><span>\u00a0<\/span>N\u00e1dra\u017e\u00ed Hole\u0161ovice \u2013 D\u011blnick\u00e1 \u2013 Vltavsk\u00e1 \u2013 Strossmayerovo n\u00e1m\u011bst\u00ed<span>\u00a0<\/span><\/em>zavedena n\u00e1hradn\u00ed autobusov\u00e1 doprava \u010d\u00edslo<span>\u00a0<\/span><strong>X1<\/strong>.<\/li>\r\n\t<li>Linka n\u00e1hradn\u00ed autobusov\u00e9 dopravy \u010d\u00edslo<span>\u00a0<\/span><strong>X25<\/strong><span>\u00a0<\/span>je prodlou\u017eena do trasy PALMOVKA \u2013 D\u011blnick\u00e1 \u2013<span>\u00a0<\/span><strong>Vltavsk\u00e1 \u2013 STROSSMAYEROVO N\u00c1M\u011aST\u00cd<\/strong>.<\/li>\r\n<\/ul>\r\n<p><a href=\"https:\/\/www.praha7.cz\/wp-content\/uploads\/2025\/10\/mapa_Nadr_Holesovice_Vltavska-25-11.jpg\" target=\"_blank\" rel=\"noopener\"><img loading=\"lazy\" src=\"https:\/\/www.praha7.cz\/wp-content\/uploads\/2025\/10\/mapa_Nadr_Holesovice_Vltavska-25-11.jpg\" alt=\"\" width=\"814\" height=\"610\" class=\"alignnone size-full wp-image-87655\" srcset=\"https:\/\/www.praha7.cz\/wp-content\/uploads\/2025\/10\/mapa_Nadr_Holesovice_Vltavska-25-11.jpg 814w, https:\/\/www.praha7.cz\/wp-content\/uploads\/2025\/10\/mapa_Nadr_Holesovice_Vltavska-25-11-534x400.jpg 534w, https:\/\/www.praha7.cz\/wp-content\/uploads\/2025\/10\/mapa_Nadr_Holesovice_Vltavska-25-11-768x576.jpg 768w\" sizes=\"(max-width: 814px) 100vw, 814px\" \/><\/a><\/p>\r\n<p>V\u00edce na <a href=\"https:\/\/www.dpp.cz\/omezeni-a-mimoradne-udalosti\/detail\/29481\" target=\"_blank\" rel=\"noopener\">str\u00e1nk\u00e1ch DPP<\/a>.<\/p>\r\n<hr \/>\r\n<h2>Omezen\u00ed automobilov\u00e9 a&nbsp;p\u011b\u0161\u00ed dopravy<\/h2>\r\n<p>V pr\u016fb\u011bhu stavebn\u00edch prac\u00ed dojde rovn\u011b\u017e k&nbsp;z\u00e1boru j\u00edzdn\u00edch pruh\u016f na n\u00e1b\u0159e\u017e\u00ed Kapit\u00e1na Jaro\u0161e a&nbsp;chodn\u00edk\u016f u&nbsp;Negrelliho viaduktu.<\/p>\r\n<p>V sobotu dojde <strong>k uzav\u00edrce lev\u00e9ho j\u00edzdn\u00edho pruhu n\u00e1b\u0159e\u017e\u00ed Kapit\u00e1na Jaro\u0161e ve sm\u011bru j\u00edzdy k&nbsp;n\u00e1b\u0159e\u017e\u00ed Edvarda Bene\u0161e<\/strong> cca od k\u0159i\u017eovatky s&nbsp;ul. Za Viaduktem k&nbsp;p\u0159echodu pro chodce za k\u0159\u00ed\u017een\u00edm tramvajov\u00e9 trati <span>(NN7390) <\/span>a k&nbsp;uzav\u00edrce chodn\u00edku pod \u017eelezni\u010dn\u00edm mostem p\u0159i severn\u00ed stran\u011b komunikace. Doprava bude pod\u00e9l pracovn\u00edho m\u00edsta ve sm\u011bru j\u00edzdy k&nbsp;n\u00e1b\u0159e\u017e\u00ed Edvarda Bene\u0161e vedena st\u00e1vaj\u00edc\u00edm (prav\u00fdm) j\u00edzdn\u00edm pruhem. Chodc\u016fm budou vyzna\u010deny trasy pro obch\u00e1zen\u00ed.<\/p>\r\n<p>V ned\u011bli dojde pod \u017eelezni\u010dn\u00edm mostem <strong>k uzav\u00edrce<\/strong> chodn\u00edku p\u0159i severn\u00ed stran\u011b komunikace a&nbsp;<strong>prav\u00e9ho j\u00edzdn\u00edho pruhu n\u00e1b\u0159e\u017e\u00ed Kapit\u00e1na Jaro\u0161e ve sm\u011bru j\u00edzdy k&nbsp;n\u00e1b\u0159e\u017e\u00ed Edvarda Bene\u0161e<\/strong>. Doprava bude pod\u00e9l pracovn\u00edho m\u00edsta ve sm\u011bru j\u00edzdy k&nbsp;n\u00e1b\u0159e\u017e\u00ed Edvarda Bene\u0161e vedena st\u00e1vaj\u00edc\u00edm (lev\u00fdm) j\u00edzdn\u00edm pruhem a&nbsp;p\u0159ed p\u0159echodem pro chodce u&nbsp;k\u0159\u00ed\u017een\u00ed s&nbsp;NN7390 bude p\u0159evedena do prav\u00e9ho j\u00edzdn\u00edho pruhu (v&nbsp;d\u00e9lce cca 50&nbsp;m). Chodc\u016fm budou vyzna\u010deny trasy pro obch\u00e1zen\u00ed.\u00a0<\/p>\r\n<p>V\u00edce na str\u00e1nce <a href=\"https:\/\/opravujeme.to\/action\/2293\/\" target=\"_blank\" rel=\"noopener\">opravujeme.to<\/a><\/p>\r\n<p><em>Pros\u00edme, v\u011bnujte pozornost m\u00edstn\u00edmu dopravn\u00edmu zna\u010den\u00ed. D\u011bkujeme za pochopen\u00ed.<\/em><\/p>","protected":false},"excerpt":{"rendered":"[perex] Z&nbsp;d\u016fvodu stavebn\u00edch prac\u00ed na Negrelliho viaduktu dojde v&nbsp;sobotu 1.&nbsp;listopadu (od 4.30 hodin) a&nbsp;v&nbsp;ned\u011bli 2.&nbsp;listopadu 2025 (do 24.00) k&nbsp;p\u0159eru\u0161en\u00ed provozu tramvaj\u00ed v&nbsp;Hole\u0161ovic\u00edch. Zavedena bude n\u00e1hradn\u00ed autobusov\u00e1 doprava X1 a&nbsp;prodlou\u017eena linka X25. O&nbsp;v\u00edkendu dojde tak\u00e9 k&nbsp;do\u010dasn\u00e9mu omezen\u00ed automobilov\u00e9 dopravy na n\u00e1b\u0159e\u017e\u00ed Kapit\u00e1na Jaro\u0161e. [\/perex] Zm\u011bny tras tramvajov\u00fdch linek Linka \u010d\u00edslo\u00a01\u00a0(v&nbsp;provozu pouze v&nbsp;uveden\u00e9m sm\u011bru) S\u00cdDLI\u0160T\u011a PET\u0158INY\u2026 [&hellip;]","protected":false},"author":251,"featured_media":87322,"comment_status":"closed","ping_status":"open","sticky":false,"template":"","format":"standard","meta":[],"categories":[34],"tags":[57],"_links":{"self":[{"href":"https:\/\/www.praha7.cz\/api\/wp\/v2\/posts\/87654"}],"collection":[{"href":"https:\/\/www.praha7.cz\/api\/wp\/v2\/posts"}],"about":[{"href":"https:\/\/www.praha7.cz\/api\/wp\/v2\/types\/post"}],"author":[{"embeddable":true,"href":"https:\/\/www.praha7.cz\/api\/wp\/v2\/users\/251"}],"replies":[{"embeddable":true,"href":"https:\/\/www.praha7.cz\/api\/wp\/v2\/comments?post=87654"}],"version-history":[{"count":3,"href":"https:\/\/www.praha7.cz\/api\/wp\/v2\/posts\/87654\/revisions"}],"predecessor-version":[{"id":87658,"href":"https:\/\/www.praha7.cz\/api\/wp\/v2\/posts\/87654\/revisions\/87658"}],"wp:featuredmedia":[{"embeddable":true,"href":"https:\/\/www.praha7.cz\/api\/wp\/v2\/media\/87322"}],"wp:attachment":[{"href":"https:\/\/www.praha7.cz\/api\/wp\/v2\/media?parent=87654"}],"wp:term":[{"taxonomy":"category","embeddable":true,"href":"https:\/\/www.praha7.cz\/api\/wp\/v2\/categories?post=87654"},{"taxonomy":"post_tag","embeddable":true,"href":"https:\/\/www.praha7.cz\/api\/wp\/v2\/tags?post=87654"}],"curies":[{"name":"wp","href":"https:\/\/api.w.org\/{rel}","templated":true}]}}