    
{"id":87630,"date":"2025-10-30T10:56:19","date_gmt":"2025-10-30T09:56:19","guid":{"rendered":"https:\/\/www.praha7.cz\/?p=87630"},"modified":"2025-11-05T07:53:27","modified_gmt":"2025-11-05T06:53:27","slug":"vyluka-vody-4-listopadu-v-casti-letne","status":"publish","type":"post","link":"https:\/\/www.praha7.cz\/vyluka-vody-4-listopadu-v-casti-letne\/","title":{"rendered":"V\u00fdluka vody 4.&nbsp;listopadu v&nbsp;\u010d\u00e1sti Letn\u00e9"},"content":{"rendered":"<p>[perex]<\/p>\r\n<p>Na z\u00e1klad\u011b informac\u00ed od spole\u010dnosti Pra\u017esk\u00e9 vodovody a&nbsp;kanalizace upozor\u0148ujeme na v\u00fdluku vody v&nbsp;\u00fater\u00fd 4.&nbsp;listopadu 2025 od 8.00 do 19.00. V\u00fdluka vody se bude t\u00fdkat odb\u011brn\u00fdch m\u00edst v&nbsp;ulic\u00edch \u010d. p.\/\u010d. o.: Dobrovsk\u00e9ho lich\u00e1 \u010d. o. od 529\/3 do 1483\/31, sud\u00e1 \u010d. o. od 808\/4 do 959\/42; Jire\u010dkova lich\u00e1 \u010d. o. od 1021\/3 do 1015\/15, sud\u00e1 \u010d. o. od 1073\/4 do 1017\/18; Kamenick\u00e1 552\/23; Letohradsk\u00e1 557\/44; Oveneck\u00e1 lich\u00e1 \u010d. o. od 849\/3 do 1072\/17, sud\u00e1 \u010d. o. od 376\/4 do 512\/24; U&nbsp;Letensk\u00e9ho sadu 374\/5, 133\/7, 133\/9, 1306\/14, 1305\/16, 1304\/18.\u00a0<\/p>\r\n<p>[\/perex]<\/p>\r\n<p>D\u016fvodem v\u00fdluky je prov\u00e1d\u011bn\u00ed pl\u00e1novan\u00fdch oprav, udr\u017eovac\u00edch a\u00a0revizn\u00edch prac\u00ed. D\u011bkujeme za pochopen\u00ed.<\/p>\r\n<p>V\u00edce informac\u00ed\u00a0na\u00a0<a href=\"https:\/\/www.pvk.cz\/aktuality\/planovane-vyluky\/preruseni-dodavky-vody-v-casti-praha-7-holesovice-dne-4-11-2025\/\" target=\"_blank\" rel=\"noopener\">str\u00e1nce PVK<\/a>.<\/p>","protected":false},"excerpt":{"rendered":"[perex] Na z\u00e1klad\u011b informac\u00ed od spole\u010dnosti Pra\u017esk\u00e9 vodovody a&nbsp;kanalizace upozor\u0148ujeme na v\u00fdluku vody v&nbsp;\u00fater\u00fd 4.&nbsp;listopadu 2025 od 8.00 do 19.00. V\u00fdluka vody se bude t\u00fdkat odb\u011brn\u00fdch m\u00edst v&nbsp;ulic\u00edch \u010d. p.\/\u010d. o.: Dobrovsk\u00e9ho lich\u00e1 \u010d. o. od 529\/3 do 1483\/31, sud\u00e1 \u010d. o. od 808\/4 do 959\/42; Jire\u010dkova lich\u00e1 \u010d. o. od 1021\/3 do 1015\/15, sud\u00e1 [&hellip;]","protected":false},"author":251,"featured_media":76621,"comment_status":"closed","ping_status":"open","sticky":false,"template":"","format":"standard","meta":[],"categories":[34],"tags":[139],"_links":{"self":[{"href":"https:\/\/www.praha7.cz\/api\/wp\/v2\/posts\/87630"}],"collection":[{"href":"https:\/\/www.praha7.cz\/api\/wp\/v2\/posts"}],"about":[{"href":"https:\/\/www.praha7.cz\/api\/wp\/v2\/types\/post"}],"author":[{"embeddable":true,"href":"https:\/\/www.praha7.cz\/api\/wp\/v2\/users\/251"}],"replies":[{"embeddable":true,"href":"https:\/\/www.praha7.cz\/api\/wp\/v2\/comments?post=87630"}],"version-history":[{"count":1,"href":"https:\/\/www.praha7.cz\/api\/wp\/v2\/posts\/87630\/revisions"}],"predecessor-version":[{"id":87631,"href":"https:\/\/www.praha7.cz\/api\/wp\/v2\/posts\/87630\/revisions\/87631"}],"wp:featuredmedia":[{"embeddable":true,"href":"https:\/\/www.praha7.cz\/api\/wp\/v2\/media\/76621"}],"wp:attachment":[{"href":"https:\/\/www.praha7.cz\/api\/wp\/v2\/media?parent=87630"}],"wp:term":[{"taxonomy":"category","embeddable":true,"href":"https:\/\/www.praha7.cz\/api\/wp\/v2\/categories?post=87630"},{"taxonomy":"post_tag","embeddable":true,"href":"https:\/\/www.praha7.cz\/api\/wp\/v2\/tags?post=87630"}],"curies":[{"name":"wp","href":"https:\/\/api.w.org\/{rel}","templated":true}]}}