    
{"id":87600,"date":"2025-10-24T16:31:37","date_gmt":"2025-10-24T14:31:37","guid":{"rendered":"https:\/\/www.praha7.cz\/?p=87600"},"modified":"2025-11-04T10:57:39","modified_gmt":"2025-11-04T09:57:39","slug":"na-vlnach-svobody","status":"publish","type":"post","link":"https:\/\/www.praha7.cz\/na-vlnach-svobody\/","title":{"rendered":"V\u00fdstava Na vln\u00e1ch svobody na Strossmayerov\u011b n\u00e1m\u011bst\u00ed"},"content":{"rendered":"<p>[perex]<\/p>\r\n<p>R\u00e1dio Svobodn\u00e1 Evropa slav\u00ed letos v\u00fdznamn\u00e1 v\u00fdro\u010d\u00ed. P\u0159ed p\u011btasedmdes\u00e1ti lety za\u010dalo zkusmo vys\u00edlat do \u010ceskoslovenska, p\u0159ed t\u0159iceti lety se p\u0159est\u011bhovalo z&nbsp;Mnichova do Prahy. Na Strossmayerov\u011b n\u00e1m\u011bst\u00ed p\u0159ed kostelem se do 14.&nbsp;listopadu 2025 m\u016f\u017eete sezn\u00e1mit s&nbsp;jeho histori\u00ed a&nbsp;sou\u010dasnost\u00ed skrz osm \u017eivotn\u00edch p\u0159\u00edb\u011bh\u016f zaznamenan\u00fdch pro sb\u00edrku Pam\u011b\u0165 n\u00e1roda. A&nbsp;zaposlouchejte se do vys\u00edl\u00e1n\u00ed Svobodn\u00e9 Evropy v\u00a0srpnu roku 1968.<\/p>\r\n<p>[\/perex]<\/p>\r\n<h2><b><i>Na vln\u00e1ch svobody \u223c\u00a0 Strossmayerovo n\u00e1m\u011bst\u00ed \u223c\u00a0 24.&nbsp;\u0159\u00edjna \u2013 14.&nbsp;listopadu 2025<\/i><\/b><\/h2>\r\n<h3><b>1950 a&nbsp;1995 \u2013 Jubilea R\u00e1dia Svobodn\u00e1 Evropa \/ R\u00e1dia Svoboda<\/b><\/h3>\r\n<p><b>Co se stalo p\u0159ed 75 lety?<\/b><\/p>\r\n<p><span style=\"font-weight: 400;\">Dne 4.&nbsp;\u010dervence 1950 zah\u00e1jila rozhlasov\u00e1 stanice Svobodn\u00e1 Evropa zku\u0161ebn\u00ed provoz. Kr\u00e1tkovlnn\u00e1 vys\u00edla\u010dka v\u00a0n\u00e1kla\u010f\u00e1ku, kter\u00fd jezdil pod\u00e9l na\u0161\u00ed hranice, p\u0159inesla poslucha\u010d\u016fm v\u00a0\u010ceskoslovensku prvn\u00edch t\u0159icet minut zpr\u00e1v a&nbsp;koment\u00e1\u0159\u016f . Brzy n\u00e1sledovalo vys\u00edl\u00e1n\u00ed do Rumunska, Polska, Ma\u010farska a&nbsp;Bulharska, stanice se us\u00eddlila v\u00a0Mnichov\u011b. Do Sov\u011btsk\u00e9ho svazu vys\u00edlalo sestersk\u00e9 R\u00e1dio Svoboda. <\/span><span style=\"font-weight: 400;\">\u017durnalist\u00e9 poch\u00e1zeli z&nbsp;v\u00fdchodn\u00ed Evropy, u&nbsp;technick\u00e9ho person\u00e1lu p\u0159eva\u017eovali N\u011bmci a&nbsp;v&nbsp;administrativ\u011b Ameri\u010dan\u00e9.<\/span><span style=\"font-weight: 400;\"> Pr\u00e1ce nesla rizika \u2013 \u010dast\u00e9 byly atent\u00e1ty, \u00fanosy a&nbsp;zastra\u0161ov\u00e1n\u00ed ze strany v\u00fdchodoevropsk\u00fdch zpravodajsk\u00fdch su\u017eeb. Svobodn\u00e1 Evropa toti\u017e \u0161\u00ed\u0159ila necenzurovan\u00e9 zpr\u00e1vy a&nbsp;kulturu do zem\u00ed, kde vl\u00e1dla propaganda.<\/span><\/p>\r\n<p><span style=\"font-weight: 400;\">Aby americk\u00e1 vl\u00e1da na nov\u00e9 r\u00e1dio upozornila, rozeslala do v\u00fdchodn\u00ed Evropy tis\u00edce samoobslu\u017en\u00fdch balon\u016f s&nbsp;let\u00e1ky. Pozd\u011bji to u\u017e nebylo pot\u0159eba. Naopak komunistick\u00e9 vl\u00e1dy se sna\u017eily p\u0159\u00edjem po\u0161kozovat pomoc\u00ed s\u00edt\u011b ru\u0161i\u010dek. Pro poslech stanice tak bylo charakteristick\u00e9 p\u00edsk\u00e1n\u00ed, praskot a&nbsp;ob\u010dasn\u00e9 v\u00fdpadky.\u00a0<\/span><\/p>\r\n<p>&nbsp;<\/p>\r\n<p><b>Co se stalo p\u0159ed 30 lety?<\/b><\/p>\r\n<p><span style=\"font-weight: 400;\">Dne 10.&nbsp;b\u0159ezna 1995 vys\u00edlala stanice R\u00e1dio Svobodn\u00e1 Evropa \/ R\u00e1dio Svoboda poprv\u00e9 ze sv\u00e9ho nov\u00e9ho s\u00eddla, z&nbsp;Prahy. Do budovy n\u011bkdej\u0161\u00edho Feder\u00e1ln\u00edho shrom\u00e1\u017ed\u011bn\u00ed se p\u0159est\u011bhovala na pozv\u00e1n\u00ed \u010desk\u00e9 vl\u00e1dy.<\/span><\/p>\r\n<p><span style=\"font-weight: 400;\">Po teroristick\u00fdch \u00fatoc\u00edch na USA v&nbsp;z\u00e1\u0159\u00ed 2001 se r\u00e1dio z&nbsp;bezpe\u010dnostn\u00edch d\u016fvod\u016f p\u0159em\u00edstilo d\u00e1l od centra. Od kv\u011btna 2009 s\u00eddl\u00ed na Hagiboru v\u00a0pra\u017esk\u00fdch Stra\u0161nic\u00edch.<\/span><\/p>\r\n<p>&nbsp;<\/p>\r\n<p><b>A co se bude d\u00edt d\u00e1l?<\/b><\/p>\r\n<p><span style=\"font-weight: 400;\">R\u00e1dio v&nbsp;jubilejn\u00edm roce 2025 vys\u00edl\u00e1 do 23 zem\u00ed sv\u011bta v&nbsp;27 jazyc\u00edch. Ani dnes mu ka\u017ed\u00fd nep\u0159eje \u2013 novin\u00e1\u0159i a&nbsp;spolupracovn\u00edci stanice \u010del\u00ed fyzick\u00fdm \u00fatok\u016fm, ale i&nbsp;v\u011bzn\u011bn\u00ed a&nbsp;mu\u010den\u00ed. <\/span><span style=\"font-weight: 400;\">Financov\u00e1n\u00ed a&nbsp;t\u00edm i&nbsp;budoucnost R\u00e1dia Svobodn\u00e1 Evropa \/ R\u00e1dia Svoboda jsou dnes nejist\u00e9.\u00a0 A&nbsp;to navzdory veled\u016fle\u017eit\u00e9 roli, kterou v\u00a0\u0159ad\u011b zem\u00ed hr\u00e1lo a&nbsp;hraje.<\/span><\/p>\r\n<p>&nbsp;<\/p>","protected":false},"excerpt":{"rendered":"[perex] R\u00e1dio Svobodn\u00e1 Evropa slav\u00ed letos v\u00fdznamn\u00e1 v\u00fdro\u010d\u00ed. P\u0159ed p\u011btasedmdes\u00e1ti lety za\u010dalo zkusmo vys\u00edlat do \u010ceskoslovenska, p\u0159ed t\u0159iceti lety se p\u0159est\u011bhovalo z&nbsp;Mnichova do Prahy. Na Strossmayerov\u011b n\u00e1m\u011bst\u00ed p\u0159ed kostelem se do 14.&nbsp;listopadu 2025 m\u016f\u017eete sezn\u00e1mit s&nbsp;jeho histori\u00ed a&nbsp;sou\u010dasnost\u00ed skrz osm \u017eivotn\u00edch p\u0159\u00edb\u011bh\u016f zaznamenan\u00fdch pro sb\u00edrku Pam\u011b\u0165 n\u00e1roda. A&nbsp;zaposlouchejte se do vys\u00edl\u00e1n\u00ed Svobodn\u00e9 Evropy v\u00a0srpnu roku [&hellip;]","protected":false},"author":251,"featured_media":87601,"comment_status":"closed","ping_status":"open","sticky":false,"template":"","format":"standard","meta":[],"categories":[34],"tags":[106],"_links":{"self":[{"href":"https:\/\/www.praha7.cz\/api\/wp\/v2\/posts\/87600"}],"collection":[{"href":"https:\/\/www.praha7.cz\/api\/wp\/v2\/posts"}],"about":[{"href":"https:\/\/www.praha7.cz\/api\/wp\/v2\/types\/post"}],"author":[{"embeddable":true,"href":"https:\/\/www.praha7.cz\/api\/wp\/v2\/users\/251"}],"replies":[{"embeddable":true,"href":"https:\/\/www.praha7.cz\/api\/wp\/v2\/comments?post=87600"}],"version-history":[{"count":2,"href":"https:\/\/www.praha7.cz\/api\/wp\/v2\/posts\/87600\/revisions"}],"predecessor-version":[{"id":87732,"href":"https:\/\/www.praha7.cz\/api\/wp\/v2\/posts\/87600\/revisions\/87732"}],"wp:featuredmedia":[{"embeddable":true,"href":"https:\/\/www.praha7.cz\/api\/wp\/v2\/media\/87601"}],"wp:attachment":[{"href":"https:\/\/www.praha7.cz\/api\/wp\/v2\/media?parent=87600"}],"wp:term":[{"taxonomy":"category","embeddable":true,"href":"https:\/\/www.praha7.cz\/api\/wp\/v2\/categories?post=87600"},{"taxonomy":"post_tag","embeddable":true,"href":"https:\/\/www.praha7.cz\/api\/wp\/v2\/tags?post=87600"}],"curies":[{"name":"wp","href":"https:\/\/api.w.org\/{rel}","templated":true}]}}