    
{"id":87573,"date":"2025-10-24T11:25:21","date_gmt":"2025-10-24T09:25:21","guid":{"rendered":"https:\/\/www.praha7.cz\/?p=87573"},"modified":"2025-10-31T08:27:17","modified_gmt":"2025-10-31T07:27:17","slug":"uzavirka-stvanicke-lavky-30-31-10","status":"publish","type":"post","link":"https:\/\/www.praha7.cz\/uzavirka-stvanicke-lavky-30-31-10\/","title":{"rendered":"No\u010dn\u00ed uzav\u00edrka \u0160tvanick\u00e9 l\u00e1vky z&nbsp;30.&nbsp;na 31.&nbsp;\u0159\u00edjna"},"content":{"rendered":"<p>[perex]<\/p>\r\n<p>V noci z&nbsp;30.&nbsp;na 31.&nbsp;\u0159\u00edjna 2025 prob\u011bhne pl\u00e1novan\u00e1 pravideln\u00e1 kontrola \u0160tvanick\u00e9 l\u00e1vky. Sou\u010d\u00e1st\u00ed kontroly bude i&nbsp;zku\u0161ebn\u00ed zdvih konstrukce. Z&nbsp;tohoto d\u016fvodu bude l\u00e1vka do\u010dasn\u011b zcela uzav\u0159ena pro ve\u0159ejnost.<\/p>\r\n<p>[\/perex]<\/p>\r\n<p>Zku\u0161ebn\u00ed zdvih l\u00e1vky zaji\u0161\u0165uje Technick\u00e1 spr\u00e1va komunikac\u00ed hlavn\u00edho m\u011bsta Prahy ve spolupr\u00e1ci se spole\u010dnost\u00ed Skanska, kter\u00e1 l\u00e1vku postavila.<\/p>\r\n<p>B\u011bhem cel\u00e9 doby trv\u00e1n\u00ed prac\u00ed a&nbsp;zdvihu bude vstup na l\u00e1vku uzav\u0159en pro p\u011b\u0161\u00ed i&nbsp;cyklisty. Uzav\u00edrka vstoup\u00ed v&nbsp;platnost ve <strong>\u010dtvrtek 30.&nbsp;\u0159\u00edjna od 23.00<\/strong> a&nbsp;potrv\u00e1 do rann\u00edch hodin v&nbsp;<strong>p\u00e1tek 31.&nbsp;\u0159\u00edjna, konkr\u00e9tn\u011b do 7.30.<\/strong><\/p>\r\n\r\n<figure id=\"attachment_87574\" aria-describedby=\"caption-attachment-87574\" style=\"width: 640px\" class=\"wp-caption alignnone\"><img loading=\"lazy\" src=\"https:\/\/www.praha7.cz\/wp-content\/uploads\/2025\/10\/zvedani-Stvanicke-lavky-1-1333x1000.jpeg\" alt=\"\" width=\"640\" height=\"480\" class=\"size-large wp-image-87574\" srcset=\"https:\/\/www.praha7.cz\/wp-content\/uploads\/2025\/10\/zvedani-Stvanicke-lavky-1-1333x1000.jpeg 1333w, https:\/\/www.praha7.cz\/wp-content\/uploads\/2025\/10\/zvedani-Stvanicke-lavky-1-533x400.jpeg 533w, https:\/\/www.praha7.cz\/wp-content\/uploads\/2025\/10\/zvedani-Stvanicke-lavky-1-768x576.jpeg 768w, https:\/\/www.praha7.cz\/wp-content\/uploads\/2025\/10\/zvedani-Stvanicke-lavky-1-1536x1152.jpeg 1536w, https:\/\/www.praha7.cz\/wp-content\/uploads\/2025\/10\/zvedani-Stvanicke-lavky-1-2048x1536.jpeg 2048w\" sizes=\"(max-width: 640px) 100vw, 640px\" \/><figcaption id=\"caption-attachment-87574\" class=\"wp-caption-text\">zdvi\u017een\u00ed l\u00e1vky v&nbsp;roce 2024<\/figcaption><\/figure>\r\n\r\n<p><strong>Technick\u00e9 zaj\u00edmavosti l\u00e1vky<\/strong><\/p>\r\n<p>\u0160tvanick\u00e1 l\u00e1vka pat\u0159\u00ed mezi unik\u00e1tn\u00ed stavby v&nbsp;\u010cesk\u00e9 republice, a&nbsp;to p\u0159edev\u0161\u00edm d\u00edky sv\u00e9mu zvedac\u00edmu mechanismu. Hydraulick\u00fd syst\u00e9m umo\u017e\u0148uje zdvihnut\u00ed konstrukce do v\u00fd\u0161ky 3,2 metru, p\u0159i\u010dem\u017e samotn\u00fd zdvih trv\u00e1 p\u0159ibli\u017en\u011b 17 minut. Tato funkce je kl\u00ed\u010dov\u00e1 pro zaji\u0161t\u011bn\u00ed protipovod\u0148ov\u00e9 ochrany hlavn\u00edho m\u011bsta.<\/p>\r\n<p>Pros\u00edme spoluob\u010dany, aby toto nezbytn\u00e9 omezen\u00ed respektovali a&nbsp;\u0159\u00eddili se do\u010dasn\u00fdm dopravn\u00edm omezen\u00edm.\u00a0<\/p>\r\n\r\n<figure id=\"attachment_87575\" aria-describedby=\"caption-attachment-87575\" style=\"width: 640px\" class=\"wp-caption alignnone\"><img loading=\"lazy\" src=\"https:\/\/www.praha7.cz\/wp-content\/uploads\/2025\/10\/zvedani-Stvanicke-lavky-2-1333x1000.jpeg\" alt=\"\" width=\"640\" height=\"480\" class=\"size-large wp-image-87575\" srcset=\"https:\/\/www.praha7.cz\/wp-content\/uploads\/2025\/10\/zvedani-Stvanicke-lavky-2-1333x1000.jpeg 1333w, https:\/\/www.praha7.cz\/wp-content\/uploads\/2025\/10\/zvedani-Stvanicke-lavky-2-533x400.jpeg 533w, https:\/\/www.praha7.cz\/wp-content\/uploads\/2025\/10\/zvedani-Stvanicke-lavky-2-768x576.jpeg 768w, https:\/\/www.praha7.cz\/wp-content\/uploads\/2025\/10\/zvedani-Stvanicke-lavky-2-1536x1152.jpeg 1536w, https:\/\/www.praha7.cz\/wp-content\/uploads\/2025\/10\/zvedani-Stvanicke-lavky-2-2048x1536.jpeg 2048w\" sizes=\"(max-width: 640px) 100vw, 640px\" \/><figcaption id=\"caption-attachment-87575\" class=\"wp-caption-text\">zdvi\u017een\u00ed l\u00e1vky v&nbsp;roce 2024<\/figcaption><\/figure>","protected":false},"excerpt":{"rendered":"[perex] V&nbsp;noci z&nbsp;30.&nbsp;na 31.&nbsp;\u0159\u00edjna 2025 prob\u011bhne pl\u00e1novan\u00e1 pravideln\u00e1 kontrola \u0160tvanick\u00e9 l\u00e1vky. Sou\u010d\u00e1st\u00ed kontroly bude i&nbsp;zku\u0161ebn\u00ed zdvih konstrukce. Z&nbsp;tohoto d\u016fvodu bude l\u00e1vka do\u010dasn\u011b zcela uzav\u0159ena pro ve\u0159ejnost. [\/perex] Zku\u0161ebn\u00ed zdvih l\u00e1vky zaji\u0161\u0165uje Technick\u00e1 spr\u00e1va komunikac\u00ed hlavn\u00edho m\u011bsta Prahy ve spolupr\u00e1ci se spole\u010dnost\u00ed Skanska, kter\u00e1 l\u00e1vku postavila. B\u011bhem cel\u00e9 doby trv\u00e1n\u00ed prac\u00ed a&nbsp;zdvihu bude vstup na [&hellip;]","protected":false},"author":5,"featured_media":87576,"comment_status":"closed","ping_status":"open","sticky":false,"template":"","format":"standard","meta":[],"categories":[34],"tags":[57],"_links":{"self":[{"href":"https:\/\/www.praha7.cz\/api\/wp\/v2\/posts\/87573"}],"collection":[{"href":"https:\/\/www.praha7.cz\/api\/wp\/v2\/posts"}],"about":[{"href":"https:\/\/www.praha7.cz\/api\/wp\/v2\/types\/post"}],"author":[{"embeddable":true,"href":"https:\/\/www.praha7.cz\/api\/wp\/v2\/users\/5"}],"replies":[{"embeddable":true,"href":"https:\/\/www.praha7.cz\/api\/wp\/v2\/comments?post=87573"}],"version-history":[{"count":6,"href":"https:\/\/www.praha7.cz\/api\/wp\/v2\/posts\/87573\/revisions"}],"predecessor-version":[{"id":87607,"href":"https:\/\/www.praha7.cz\/api\/wp\/v2\/posts\/87573\/revisions\/87607"}],"wp:featuredmedia":[{"embeddable":true,"href":"https:\/\/www.praha7.cz\/api\/wp\/v2\/media\/87576"}],"wp:attachment":[{"href":"https:\/\/www.praha7.cz\/api\/wp\/v2\/media?parent=87573"}],"wp:term":[{"taxonomy":"category","embeddable":true,"href":"https:\/\/www.praha7.cz\/api\/wp\/v2\/categories?post=87573"},{"taxonomy":"post_tag","embeddable":true,"href":"https:\/\/www.praha7.cz\/api\/wp\/v2\/tags?post=87573"}],"curies":[{"name":"wp","href":"https:\/\/api.w.org\/{rel}","templated":true}]}}