    
{"id":87510,"date":"2025-10-22T15:25:27","date_gmt":"2025-10-22T13:25:27","guid":{"rendered":"https:\/\/www.praha7.cz\/?p=87510"},"modified":"2025-10-27T08:30:14","modified_gmt":"2025-10-27T07:30:14","slug":"vikendove-preruseni-provozu-metra-c-v-useku-hlavni-nadrazi-vltavska","status":"publish","type":"post","link":"https:\/\/www.praha7.cz\/vikendove-preruseni-provozu-metra-c-v-useku-hlavni-nadrazi-vltavska\/","title":{"rendered":"V\u00edkendov\u00e9 p\u0159eru\u0161en\u00ed provozu metra C v&nbsp;\u00faseku Hlavn\u00ed n\u00e1dra\u017e\u00ed \u2013 Vltavsk\u00e1"},"content":{"rendered":"<p>[perex]<\/p>\r\n<p>Z d\u016fvodu rekonstrukce stropn\u00ed desky ve stanici Florenc dojde v&nbsp;sobotu 25.&nbsp;\u0159\u00edjna 2025 (od 4.30) a&nbsp;v&nbsp;ned\u011bli 26.&nbsp;\u0159\u00edjna 2025 (do 23.59) k&nbsp;do\u010dasn\u00e9mu p\u0159eru\u0161en\u00ed provozu metra linky C v&nbsp;\u00faseku Hlavn\u00ed n\u00e1dra\u017e\u00ed \u2013 Vltavsk\u00e1 (obousm\u011brn\u011b). Bude zavedena n\u00e1hradn\u00ed tramvajov\u00e1 doprava XC, linka 36 a&nbsp;zm\u011bny se dotknou linky 23.<\/p>\r\n<p>[\/perex]<\/p>\r\n<h2>N\u00e1hradn\u00ed tramvajov\u00e1 doprava (v&nbsp;denn\u00edm provozu)<\/h2>\r\n<p><strong>XC<span>\u00a0<\/span><\/strong>v trase<span>\u00a0<\/span><em>Hlavn\u00ed n\u00e1dra\u017e\u00ed<\/em><span>\u00a0<\/span>(v&nbsp;Opletalov\u011b ulici) \u2013<span>\u00a0<\/span><em>Masarykovo n\u00e1dra\u017e\u00ed \u2013 B\u00edl\u00e1 labu\u0165 \u2013 Vltavsk\u00e1<span>\u00a0<\/span><\/em>(na p\u0159edmost\u00ed Hl\u00e1vkova mostu) \u2013<span>\u00a0<\/span><em>Strossmayerovo n\u00e1m\u011bst\u00ed \u2013 Letensk\u00e9 n\u00e1m\u011bst\u00ed \u2013 \u0160pejchar.<\/em><\/p>\r\n<h2>Zaveden\u00e1 tramvajov\u00e1 linka (v&nbsp;denn\u00edm provozu)<\/h2>\r\n<p><strong>36<span>\u00a0<\/span><\/strong>v trase<span>\u00a0<\/span><em>Zvona\u0159ka \u2013 I. P. Pavlova \u2013 Karlovo n\u00e1m\u011bst\u00ed \u2013 V\u00e1clavsk\u00e9 n\u00e1m\u011bst\u00ed \u2013 Masarykovo n\u00e1dra\u017e\u00ed \u2013 Florenc \u2013 K\u0159i\u017e\u00edkova \u2013 Invalidovna \u2013 Palmovka \u2013 Bulovka \u2013 Kobylisy \u2013 Vozovna Kobylisy<\/em>.<\/p>\r\n<h2>Zm\u011bny tras tramvajov\u00fdch linek<\/h2>\r\n<p>Linka \u010d\u00edslo<span>\u00a0<\/span><strong>23<\/strong><span>\u00a0<\/span>je ve sm\u011bru od Kr\u00e1lovky ze zast\u00e1vky<span>\u00a0<\/span><strong>Bruselsk\u00e1<span>\u00a0<\/span><\/strong>odklon\u011bna p\u0159es zast\u00e1vku<span>\u00a0<\/span><strong>Nuselsk\u00e9 schody<span>\u00a0<\/span><\/strong>do obrati\u0161t\u011b<span>\u00a0<\/span><strong>N\u00e1m\u011bst\u00ed Brat\u0159\u00ed Synk\u016f<span>\u00a0<\/span><\/strong>(v\u00fdstupn\u00ed zast\u00e1vka v&nbsp;ulici Na Z\u00e1meck\u00e9, n\u00e1stupn\u00ed zast\u00e1vka v&nbsp;obrati\u0161ti).<\/p>\r\n<hr \/>\r\n<p><strong>Ve\u0161ker\u00e9 podrobnosti naleznete na <a href=\"https:\/\/www.dpp.cz\/omezeni-a-mimoradne-udalosti\/detail\/29388\" target=\"_blank\" rel=\"noopener\">str\u00e1nce DPP<\/a>.<\/strong><\/p>","protected":false},"excerpt":{"rendered":"[perex] Z&nbsp;d\u016fvodu rekonstrukce stropn\u00ed desky ve stanici Florenc dojde v&nbsp;sobotu 25.&nbsp;\u0159\u00edjna 2025 (od 4.30) a&nbsp;v&nbsp;ned\u011bli 26.&nbsp;\u0159\u00edjna 2025 (do 23.59) k&nbsp;do\u010dasn\u00e9mu p\u0159eru\u0161en\u00ed provozu metra linky C v&nbsp;\u00faseku Hlavn\u00ed n\u00e1dra\u017e\u00ed \u2013 Vltavsk\u00e1 (obousm\u011brn\u011b). Bude zavedena n\u00e1hradn\u00ed tramvajov\u00e1 doprava XC, linka 36 a&nbsp;zm\u011bny se dotknou linky 23. [\/perex] N\u00e1hradn\u00ed tramvajov\u00e1 doprava (v&nbsp;denn\u00edm provozu) XC\u00a0v trase\u00a0Hlavn\u00ed n\u00e1dra\u017e\u00ed\u00a0(v&nbsp;Opletalov\u011b ulici) [&hellip;]","protected":false},"author":251,"featured_media":59578,"comment_status":"closed","ping_status":"open","sticky":false,"template":"","format":"standard","meta":[],"categories":[34],"tags":[57,125],"_links":{"self":[{"href":"https:\/\/www.praha7.cz\/api\/wp\/v2\/posts\/87510"}],"collection":[{"href":"https:\/\/www.praha7.cz\/api\/wp\/v2\/posts"}],"about":[{"href":"https:\/\/www.praha7.cz\/api\/wp\/v2\/types\/post"}],"author":[{"embeddable":true,"href":"https:\/\/www.praha7.cz\/api\/wp\/v2\/users\/251"}],"replies":[{"embeddable":true,"href":"https:\/\/www.praha7.cz\/api\/wp\/v2\/comments?post=87510"}],"version-history":[{"count":1,"href":"https:\/\/www.praha7.cz\/api\/wp\/v2\/posts\/87510\/revisions"}],"predecessor-version":[{"id":87511,"href":"https:\/\/www.praha7.cz\/api\/wp\/v2\/posts\/87510\/revisions\/87511"}],"wp:featuredmedia":[{"embeddable":true,"href":"https:\/\/www.praha7.cz\/api\/wp\/v2\/media\/59578"}],"wp:attachment":[{"href":"https:\/\/www.praha7.cz\/api\/wp\/v2\/media?parent=87510"}],"wp:term":[{"taxonomy":"category","embeddable":true,"href":"https:\/\/www.praha7.cz\/api\/wp\/v2\/categories?post=87510"},{"taxonomy":"post_tag","embeddable":true,"href":"https:\/\/www.praha7.cz\/api\/wp\/v2\/tags?post=87510"}],"curies":[{"name":"wp","href":"https:\/\/api.w.org\/{rel}","templated":true}]}}