    
{"id":87493,"date":"2025-10-22T11:07:49","date_gmt":"2025-10-22T09:07:49","guid":{"rendered":"https:\/\/www.praha7.cz\/?p=87493"},"modified":"2025-10-27T10:36:11","modified_gmt":"2025-10-27T09:36:11","slug":"grand-prix-architektu-2025-vitezem-v-kategorii-krajinarska-architektura-je-park-u-vody","status":"publish","type":"post","link":"https:\/\/www.praha7.cz\/grand-prix-architektu-2025-vitezem-v-kategorii-krajinarska-architektura-je-park-u-vody\/","title":{"rendered":"Grand Prix Architekt\u016f 2025: v\u00edt\u011bzem v&nbsp;kategorii Krajin\u00e1\u0159sk\u00e1 architektura je park U&nbsp;Vody"},"content":{"rendered":"<p>[perex]<\/p>\r\n<p>Obec architekt\u016f ka\u017edoro\u010dn\u011b ud\u011bluje Grand Prix architekt\u016f \u2013 N\u00e1rodn\u00ed cenu za architekturu. V&nbsp;leto\u0161n\u00edm ro\u010dn\u00edku zv\u00edt\u011bzil v&nbsp;kategorii Krajin\u00e1\u0159sk\u00e1 architektura a&nbsp;zahradn\u00ed tvorba n\u00e1\u0161 <a href=\"https:\/\/www.praha7.cz\/potrebuji-zaridit\/planujte-sedmicku-s-nami\/park-u-vody\/\" target=\"_blank\" rel=\"noopener\">park U&nbsp;Vody<\/a>!<\/p>\r\n<p>[\/perex]<\/p>\r\n<p>Autorkami v\u00edt\u011bzn\u00e9ho projektu jsou Tereza Rapsov\u00e1, Alice Bou\u0161kov\u00e1, Martina Tom\u00e1nkov\u00e1, Marie McClellan, Marie Pourghasem, Tereza Lacigov\u00e1 z&nbsp;ateli\u00e9ru YYYY. V\u00edce o&nbsp;parku U&nbsp;Vody se do\u010dtete na <a href=\"https:\/\/www.praha7.cz\/potrebuji-zaridit\/planujte-sedmicku-s-nami\/park-u-vody\/\" target=\"_blank\" rel=\"noopener\">na\u0161ich str\u00e1nk\u00e1ch<\/a> nebo na <a href=\"https:\/\/grandprix.grandprixarchitektu.cz\/rocnik\/2025\/vitezove\/1633\" target=\"_blank\" rel=\"noopener\">webu Obce architekt\u016f<\/a>.\u00a0<\/p>\r\n<p>&nbsp;<\/p>","protected":false},"excerpt":{"rendered":"[perex] Obec architekt\u016f ka\u017edoro\u010dn\u011b ud\u011bluje Grand Prix architekt\u016f \u2013 N\u00e1rodn\u00ed cenu za architekturu. V&nbsp;leto\u0161n\u00edm ro\u010dn\u00edku zv\u00edt\u011bzil v&nbsp;kategorii Krajin\u00e1\u0159sk\u00e1 architektura a&nbsp;zahradn\u00ed tvorba n\u00e1\u0161 park U&nbsp;Vody! [\/perex] Autorkami v\u00edt\u011bzn\u00e9ho projektu jsou Tereza Rapsov\u00e1, Alice Bou\u0161kov\u00e1, Martina Tom\u00e1nkov\u00e1, Marie McClellan, Marie Pourghasem, Tereza Lacigov\u00e1 z&nbsp;ateli\u00e9ru YYYY. V\u00edce o&nbsp;parku U&nbsp;Vody se do\u010dtete na na\u0161ich str\u00e1nk\u00e1ch nebo na webu Obce [&hellip;]","protected":false},"author":251,"featured_media":78693,"comment_status":"closed","ping_status":"open","sticky":false,"template":"","format":"standard","meta":[],"categories":[34],"tags":[119,110],"_links":{"self":[{"href":"https:\/\/www.praha7.cz\/api\/wp\/v2\/posts\/87493"}],"collection":[{"href":"https:\/\/www.praha7.cz\/api\/wp\/v2\/posts"}],"about":[{"href":"https:\/\/www.praha7.cz\/api\/wp\/v2\/types\/post"}],"author":[{"embeddable":true,"href":"https:\/\/www.praha7.cz\/api\/wp\/v2\/users\/251"}],"replies":[{"embeddable":true,"href":"https:\/\/www.praha7.cz\/api\/wp\/v2\/comments?post=87493"}],"version-history":[{"count":3,"href":"https:\/\/www.praha7.cz\/api\/wp\/v2\/posts\/87493\/revisions"}],"predecessor-version":[{"id":87500,"href":"https:\/\/www.praha7.cz\/api\/wp\/v2\/posts\/87493\/revisions\/87500"}],"wp:featuredmedia":[{"embeddable":true,"href":"https:\/\/www.praha7.cz\/api\/wp\/v2\/media\/78693"}],"wp:attachment":[{"href":"https:\/\/www.praha7.cz\/api\/wp\/v2\/media?parent=87493"}],"wp:term":[{"taxonomy":"category","embeddable":true,"href":"https:\/\/www.praha7.cz\/api\/wp\/v2\/categories?post=87493"},{"taxonomy":"post_tag","embeddable":true,"href":"https:\/\/www.praha7.cz\/api\/wp\/v2\/tags?post=87493"}],"curies":[{"name":"wp","href":"https:\/\/api.w.org\/{rel}","templated":true}]}}