    
{"id":87455,"date":"2025-10-20T16:26:11","date_gmt":"2025-10-20T14:26:11","guid":{"rendered":"https:\/\/www.praha7.cz\/?p=87455"},"modified":"2025-10-23T17:05:30","modified_gmt":"2025-10-23T15:05:30","slug":"vyluka-vody-v-jankovcove-21-a-23-rijna","status":"publish","type":"post","link":"https:\/\/www.praha7.cz\/vyluka-vody-v-jankovcove-21-a-23-rijna\/","title":{"rendered":"V\u00fdluka vody v&nbsp;Jankovcov\u011b 21.&nbsp;a&nbsp;23.&nbsp;\u0159\u00edjna"},"content":{"rendered":"<p>[perex]<\/p>\r\n<p>Na z\u00e1klad\u011b informac\u00ed od spole\u010dnosti Pra\u017esk\u00e9 vodovody a&nbsp;kanalizace upozor\u0148ujeme na v\u00fdluku vody v&nbsp;ul. Jankovcova. V\u00fdluka prob\u011bhne v&nbsp;\u00fater\u00fd 21.&nbsp;a&nbsp;ve \u010dtvrtek 23.&nbsp;\u0159\u00edjna 2025.<\/p>\r\n<p>[\/perex]<\/p>\r\n<p>V\u00fdluka vody se bude t\u00fdkat<\/p>\r\n<ul>\r\n\t<li><strong>v \u00fater\u00fd 21.&nbsp;\u0159\u00edjna 2025 od 8 do 16 hodin<\/strong> odb\u011brn\u00fdch m\u00edst v&nbsp;ulici Jankovcova \u010d.p.\/\u010d.o.: 1060\/10, 68\/37, 96\/39, 94\/41, 864\/45, 862\/47;<\/li>\r\n\t<li><strong>ve \u010dtvrtek 23.&nbsp;\u0159\u00edjna 2025 od 8 do 15 hodin<\/strong> odb\u011brn\u00fdch m\u00edst v&nbsp;ulici Jankovcova \u010d.p.\/\u010d.o.: 1569\/2c, parc. \u010d. 964\/6 (bez vody bude m\u011b\u0159\u00edc\u00ed m\u00edsto V1+V4).<\/li>\r\n<\/ul>\r\n<p>D\u016fvodem je prov\u00e1d\u011bn\u00ed pl\u00e1novan\u00fdch oprav, udr\u017eovac\u00edch a&nbsp;revizn\u00edch prac\u00ed.<\/p>\r\n<p>Aktu\u00e1ln\u00ed informace sledujte na <a href=\"https:\/\/www.pvk.cz\/aktuality\/planovane-vyluky\/\" target=\"_blank\" rel=\"noopener\">str\u00e1nk\u00e1ch PVK<\/a>.<\/p>","protected":false},"excerpt":{"rendered":"[perex] Na z\u00e1klad\u011b informac\u00ed od spole\u010dnosti Pra\u017esk\u00e9 vodovody a&nbsp;kanalizace upozor\u0148ujeme na v\u00fdluku vody v&nbsp;ul. Jankovcova. V\u00fdluka prob\u011bhne v&nbsp;\u00fater\u00fd 21.&nbsp;a&nbsp;ve \u010dtvrtek 23.&nbsp;\u0159\u00edjna 2025. [\/perex] V\u00fdluka vody se bude t\u00fdkat v&nbsp;\u00fater\u00fd 21.&nbsp;\u0159\u00edjna 2025 od 8 do 16 hodin odb\u011brn\u00fdch m\u00edst v&nbsp;ulici Jankovcova \u010d.p.\/\u010d.o.: 1060\/10, 68\/37, 96\/39, 94\/41, 864\/45, 862\/47; ve \u010dtvrtek 23.&nbsp;\u0159\u00edjna 2025 od 8 do [&hellip;]","protected":false},"author":251,"featured_media":77630,"comment_status":"closed","ping_status":"open","sticky":false,"template":"","format":"standard","meta":[],"categories":[34],"tags":[125],"_links":{"self":[{"href":"https:\/\/www.praha7.cz\/api\/wp\/v2\/posts\/87455"}],"collection":[{"href":"https:\/\/www.praha7.cz\/api\/wp\/v2\/posts"}],"about":[{"href":"https:\/\/www.praha7.cz\/api\/wp\/v2\/types\/post"}],"author":[{"embeddable":true,"href":"https:\/\/www.praha7.cz\/api\/wp\/v2\/users\/251"}],"replies":[{"embeddable":true,"href":"https:\/\/www.praha7.cz\/api\/wp\/v2\/comments?post=87455"}],"version-history":[{"count":1,"href":"https:\/\/www.praha7.cz\/api\/wp\/v2\/posts\/87455\/revisions"}],"predecessor-version":[{"id":87456,"href":"https:\/\/www.praha7.cz\/api\/wp\/v2\/posts\/87455\/revisions\/87456"}],"wp:featuredmedia":[{"embeddable":true,"href":"https:\/\/www.praha7.cz\/api\/wp\/v2\/media\/77630"}],"wp:attachment":[{"href":"https:\/\/www.praha7.cz\/api\/wp\/v2\/media?parent=87455"}],"wp:term":[{"taxonomy":"category","embeddable":true,"href":"https:\/\/www.praha7.cz\/api\/wp\/v2\/categories?post=87455"},{"taxonomy":"post_tag","embeddable":true,"href":"https:\/\/www.praha7.cz\/api\/wp\/v2\/tags?post=87455"}],"curies":[{"name":"wp","href":"https:\/\/api.w.org\/{rel}","templated":true}]}}