    
{"id":87424,"date":"2025-10-20T12:35:48","date_gmt":"2025-10-20T10:35:48","guid":{"rendered":"https:\/\/www.praha7.cz\/?p=87424"},"modified":"2025-10-21T17:00:28","modified_gmt":"2025-10-21T15:00:28","slug":"zmena-terminu-pravni-poradny-pro-seniory-4","status":"publish","type":"post","link":"https:\/\/www.praha7.cz\/zmena-terminu-pravni-poradny-pro-seniory-4\/","title":{"rendered":"Zm\u011bna term\u00edn\u016f pr\u00e1vn\u00ed poradny pro seniory"},"content":{"rendered":"<p>[perex]<\/p>\r\n<p>Upozor\u0148ujeme na zm\u011bnu term\u00edn\u016f pr\u00e1vn\u00ed poradny pro seniory. M\u00edsto p\u016fvodn\u011b pl\u00e1novan\u00fdch dn\u016f 5.&nbsp;a&nbsp;19.&nbsp;listopadu 2025 se pr\u00e1vn\u00ed poradna uskute\u010dn\u00ed v&nbsp;term\u00ednech <strong>12.&nbsp;a&nbsp;26.&nbsp;listopadu 2025<\/strong>. Pr\u00e1vn\u00ed poradna se kon\u00e1 od 15 do 18 hodin v&nbsp;zasedac\u00ed m\u00edstnosti 2.09 (2.&nbsp;patro), U&nbsp;Pr\u016fhonu 1338\/38.<\/p>\r\n<p>V\u00edce informac\u00ed a\u00a0dal\u0161\u00ed term\u00edny najdete\u00a0<a href=\"https:\/\/www.praha7.cz\/temata\/pravni-poradna\/\">ZDE<\/a>.<\/p>\r\n<p>[\/perex]<\/p>","protected":false},"excerpt":{"rendered":"[perex] Upozor\u0148ujeme na zm\u011bnu term\u00edn\u016f pr\u00e1vn\u00ed poradny pro seniory. M\u00edsto p\u016fvodn\u011b pl\u00e1novan\u00fdch dn\u016f 5.&nbsp;a&nbsp;19.&nbsp;listopadu 2025 se pr\u00e1vn\u00ed poradna uskute\u010dn\u00ed v&nbsp;term\u00ednech 12.&nbsp;a&nbsp;26.&nbsp;listopadu 2025. Pr\u00e1vn\u00ed poradna se kon\u00e1 od 15 do 18 hodin v&nbsp;zasedac\u00ed m\u00edstnosti 2.09 (2.&nbsp;patro), U&nbsp;Pr\u016fhonu 1338\/38. V\u00edce informac\u00ed a\u00a0dal\u0161\u00ed term\u00edny najdete\u00a0ZDE. [\/perex]","protected":false},"author":5,"featured_media":19229,"comment_status":"closed","ping_status":"open","sticky":false,"template":"","format":"standard","meta":[],"categories":[34],"tags":[115],"_links":{"self":[{"href":"https:\/\/www.praha7.cz\/api\/wp\/v2\/posts\/87424"}],"collection":[{"href":"https:\/\/www.praha7.cz\/api\/wp\/v2\/posts"}],"about":[{"href":"https:\/\/www.praha7.cz\/api\/wp\/v2\/types\/post"}],"author":[{"embeddable":true,"href":"https:\/\/www.praha7.cz\/api\/wp\/v2\/users\/5"}],"replies":[{"embeddable":true,"href":"https:\/\/www.praha7.cz\/api\/wp\/v2\/comments?post=87424"}],"version-history":[{"count":2,"href":"https:\/\/www.praha7.cz\/api\/wp\/v2\/posts\/87424\/revisions"}],"predecessor-version":[{"id":87426,"href":"https:\/\/www.praha7.cz\/api\/wp\/v2\/posts\/87424\/revisions\/87426"}],"wp:featuredmedia":[{"embeddable":true,"href":"https:\/\/www.praha7.cz\/api\/wp\/v2\/media\/19229"}],"wp:attachment":[{"href":"https:\/\/www.praha7.cz\/api\/wp\/v2\/media?parent=87424"}],"wp:term":[{"taxonomy":"category","embeddable":true,"href":"https:\/\/www.praha7.cz\/api\/wp\/v2\/categories?post=87424"},{"taxonomy":"post_tag","embeddable":true,"href":"https:\/\/www.praha7.cz\/api\/wp\/v2\/tags?post=87424"}],"curies":[{"name":"wp","href":"https:\/\/api.w.org\/{rel}","templated":true}]}}