    
{"id":87396,"date":"2025-10-17T14:07:24","date_gmt":"2025-10-17T12:07:24","guid":{"rendered":"https:\/\/www.praha7.cz\/?p=87396"},"modified":"2025-11-13T13:22:49","modified_gmt":"2025-11-13T12:22:49","slug":"lidl-v-komunardu-venuje-cast-trzeb-zs-tusarova","status":"publish","type":"post","link":"https:\/\/www.praha7.cz\/lidl-v-komunardu-venuje-cast-trzeb-zs-tusarova\/","title":{"rendered":"Lidl v&nbsp;Komunard\u016f v\u011bnuje \u010d\u00e1st tr\u017eeb Z\u0160 Tusarova"},"content":{"rendered":"<p>[perex]<\/p>\r\n<p>Spole\u010dnost Lidl \u010cesk\u00e1 republika v&nbsp;pond\u011bl\u00ed 20.&nbsp;\u0159\u00edjna 2025 v&nbsp;7.00 otev\u0159e novou prodejnu v&nbsp;ulici Komunard\u016f. Tento den za ka\u017ed\u00fd n\u00e1kup v&nbsp;hodnot\u011b vy\u0161\u0161\u00ed ne\u017e 300&nbsp;K\u010d v\u011bnuje Lidl 50 korun Z\u0160 Tusarova. V\u00fdt\u011b\u017eek \u0161kola pou\u017eije na podporu d\u011bt\u00ed se speci\u00e1ln\u00edmi vzd\u011bl\u00e1vac\u00edmi pot\u0159ebami. Lidl se vzd\u011bl\u00e1vac\u00edmi institucemi na Sedmi\u010dce spolupracuje dlouhodob\u011b, d\u011bkujeme za podporu!<\/p>\r\n<p>[\/perex]<\/p>\r\n<p>V\u00fdt\u011b\u017eek ve v\u00fd\u0161i 75&nbsp;250 korun byl v&nbsp;listopadu 2025 p\u0159ed\u00e1n Z\u0160 Tusarova. D\u011bkujeme Lidlu i&nbsp;v\u0161em nakupuj\u00edc\u00edm, kte\u0159\u00ed p\u0159isp\u011bli!\u00a0<\/p>\r\n\r\n<figure id=\"attachment_87922\" aria-describedby=\"caption-attachment-87922\" style=\"width: 640px\" class=\"wp-caption alignnone\"><img loading=\"lazy\" src=\"https:\/\/www.praha7.cz\/wp-content\/uploads\/2025\/10\/Lidl-ZS-Tusarova-1500x1000.jpg\" alt=\"\" width=\"640\" height=\"427\" class=\"wp-image-87922 size-large\" srcset=\"https:\/\/www.praha7.cz\/wp-content\/uploads\/2025\/10\/Lidl-ZS-Tusarova-1500x1000.jpg 1500w, https:\/\/www.praha7.cz\/wp-content\/uploads\/2025\/10\/Lidl-ZS-Tusarova-600x400.jpg 600w, https:\/\/www.praha7.cz\/wp-content\/uploads\/2025\/10\/Lidl-ZS-Tusarova-768x512.jpg 768w, https:\/\/www.praha7.cz\/wp-content\/uploads\/2025\/10\/Lidl-ZS-Tusarova-1536x1024.jpg 1536w, https:\/\/www.praha7.cz\/wp-content\/uploads\/2025\/10\/Lidl-ZS-Tusarova.jpg 2048w\" sizes=\"(max-width: 640px) 100vw, 640px\" \/><figcaption id=\"caption-attachment-87922\" class=\"wp-caption-text\">Na fotce (zprava): \u0159editelka Z\u0160 Tusarova Monika Nezbedov\u00e1, region\u00e1ln\u00ed mana\u017eer Lidlu Petr Po\u0159\u00edzek a&nbsp;CSR konzultantka Lidlu Kate\u0159ina Kamar\u00fdtov\u00e1.<\/figcaption><\/figure>","protected":false},"excerpt":{"rendered":"[perex] Spole\u010dnost Lidl \u010cesk\u00e1 republika v&nbsp;pond\u011bl\u00ed 20.&nbsp;\u0159\u00edjna 2025 v&nbsp;7.00 otev\u0159e novou prodejnu v&nbsp;ulici Komunard\u016f. Tento den za ka\u017ed\u00fd n\u00e1kup v&nbsp;hodnot\u011b vy\u0161\u0161\u00ed ne\u017e 300&nbsp;K\u010d v\u011bnuje Lidl 50 korun Z\u0160 Tusarova. V\u00fdt\u011b\u017eek \u0161kola pou\u017eije na podporu d\u011bt\u00ed se speci\u00e1ln\u00edmi vzd\u011bl\u00e1vac\u00edmi pot\u0159ebami. Lidl se vzd\u011bl\u00e1vac\u00edmi institucemi na Sedmi\u010dce spolupracuje dlouhodob\u011b, d\u011bkujeme za podporu! [\/perex] V\u00fdt\u011b\u017eek ve v\u00fd\u0161i 75&nbsp;250 [&hellip;]","protected":false},"author":251,"featured_media":87414,"comment_status":"closed","ping_status":"open","sticky":false,"template":"","format":"standard","meta":[],"categories":[34],"tags":[83,110],"_links":{"self":[{"href":"https:\/\/www.praha7.cz\/api\/wp\/v2\/posts\/87396"}],"collection":[{"href":"https:\/\/www.praha7.cz\/api\/wp\/v2\/posts"}],"about":[{"href":"https:\/\/www.praha7.cz\/api\/wp\/v2\/types\/post"}],"author":[{"embeddable":true,"href":"https:\/\/www.praha7.cz\/api\/wp\/v2\/users\/251"}],"replies":[{"embeddable":true,"href":"https:\/\/www.praha7.cz\/api\/wp\/v2\/comments?post=87396"}],"version-history":[{"count":4,"href":"https:\/\/www.praha7.cz\/api\/wp\/v2\/posts\/87396\/revisions"}],"predecessor-version":[{"id":87924,"href":"https:\/\/www.praha7.cz\/api\/wp\/v2\/posts\/87396\/revisions\/87924"}],"wp:featuredmedia":[{"embeddable":true,"href":"https:\/\/www.praha7.cz\/api\/wp\/v2\/media\/87414"}],"wp:attachment":[{"href":"https:\/\/www.praha7.cz\/api\/wp\/v2\/media?parent=87396"}],"wp:term":[{"taxonomy":"category","embeddable":true,"href":"https:\/\/www.praha7.cz\/api\/wp\/v2\/categories?post=87396"},{"taxonomy":"post_tag","embeddable":true,"href":"https:\/\/www.praha7.cz\/api\/wp\/v2\/tags?post=87396"}],"curies":[{"name":"wp","href":"https:\/\/api.w.org\/{rel}","templated":true}]}}