    
{"id":87364,"date":"2025-10-15T17:41:11","date_gmt":"2025-10-15T15:41:11","guid":{"rendered":"https:\/\/www.praha7.cz\/?p=87364"},"modified":"2025-10-24T16:32:47","modified_gmt":"2025-10-24T14:32:47","slug":"novy-zahon-v-ulici-kostelni","status":"publish","type":"post","link":"https:\/\/www.praha7.cz\/novy-zahon-v-ulici-kostelni\/","title":{"rendered":"Nov\u00fd z\u00e1hon v&nbsp;Kosteln\u00ed"},"content":{"rendered":"<p>[perex]<\/p>\r\n<p>V term\u00ednu od 21.&nbsp;do 24.&nbsp;\u0159\u00edjna 2025 bude na dopravn\u00edm ostr\u016fvku v&nbsp;k\u0159i\u017eovatce ulic Kosteln\u00ed \u00d7 U&nbsp;Letensk\u00e9ho sadu zalo\u017een nov\u00fd z\u00e1hon.<\/p>\r\n<p>[\/perex]<\/p>\r\n<p>Z\u00e1hon bude opticky i&nbsp;skladbou rostlin navazovat na ji\u017e vys\u00e1zen\u00fd velk\u00fd st\u0159edov\u00fd z\u00e1hon v\u00fd\u0161e v&nbsp;ulici Kosteln\u00ed. \u00a0<\/p>\r\n<p>Bude se jednat o&nbsp;sm\u00ed\u0161en\u00fd z\u00e1hon s&nbsp;celoro\u010dn\u011b p\u016fsobivou a&nbsp;bohatou druhovou skladbou, kter\u00e1 na prvn\u00ed pohled vypad\u00e1 jako n\u00e1hodn\u00e1 sm\u011bs rostlin p\u0159\u00edrodn\u00edho vzhledu. Ve sm\u011bsi budou brzy zjara rozkv\u00e9tat cibuloviny a&nbsp;postupn\u011b je bude st\u0159\u00eddat bohat\u00fd mix trvalek a&nbsp;okrasn\u00fdch trav. V&nbsp;zimn\u00edm obdob\u00ed se uplatn\u00ed zejm\u00e9na textura such\u00fdch trav a&nbsp;\u010d\u00e1sti trvalek.<\/p>\r\n<p>B\u011bhem p\u0159\u00edprav z\u00e1honu bude kv\u016fli z\u00e1boru u&nbsp;ostr\u016fvku \u010d\u00e1ste\u010dn\u011b omezen provoz v\u00a0k\u0159i\u017eovatce. Pr\u016fjezd z\u016fstane zachov\u00e1n.<\/p>\r\n<p>D\u011bkujeme za pochopen\u00ed a&nbsp;t\u011b\u0161\u00edme se na nov\u00fd z\u00e1hon.<\/p>","protected":false},"excerpt":{"rendered":"[perex] V&nbsp;term\u00ednu od 21.&nbsp;do 24.&nbsp;\u0159\u00edjna 2025 bude na dopravn\u00edm ostr\u016fvku v&nbsp;k\u0159i\u017eovatce ulic Kosteln\u00ed \u00d7 U&nbsp;Letensk\u00e9ho sadu zalo\u017een nov\u00fd z\u00e1hon. [\/perex] Z\u00e1hon bude opticky i&nbsp;skladbou rostlin navazovat na ji\u017e vys\u00e1zen\u00fd velk\u00fd st\u0159edov\u00fd z\u00e1hon v\u00fd\u0161e v&nbsp;ulici Kosteln\u00ed. \u00a0 Bude se jednat o&nbsp;sm\u00ed\u0161en\u00fd z\u00e1hon s&nbsp;celoro\u010dn\u011b p\u016fsobivou a&nbsp;bohatou druhovou skladbou, kter\u00e1 na prvn\u00ed pohled vypad\u00e1 jako n\u00e1hodn\u00e1 sm\u011bs [&hellip;]","protected":false},"author":5,"featured_media":87365,"comment_status":"closed","ping_status":"open","sticky":false,"template":"","format":"standard","meta":[],"categories":[34],"tags":[124],"_links":{"self":[{"href":"https:\/\/www.praha7.cz\/api\/wp\/v2\/posts\/87364"}],"collection":[{"href":"https:\/\/www.praha7.cz\/api\/wp\/v2\/posts"}],"about":[{"href":"https:\/\/www.praha7.cz\/api\/wp\/v2\/types\/post"}],"author":[{"embeddable":true,"href":"https:\/\/www.praha7.cz\/api\/wp\/v2\/users\/5"}],"replies":[{"embeddable":true,"href":"https:\/\/www.praha7.cz\/api\/wp\/v2\/comments?post=87364"}],"version-history":[{"count":3,"href":"https:\/\/www.praha7.cz\/api\/wp\/v2\/posts\/87364\/revisions"}],"predecessor-version":[{"id":87373,"href":"https:\/\/www.praha7.cz\/api\/wp\/v2\/posts\/87364\/revisions\/87373"}],"wp:featuredmedia":[{"embeddable":true,"href":"https:\/\/www.praha7.cz\/api\/wp\/v2\/media\/87365"}],"wp:attachment":[{"href":"https:\/\/www.praha7.cz\/api\/wp\/v2\/media?parent=87364"}],"wp:term":[{"taxonomy":"category","embeddable":true,"href":"https:\/\/www.praha7.cz\/api\/wp\/v2\/categories?post=87364"},{"taxonomy":"post_tag","embeddable":true,"href":"https:\/\/www.praha7.cz\/api\/wp\/v2\/tags?post=87364"}],"curies":[{"name":"wp","href":"https:\/\/api.w.org\/{rel}","templated":true}]}}