    
{"id":87336,"date":"2025-10-14T15:21:09","date_gmt":"2025-10-14T13:21:09","guid":{"rendered":"https:\/\/www.praha7.cz\/?p=87336"},"modified":"2025-10-17T16:35:41","modified_gmt":"2025-10-17T14:35:41","slug":"beneficni-koncert-pro-motylek","status":"publish","type":"post","link":"https:\/\/www.praha7.cz\/beneficni-koncert-pro-motylek\/","title":{"rendered":"Benefi\u010dn\u00ed koncert pro Mot\u00fdlek"},"content":{"rendered":"<p>[perex]<\/p>\r\n<p>V pond\u011bl\u00ed 20.&nbsp;\u0159\u00edjna 2025 od 19 hodin se v&nbsp;Dopravn\u00ed hale N\u00e1rodn\u00edho technick\u00e9ho muzea uskute\u010dn\u00ed benefi\u010dn\u00ed koncert pro Komunitn\u00ed centrum Mot\u00fdlek. Vystoup\u00ed houslista Pavel \u0160porcl, patron Mot\u00fdlka, v&nbsp;doprovodu klav\u00edristy Petra Ji\u0159\u00edkovsk\u00e9ho. Halu s&nbsp;expon\u00e1ty muzea rozezn\u00ed hudba \u010desk\u00fdch autor\u016f. Slavnostn\u00edm ve\u010derem provede moder\u00e1tor \u010cT Richard Samko.<\/p>\r\n<p>[\/perex]<\/p>\r\n<p>V\u00fdnos z&nbsp;benefi\u010dn\u00edho koncertu bude v\u011bnov\u00e1n na podporu \u010dinnosti Komunitn\u00edho centra Mot\u00fdlek, kter\u00e9 pom\u00e1h\u00e1 d\u011btem a&nbsp;mlad\u00fdm lidem se zdravotn\u00edm \u010di soci\u00e1ln\u00edm znev\u00fdhodn\u011bn\u00edm pro\u017e\u00edt radostn\u00e9 d\u011btstv\u00ed a&nbsp;dosp\u00edv\u00e1n\u00ed a&nbsp;p\u0159ipravit se na samostatn\u00fd \u017eivot.<\/p>\r\n<p><strong>Slovo Pavla \u0160porcla, patrona Komunitn\u00edho centra Mot\u00fdlek:<\/strong><\/p>\r\n<p><em>\u00a0\u201eJako hrd\u00fd patron Komunitn\u00edho centra Mot\u00fdlek budu velmi r\u00e1d, pokud si p\u0159ijdete vychutnat kr\u00e1sn\u00fd kulturn\u00ed ve\u010der a&nbsp;z\u00e1rove\u0148 p\u0159in\u00e9st konkr\u00e9tn\u00ed pomoc tam, kde je opravdu pot\u0159eba.&#8220;<\/em><\/p>\r\n<p>Informace o&nbsp;Komunitn\u00edm centru Mot\u00fdlek naleznete na: <a href=\"https:\/\/www.motylek.org\/\" target=\"_blank\" rel=\"noopener\">www.motylek.org<\/a><\/p>\r\n<p><a href=\"https:\/\/vstupenkywl.ntm.cz\/ntm\/standard\/Hall\/Index\/74553\/LCoycTnS0fg_rov__xcodex_AGA1gFbU4wibW5Av-gKU2sCOwscZMug6AUDw1Q__?\" target=\"_blank\" rel=\"noopener\"><strong>Prodej vstupenek zde.<\/strong><\/a><\/p>\r\n<p><img loading=\"lazy\" src=\"https:\/\/www.praha7.cz\/wp-content\/uploads\/2025\/10\/Koncert_pro_Motylek_pozvanka-701x1000.jpg\" alt=\"\" width=\"640\" height=\"913\" class=\"alignnone size-large wp-image-87337\" srcset=\"https:\/\/www.praha7.cz\/wp-content\/uploads\/2025\/10\/Koncert_pro_Motylek_pozvanka-701x1000.jpg 701w, https:\/\/www.praha7.cz\/wp-content\/uploads\/2025\/10\/Koncert_pro_Motylek_pozvanka-281x400.jpg 281w, https:\/\/www.praha7.cz\/wp-content\/uploads\/2025\/10\/Koncert_pro_Motylek_pozvanka.jpg 768w\" sizes=\"(max-width: 640px) 100vw, 640px\" \/><\/p>","protected":false},"excerpt":{"rendered":"[perex] V&nbsp;pond\u011bl\u00ed 20.&nbsp;\u0159\u00edjna 2025 od 19 hodin se v&nbsp;Dopravn\u00ed hale N\u00e1rodn\u00edho technick\u00e9ho muzea uskute\u010dn\u00ed benefi\u010dn\u00ed koncert pro Komunitn\u00ed centrum Mot\u00fdlek. Vystoup\u00ed houslista Pavel \u0160porcl, patron Mot\u00fdlka, v&nbsp;doprovodu klav\u00edristy Petra Ji\u0159\u00edkovsk\u00e9ho. Halu s&nbsp;expon\u00e1ty muzea rozezn\u00ed hudba \u010desk\u00fdch autor\u016f. Slavnostn\u00edm ve\u010derem provede moder\u00e1tor \u010cT Richard Samko. [\/perex] V\u00fdnos z&nbsp;benefi\u010dn\u00edho koncertu bude v\u011bnov\u00e1n na podporu \u010dinnosti Komunitn\u00edho [&hellip;]","protected":false},"author":5,"featured_media":87338,"comment_status":"closed","ping_status":"open","sticky":false,"template":"","format":"standard","meta":[],"categories":[34],"tags":[117,106],"_links":{"self":[{"href":"https:\/\/www.praha7.cz\/api\/wp\/v2\/posts\/87336"}],"collection":[{"href":"https:\/\/www.praha7.cz\/api\/wp\/v2\/posts"}],"about":[{"href":"https:\/\/www.praha7.cz\/api\/wp\/v2\/types\/post"}],"author":[{"embeddable":true,"href":"https:\/\/www.praha7.cz\/api\/wp\/v2\/users\/5"}],"replies":[{"embeddable":true,"href":"https:\/\/www.praha7.cz\/api\/wp\/v2\/comments?post=87336"}],"version-history":[{"count":2,"href":"https:\/\/www.praha7.cz\/api\/wp\/v2\/posts\/87336\/revisions"}],"predecessor-version":[{"id":87340,"href":"https:\/\/www.praha7.cz\/api\/wp\/v2\/posts\/87336\/revisions\/87340"}],"wp:featuredmedia":[{"embeddable":true,"href":"https:\/\/www.praha7.cz\/api\/wp\/v2\/media\/87338"}],"wp:attachment":[{"href":"https:\/\/www.praha7.cz\/api\/wp\/v2\/media?parent=87336"}],"wp:term":[{"taxonomy":"category","embeddable":true,"href":"https:\/\/www.praha7.cz\/api\/wp\/v2\/categories?post=87336"},{"taxonomy":"post_tag","embeddable":true,"href":"https:\/\/www.praha7.cz\/api\/wp\/v2\/tags?post=87336"}],"curies":[{"name":"wp","href":"https:\/\/api.w.org\/{rel}","templated":true}]}}