    
{"id":87319,"date":"2025-10-14T11:03:11","date_gmt":"2025-10-14T09:03:11","guid":{"rendered":"https:\/\/www.praha7.cz\/?p=87319"},"modified":"2025-10-20T08:08:17","modified_gmt":"2025-10-20T06:08:17","slug":"vyluka-holesovice-rijen-25","status":"publish","type":"post","link":"https:\/\/www.praha7.cz\/vyluka-holesovice-rijen-25\/","title":{"rendered":"V\u00edkendov\u00e1 v\u00fdluka tramvaj\u00ed a&nbsp;omezen\u00ed provozu na Bubensk\u00e9m n\u00e1b\u0159e\u017e\u00ed"},"content":{"rendered":"<p>[perex]<\/p>\r\n<p>Z d\u016fvodu stavebn\u00edch prac\u00ed na odvodn\u011bn\u00ed Negrelliho viaduktu a&nbsp;diagnostiky nadjezdu u&nbsp;zast\u00e1vky Vltavsk\u00e1 doch\u00e1z\u00ed od soboty 18.&nbsp;\u0159\u00edjna (od 4.30 hodin) do ned\u011ble 19.&nbsp;\u0159\u00edjna 2025 (do 24.00) k&nbsp;p\u0159eru\u0161en\u00ed provozu tramvaj\u00ed v&nbsp;Hole\u0161ovic\u00edch. Zavedena bude n\u00e1hradn\u00ed autobusov\u00e1 doprava X1 a&nbsp;prodlou\u017eena linka X25. V&nbsp;term\u00ednu od 17.&nbsp;\u0159\u00edjna do 19.&nbsp;\u0159\u00edjna 2025 dojde v&nbsp;oblasti Bubensk\u00e9ho n\u00e1b\u0159e\u017e\u00ed tak\u00e9 k&nbsp;do\u010dasn\u00e9mu omezen\u00ed automobilov\u00e9 dopravy.<\/p>\r\n<p>[\/perex]<\/p>\r\n<h3>V\u00fdluka tramvajov\u00e9 dopravy<\/h3>\r\n<p>V\u00fdluka tramvaj\u00ed v\u00a0Hole\u0161ovic\u00edch bude rozd\u011blena na dv\u011b etapy. Po v\u011bt\u0161inu v\u00edkendu, <strong>od soboty 18.&nbsp;\u0159\u00edjna (p\u0159ibli\u017en\u011b od 4.30 hodin) do ned\u011ble 19.&nbsp;\u0159\u00edjna (do 20.20 hodin)<\/strong>, bude tramvajov\u00e1 doprava vylou\u010dena v&nbsp;\u00faseku N\u00e1dra\u017e\u00ed Hole\u0161ovice \u2013 D\u011blnick\u00e1 \u2013 Vltavsk\u00e1. Zm\u011bny tras se dotknou tramvajov\u00fdch linek 1, 6, 14 a&nbsp;25.<\/p>\r\n<p><a href=\"https:\/\/www.praha7.cz\/wp-content\/uploads\/2025\/10\/mapa_nadr_hol_delnicka_vltavska.jpg\" target=\"_blank\" rel=\"noopener\"><img loading=\"lazy\" src=\"https:\/\/www.praha7.cz\/wp-content\/uploads\/2025\/10\/mapa_nadr_hol_delnicka_vltavska.jpg\" alt=\"\" width=\"814\" height=\"611\" class=\"alignnone size-full wp-image-87321\" srcset=\"https:\/\/www.praha7.cz\/wp-content\/uploads\/2025\/10\/mapa_nadr_hol_delnicka_vltavska.jpg 814w, https:\/\/www.praha7.cz\/wp-content\/uploads\/2025\/10\/mapa_nadr_hol_delnicka_vltavska-533x400.jpg 533w, https:\/\/www.praha7.cz\/wp-content\/uploads\/2025\/10\/mapa_nadr_hol_delnicka_vltavska-768x576.jpg 768w\" sizes=\"(max-width: 814px) 100vw, 814px\" \/><\/a><\/p>\r\n<p><strong>Podrobn\u00e9 informace najdete na <a href=\"https:\/\/www.dpp.cz\/omezeni-a-mimoradne-udalosti\/detail\/29296\" target=\"_blank\" rel=\"noopener\">str\u00e1nk\u00e1ch DPP<\/a>.<\/strong><\/p>\r\n<p>&nbsp;<\/p>\r\n<p>Na tuto etapu nav\u00e1\u017ee v\u00fdluka v&nbsp;\u00fasec\u00edch N\u00e1dra\u017e\u00ed Hole\u0161ovice \u2013 D\u011blnick\u00e1 \u2013 Vltavsk\u00e1 \u2013 Strossmayerovo n\u00e1m\u011bst\u00ed a&nbsp;Vltavsk\u00e1 \u2013 T\u011b\u0161nov, kter\u00e1 bude prob\u00edhat <strong>v ned\u011bli 19.&nbsp;\u0159\u00edjna od 20.20 hodin p\u0159ibli\u017en\u011b do 24.00 hodin<\/strong>.<\/p>\r\n<p>Zm\u011bny tras se dotknou tramvajov\u00fdch linek 1, 6, 14, 25 a&nbsp;12.<\/p>\r\n<p><a href=\"https:\/\/www.praha7.cz\/wp-content\/uploads\/2025\/10\/mapa_Nadr_Hol_Stross_nam_Vltavska.jpg\" target=\"_blank\" rel=\"noopener\"><img loading=\"lazy\" src=\"https:\/\/www.praha7.cz\/wp-content\/uploads\/2025\/10\/mapa_Nadr_Hol_Stross_nam_Vltavska.jpg\" alt=\"\" width=\"722\" height=\"636\" class=\"alignnone size-full wp-image-87320\" srcset=\"https:\/\/www.praha7.cz\/wp-content\/uploads\/2025\/10\/mapa_Nadr_Hol_Stross_nam_Vltavska.jpg 722w, https:\/\/www.praha7.cz\/wp-content\/uploads\/2025\/10\/mapa_Nadr_Hol_Stross_nam_Vltavska-454x400.jpg 454w\" sizes=\"(max-width: 722px) 100vw, 722px\" \/><\/a><\/p>\r\n<p><strong>V\u00edce informac\u00ed najdete <a href=\"https:\/\/www.dpp.cz\/omezeni-a-mimoradne-udalosti\/detail\/29297\" target=\"_blank\" rel=\"noopener\">na str\u00e1nk\u00e1ch DPP<\/a>.<\/strong><\/p>\r\n<p>&nbsp;<\/p>\r\n<h3>Omezen\u00ed automobilov\u00e9 dopravy<\/h3>\r\n<p>V pr\u016fb\u011bhu stavebn\u00edch prac\u00ed dojde v&nbsp;term\u00ednu <strong>17. &#8211; 19.&nbsp;\u0159\u00edjna<\/strong> k&nbsp;z\u00e1boru j\u00edzdn\u00edch pruh\u016f na Bubensk\u00e9m n\u00e1b\u0159e\u017e\u00ed a&nbsp;chodn\u00edk\u016f u&nbsp;Negrelliho viaduktu. Ve dnech 17.&nbsp;a&nbsp;19.&nbsp;\u0159\u00edjna bude provoz na Bubensk\u00e9m n\u00e1b\u0159e\u017e\u00ed zachov\u00e1n jedn\u00edm j\u00edzdn\u00edm pruhem v&nbsp;obou sm\u011brech.<\/p>\r\n<p><strong>V\u00a0sobotu 18.&nbsp;\u0159\u00edjna<\/strong> (p\u0159ibli\u017en\u011b od 7 do 20 hodin) bude z\u00a0d\u016fvodu nat\u00e1\u010den\u00ed Bubensk\u00e9 n\u00e1b\u0159e\u017e\u00ed uzav\u0159eno ve sm\u011bru j\u00edzdy od ulice Komunard\u016f k\u00a0ulici Argentinsk\u00e1. Obj\u00edzdn\u00e1 trasa bude vedena ulicemi Jate\u010dn\u00ed \u2013 Jankovcova \u2013 D\u011blnick\u00e1 \u2013 Argentinsk\u00e1. Tato uzav\u00edrka se nedotkne trasy n\u00e1hradn\u00ed autobusov\u00e9 dopravy, kter\u00e1 bude jezdit po kolej\u00edch, a&nbsp;omezen nebude ani vstup do Hole\u0161ovick\u00e9 tr\u017enice.<\/p>\r\n<p>Pros\u00edme, v\u011bnujte pozornost m\u00edstn\u00edmu dopravn\u00edmu zna\u010den\u00ed. D\u011bkujeme za pochopen\u00ed.<\/p>","protected":false},"excerpt":{"rendered":"[perex] Z&nbsp;d\u016fvodu stavebn\u00edch prac\u00ed na odvodn\u011bn\u00ed Negrelliho viaduktu a&nbsp;diagnostiky nadjezdu u&nbsp;zast\u00e1vky Vltavsk\u00e1 doch\u00e1z\u00ed od soboty 18.&nbsp;\u0159\u00edjna (od 4.30 hodin) do ned\u011ble 19.&nbsp;\u0159\u00edjna 2025 (do 24.00) k&nbsp;p\u0159eru\u0161en\u00ed provozu tramvaj\u00ed v&nbsp;Hole\u0161ovic\u00edch. Zavedena bude n\u00e1hradn\u00ed autobusov\u00e1 doprava X1 a&nbsp;prodlou\u017eena linka X25. V&nbsp;term\u00ednu od 17.&nbsp;\u0159\u00edjna do 19.&nbsp;\u0159\u00edjna 2025 dojde v&nbsp;oblasti Bubensk\u00e9ho n\u00e1b\u0159e\u017e\u00ed tak\u00e9 k&nbsp;do\u010dasn\u00e9mu omezen\u00ed automobilov\u00e9 dopravy. [\/perex] [&hellip;]","protected":false},"author":5,"featured_media":87322,"comment_status":"closed","ping_status":"open","sticky":false,"template":"","format":"standard","meta":[],"categories":[36],"tags":[57,125],"_links":{"self":[{"href":"https:\/\/www.praha7.cz\/api\/wp\/v2\/posts\/87319"}],"collection":[{"href":"https:\/\/www.praha7.cz\/api\/wp\/v2\/posts"}],"about":[{"href":"https:\/\/www.praha7.cz\/api\/wp\/v2\/types\/post"}],"author":[{"embeddable":true,"href":"https:\/\/www.praha7.cz\/api\/wp\/v2\/users\/5"}],"replies":[{"embeddable":true,"href":"https:\/\/www.praha7.cz\/api\/wp\/v2\/comments?post=87319"}],"version-history":[{"count":3,"href":"https:\/\/www.praha7.cz\/api\/wp\/v2\/posts\/87319\/revisions"}],"predecessor-version":[{"id":87328,"href":"https:\/\/www.praha7.cz\/api\/wp\/v2\/posts\/87319\/revisions\/87328"}],"wp:featuredmedia":[{"embeddable":true,"href":"https:\/\/www.praha7.cz\/api\/wp\/v2\/media\/87322"}],"wp:attachment":[{"href":"https:\/\/www.praha7.cz\/api\/wp\/v2\/media?parent=87319"}],"wp:term":[{"taxonomy":"category","embeddable":true,"href":"https:\/\/www.praha7.cz\/api\/wp\/v2\/categories?post=87319"},{"taxonomy":"post_tag","embeddable":true,"href":"https:\/\/www.praha7.cz\/api\/wp\/v2\/tags?post=87319"}],"curies":[{"name":"wp","href":"https:\/\/api.w.org\/{rel}","templated":true}]}}