    
{"id":87301,"date":"2025-10-13T17:34:11","date_gmt":"2025-10-13T15:34:11","guid":{"rendered":"https:\/\/www.praha7.cz\/?p=87301"},"modified":"2025-10-15T09:18:22","modified_gmt":"2025-10-15T07:18:22","slug":"tram-ke-stirce-25","status":"publish","type":"post","link":"https:\/\/www.praha7.cz\/tram-ke-stirce-25\/","title":{"rendered":"P\u0159eru\u0161en\u00ed provozu tramvaj\u00ed N\u00e1dra\u017e\u00ed Hole\u0161ovice \u2013 Ke St\u00edrce v&nbsp;noci z&nbsp;\u00fater\u00fd na st\u0159edu"},"content":{"rendered":"<p>[perex]<\/p>\r\n<p>Z d\u016fvodu \u00fadr\u017eby tramvajov\u00e9 trati doch\u00e1z\u00ed v&nbsp;noci z&nbsp;\u00fater\u00fd 14.&nbsp;\u0159\u00edjna 2025 (22.45) na st\u0159edu 15.&nbsp;\u0159\u00edjna 2025 (do 4.15) ke kr\u00e1tkodob\u00e9mu p\u0159eru\u0161en\u00ed provozu tramvaj\u00ed v&nbsp;\u00faseku N\u00e1dra\u017e\u00ed Hole\u0161ovice \u2013 Ke St\u00edrce. Dot\u010den\u00e9 linky 17 a&nbsp;93, zavedena je n\u00e1hradn\u00ed autobusov\u00e1 doprava X17 a&nbsp;X93.<\/p>\r\n<p>[\/perex]<\/p>\r\n<h2>Zm\u011bny tras tramvajov\u00fdch linek<\/h2>\r\n<ul>\r\n\t<li>Linka \u010d\u00edslo<span>\u00a0<\/span><strong>17<span>\u00a0<\/span><\/strong>ve dvou variant\u00e1ch trasy:\r\n\r\n<ul>\r\n\t<li>LIBU\u0160 \u2026 Strossmayerovo n\u00e1m\u011bst\u00ed \u2013<span>\u00a0<\/span><strong>Vltavsk\u00e1<span>\u00a0<\/span><\/strong>(na p\u0159edmost\u00ed Hl\u00e1vkova mostu) \u2013<span>\u00a0<\/span><strong>T\u011b\u0161nov<span>\u00a0<\/span><\/strong>\u2013<span>\u00a0<\/span><strong>Florenc<span>\u00a0<\/span><\/strong>\u2013<span>\u00a0<\/span><strong>K\u0159i\u017e\u00edkova<span>\u00a0<\/span><\/strong>\u2013<span>\u00a0<\/span><strong>Invalidovna<span>\u00a0<\/span><\/strong>\u2013<span>\u00a0<\/span><strong>Palmovka<span>\u00a0<\/span><\/strong>\u2013<span>\u00a0<\/span><strong>Bulovka<span>\u00a0<\/span><\/strong>\u2013<span>\u00a0<\/span><strong>Okrouhlick\u00e1<span>\u00a0<\/span><\/strong>\u2013 Ke St\u00edrce \u2026 VOZOVNA KOBYLISY<\/li>\r\n\t<li>LIBU\u0160 \u2026 Veletr\u017en\u00ed pal\u00e1c \u2013<span>\u00a0<\/span><strong>V\u00ddSTAVI\u0160T\u011a<\/strong><\/li>\r\n<\/ul>\r\n<\/li>\r\n\t<li>Linka \u010d\u00edslo<span>\u00a0<\/span><strong>93<\/strong><span>\u00a0<\/span>VOZOVNA PANKR\u00c1C \u2026 Veletr\u017en\u00ed pal\u00e1c \u2013 V\u00ddSTAVI\u0160T\u011a<\/li>\r\n<\/ul>\r\n<h2>N\u00e1hradn\u00ed doprava<\/h2>\r\n<ul>\r\n\t<li>Zavedena je v&nbsp;denn\u00edm provozu n\u00e1hradn\u00ed autobusov\u00e1 doprava<span>\u00a0<\/span><strong>X17<span>\u00a0<\/span><\/strong>v trase<span>\u00a0<\/span><em>Strossmayerovo n\u00e1m\u011bst\u00ed \u2013 V\u00fdstavi\u0161t\u011b \u2013 N\u00e1dra\u017e\u00ed Hole\u0161ovice \u2013 Trojsk\u00e1 \u2013 Ke St\u00edrce \u2013 Kobylisy.<\/em><\/li>\r\n\t<li>V no\u010dn\u00edm provozu<span>\u00a0<\/span><strong>X93<span>\u00a0<\/span><\/strong>v trase<span>\u00a0<\/span><em>Strossmayerovo n\u00e1m\u011bst\u00ed \u2013 V\u00fdstavi\u0161t\u011b \u2013 N\u00e1dra\u017e\u00ed Hole\u0161ovice \u2013 Trojsk\u00e1 \u2013 Ke St\u00edrce \u2013 Kobylisy \u2013 L\u00e1dv\u00ed \u2013 S\u00eddli\u0161t\u011b \u010e\u00e1blice<\/em>.<\/li>\r\n<\/ul>\r\n<hr \/>\r\n<p>V\u00edce na <a href=\"https:\/\/www.dpp.cz\/omezeni-a-mimoradne-udalosti\/detail\/29176\" target=\"_blank\" rel=\"noopener\">str\u00e1nk\u00e1ch DPP<\/a>.<\/p>","protected":false},"excerpt":{"rendered":"[perex] Z&nbsp;d\u016fvodu \u00fadr\u017eby tramvajov\u00e9 trati doch\u00e1z\u00ed v&nbsp;noci z&nbsp;\u00fater\u00fd 14.&nbsp;\u0159\u00edjna 2025 (22.45) na st\u0159edu 15.&nbsp;\u0159\u00edjna 2025 (do 4.15) ke kr\u00e1tkodob\u00e9mu p\u0159eru\u0161en\u00ed provozu tramvaj\u00ed v&nbsp;\u00faseku N\u00e1dra\u017e\u00ed Hole\u0161ovice \u2013 Ke St\u00edrce. Dot\u010den\u00e9 linky 17 a&nbsp;93, zavedena je n\u00e1hradn\u00ed autobusov\u00e1 doprava X17 a&nbsp;X93. [\/perex] Zm\u011bny tras tramvajov\u00fdch linek Linka \u010d\u00edslo\u00a017\u00a0ve dvou variant\u00e1ch trasy: LIBU\u0160 \u2026 Strossmayerovo n\u00e1m\u011bst\u00ed \u2013\u00a0Vltavsk\u00e1\u00a0(na [&hellip;]","protected":false},"author":251,"featured_media":75487,"comment_status":"closed","ping_status":"open","sticky":false,"template":"","format":"standard","meta":[],"categories":[34],"tags":[57,125],"_links":{"self":[{"href":"https:\/\/www.praha7.cz\/api\/wp\/v2\/posts\/87301"}],"collection":[{"href":"https:\/\/www.praha7.cz\/api\/wp\/v2\/posts"}],"about":[{"href":"https:\/\/www.praha7.cz\/api\/wp\/v2\/types\/post"}],"author":[{"embeddable":true,"href":"https:\/\/www.praha7.cz\/api\/wp\/v2\/users\/251"}],"replies":[{"embeddable":true,"href":"https:\/\/www.praha7.cz\/api\/wp\/v2\/comments?post=87301"}],"version-history":[{"count":1,"href":"https:\/\/www.praha7.cz\/api\/wp\/v2\/posts\/87301\/revisions"}],"predecessor-version":[{"id":87302,"href":"https:\/\/www.praha7.cz\/api\/wp\/v2\/posts\/87301\/revisions\/87302"}],"wp:featuredmedia":[{"embeddable":true,"href":"https:\/\/www.praha7.cz\/api\/wp\/v2\/media\/75487"}],"wp:attachment":[{"href":"https:\/\/www.praha7.cz\/api\/wp\/v2\/media?parent=87301"}],"wp:term":[{"taxonomy":"category","embeddable":true,"href":"https:\/\/www.praha7.cz\/api\/wp\/v2\/categories?post=87301"},{"taxonomy":"post_tag","embeddable":true,"href":"https:\/\/www.praha7.cz\/api\/wp\/v2\/tags?post=87301"}],"curies":[{"name":"wp","href":"https:\/\/api.w.org\/{rel}","templated":true}]}}