    
{"id":87298,"date":"2025-10-13T16:09:11","date_gmt":"2025-10-13T14:09:11","guid":{"rendered":"https:\/\/www.praha7.cz\/?p=87298"},"modified":"2025-11-05T17:08:33","modified_gmt":"2025-11-05T16:08:33","slug":"listopad-s-aktivitami-pro-seniory-v-tusarove-42","status":"publish","type":"post","link":"https:\/\/www.praha7.cz\/listopad-s-aktivitami-pro-seniory-v-tusarove-42\/","title":{"rendered":"Listopad s&nbsp;aktivitami pro seniory v&nbsp;Tusarov\u011b 42"},"content":{"rendered":"<p>[perex]<\/p>\r\n<p>Seniory zveme do domu v&nbsp;Tusarov\u011b 42, kde na v\u00e1s tak\u00e9 v&nbsp;listopadu 2025 \u010dek\u00e1 \u0159ada aktivit. V\u0161e je zdarma, bez registrace, sta\u010d\u00ed p\u0159ij\u00edt deset minut p\u0159ed za\u010d\u00e1tkem programu.\u00a0<\/p>\r\n<p>[\/perex]<\/p>\r\n<h3>Program<\/h3>\r\n<p>4.&nbsp;11.&nbsp;2025 | 15.00 <strong>Ke\u0148a \u2013 cestovatelsk\u00e1 p\u0159edn\u00e1\u0161ka<\/strong> Nat\u00e1lie a&nbsp;Ale\u0161e Fliegel<\/p>\r\n<p>5.&nbsp;11.&nbsp;2025 | 14.00 <strong>Um\u011bl\u00e1 inteligence v&nbsp;roce 2025 \u2013 Jak kone\u010dn\u011b za\u010d\u00edt a&nbsp;p\u0159ekonat strach z&nbsp;AI \u2013 p\u0159edn\u00e1\u0161ka<\/strong> organizace Via Lucis<\/p>\r\n<p>10.&nbsp;11.&nbsp;2025 | 14.00 <strong>Tr\u00e9nink pam\u011bti<\/strong> s&nbsp;tren\u00e9rkou Adrianou Rohde Kabele<\/p>\r\n<p>11.&nbsp;11.&nbsp;2025 | 15.00 <strong>Beseda s&nbsp;here\u010dkou Sv\u011btlanou N\u00e1lepkovou<\/strong> \u2013 moderuje Jakub Horv\u00e1th<\/p>\r\n<p>12.&nbsp;11.&nbsp;2025 | 15.00 <strong>Zp\u00edv\u00e1n\u00ed na p\u0159\u00e1n\u00ed<\/strong> s&nbsp;muzikoterapeutkou Adrianou Rohde Kabele<\/p>\r\n<p>18.&nbsp;11.&nbsp;2025 | 15.00 P<strong>ra\u017esk\u00e9 zahrady, sady a&nbsp;vinice \u2013 p\u0159edn\u00e1\u0161ka<\/strong> z&nbsp;cyklu Proch\u00e1zky Prahou s&nbsp;pr\u016fvodkyn\u00ed Vla\u010fkou Kredbovou<\/p>\r\n<p>19.&nbsp;11.&nbsp;2025 | 15.00 <strong>\u0158e\u0161en\u00ed krizov\u00fdch situac\u00ed senior\u016f \u2013 p\u0159edn\u00e1\u0161ka<\/strong> Ireny Lacinov\u00e9 z&nbsp;Linky d\u016fv\u011bry Chytr\u00e9 p\u00e9\u010de<\/p>\r\n<p>24.&nbsp;11.&nbsp;2025 | 14.00 <strong>Tr\u00e9nink pam\u011bti<\/strong> s&nbsp;tren\u00e9rkou Hankou Dvo\u0159\u00e1kovou<\/p>\r\n<p>25.&nbsp;11.&nbsp;2025 | 15.00 <strong>Adventn\u00ed koncert<\/strong> P\u011bveck\u00e9ho sboru NK\u00da<\/p>\r\n<p>Akce se konaj\u00ed v&nbsp;j\u00eddeln\u011b domu Tusarova 42, z\u00e1jemce vyzvedneme v\u017edy 10 min. p\u0159ed za\u010d\u00e1tkem programu u&nbsp;vchodu do domu. V&nbsp;p\u0159\u00edpad\u011b dotaz\u016f se m\u016f\u017eete obracet na komunitn\u00ed pracovnice Helenu Bro\u017ekovou, e-mail: <a href=\"mailto:BrozkovaH@praha7.cz\">BrozkovaH@praha7.cz<\/a>, tel. 736&nbsp;213&nbsp;708, nebo\u00a0Alenu Zagorovou, e-mail: <a href=\"mailto:ZagorovaA@praha7.cz\">ZagorovaA@praha7.cz<\/a>, tel. 733&nbsp;618&nbsp;601.<\/p>","protected":false},"excerpt":{"rendered":"[perex] Seniory zveme do domu v&nbsp;Tusarov\u011b 42, kde na v\u00e1s tak\u00e9 v&nbsp;listopadu 2025 \u010dek\u00e1 \u0159ada aktivit. V\u0161e je zdarma, bez registrace, sta\u010d\u00ed p\u0159ij\u00edt deset minut p\u0159ed za\u010d\u00e1tkem programu.\u00a0 [\/perex] Program 4.&nbsp;11.&nbsp;2025 | 15.00 Ke\u0148a \u2013 cestovatelsk\u00e1 p\u0159edn\u00e1\u0161ka Nat\u00e1lie a&nbsp;Ale\u0161e Fliegel 5.&nbsp;11.&nbsp;2025 | 14.00 Um\u011bl\u00e1 inteligence v&nbsp;roce 2025 \u2013 Jak kone\u010dn\u011b za\u010d\u00edt a&nbsp;p\u0159ekonat strach z&nbsp;AI \u2013 [&hellip;]","protected":false},"author":251,"featured_media":86365,"comment_status":"closed","ping_status":"open","sticky":false,"template":"","format":"standard","meta":[],"categories":[34],"tags":[115],"_links":{"self":[{"href":"https:\/\/www.praha7.cz\/api\/wp\/v2\/posts\/87298"}],"collection":[{"href":"https:\/\/www.praha7.cz\/api\/wp\/v2\/posts"}],"about":[{"href":"https:\/\/www.praha7.cz\/api\/wp\/v2\/types\/post"}],"author":[{"embeddable":true,"href":"https:\/\/www.praha7.cz\/api\/wp\/v2\/users\/251"}],"replies":[{"embeddable":true,"href":"https:\/\/www.praha7.cz\/api\/wp\/v2\/comments?post=87298"}],"version-history":[{"count":1,"href":"https:\/\/www.praha7.cz\/api\/wp\/v2\/posts\/87298\/revisions"}],"predecessor-version":[{"id":87299,"href":"https:\/\/www.praha7.cz\/api\/wp\/v2\/posts\/87298\/revisions\/87299"}],"wp:featuredmedia":[{"embeddable":true,"href":"https:\/\/www.praha7.cz\/api\/wp\/v2\/media\/86365"}],"wp:attachment":[{"href":"https:\/\/www.praha7.cz\/api\/wp\/v2\/media?parent=87298"}],"wp:term":[{"taxonomy":"category","embeddable":true,"href":"https:\/\/www.praha7.cz\/api\/wp\/v2\/categories?post=87298"},{"taxonomy":"post_tag","embeddable":true,"href":"https:\/\/www.praha7.cz\/api\/wp\/v2\/tags?post=87298"}],"curies":[{"name":"wp","href":"https:\/\/api.w.org\/{rel}","templated":true}]}}