    
{"id":87265,"date":"2025-10-13T14:09:48","date_gmt":"2025-10-13T12:09:48","guid":{"rendered":"https:\/\/www.praha7.cz\/?p=87265"},"modified":"2025-10-17T16:32:48","modified_gmt":"2025-10-17T14:32:48","slug":"hobulet-25-10","status":"publish","type":"post","link":"https:\/\/www.praha7.cz\/hobulet-25-10\/","title":{"rendered":"Vy\u0161el \u0159\u00edjnov\u00fd Hobulet"},"content":{"rendered":"<p>[perex]<\/p>\r\n<p>\u201eNejde o&nbsp;to potkany zcela vyhubit, to ani nen\u00ed mo\u017en\u00e9, ale mus\u00edme regulovat jejich v\u00fdskyt,\u201c \u0159\u00edk\u00e1 v&nbsp;\u0159\u00edjnov\u00e9m Hobuletu profesion\u00e1ln\u00ed deratiz\u00e1torka Barbora Cirhanov\u00e1. Hlavn\u00ed t\u00e9ma jsme v\u011bnovali kulturn\u00edm m\u00edst\u016fm na Sedmi\u010dce a&nbsp;bari\u00e9r\u00e1m v&nbsp;nich, do letensk\u00e9 pobo\u010dky M\u011bstsk\u00e9 knihovny v\u00e1s pozve Jakub Holubkov. Rubrika Uli\u010dn\u00edk p\u0159in\u00e1\u0161\u00ed pokra\u010dov\u00e1n\u00ed o&nbsp;prom\u011bn\u00e1ch uli\u010dn\u00edho n\u00e1zvoslov\u00ed, Osudy v\u00e1s sezn\u00e1m\u00ed s&nbsp;\u017eivotem a&nbsp;d\u00edlem v\u00fdtvarn\u00edka a&nbsp;fotografa Zde\u0148ka Virta. Kter\u00fd \u010dl\u00e1nek nalistujete jako prvn\u00ed?<\/p>\r\n<p>[\/perex]<\/p>\r\n<p>Hobuletem m\u016f\u017eete listovat tak\u00e9 <a href=\"https:\/\/zpravodaj.munipolis.cz\/praha7\/rijen-2025\/\" target=\"_blank\" rel=\"noopener\">online<\/a>. Ilustracemi toto \u010d\u00edslo doprovodila Anna Lorenz, fotografoval Hynek Alt.<\/p>\r\n<hr \/>\r\n<p>Nedorazil v\u00e1m Hobulet do schr\u00e1nky? Napi\u0161te n\u00e1m pros\u00edm na e-mail <a href=\"mailto:vysinskap@praha7.cz\">vysinskap@praha7.cz<\/a>, situaci prov\u011b\u0159\u00edme u&nbsp;doru\u010dovatele.<\/p>\r\n<p>Archiv m\u011bs\u00ed\u010dn\u00edku m\u011bstsk\u00e9 \u010d\u00e1sti Praha&nbsp;7 Hobulet najdete\u00a0<a href=\"https:\/\/www.praha7.cz\/hobulet\/archiv-hobuletu\/\">zde<\/a>.<\/p>","protected":false},"excerpt":{"rendered":"[perex] \u201eNejde o&nbsp;to potkany zcela vyhubit, to ani nen\u00ed mo\u017en\u00e9, ale mus\u00edme regulovat jejich v\u00fdskyt,\u201c \u0159\u00edk\u00e1 v&nbsp;\u0159\u00edjnov\u00e9m Hobuletu profesion\u00e1ln\u00ed deratiz\u00e1torka Barbora Cirhanov\u00e1. Hlavn\u00ed t\u00e9ma jsme v\u011bnovali kulturn\u00edm m\u00edst\u016fm na Sedmi\u010dce a&nbsp;bari\u00e9r\u00e1m v&nbsp;nich, do letensk\u00e9 pobo\u010dky M\u011bstsk\u00e9 knihovny v\u00e1s pozve Jakub Holubkov. Rubrika Uli\u010dn\u00edk p\u0159in\u00e1\u0161\u00ed pokra\u010dov\u00e1n\u00ed o&nbsp;prom\u011bn\u00e1ch uli\u010dn\u00edho n\u00e1zvoslov\u00ed, Osudy v\u00e1s sezn\u00e1m\u00ed s&nbsp;\u017eivotem a&nbsp;d\u00edlem v\u00fdtvarn\u00edka a&nbsp;fotografa [&hellip;]","protected":false},"author":251,"featured_media":87267,"comment_status":"closed","ping_status":"open","sticky":false,"template":"","format":"standard","meta":[],"categories":[34],"tags":[116],"_links":{"self":[{"href":"https:\/\/www.praha7.cz\/api\/wp\/v2\/posts\/87265"}],"collection":[{"href":"https:\/\/www.praha7.cz\/api\/wp\/v2\/posts"}],"about":[{"href":"https:\/\/www.praha7.cz\/api\/wp\/v2\/types\/post"}],"author":[{"embeddable":true,"href":"https:\/\/www.praha7.cz\/api\/wp\/v2\/users\/251"}],"replies":[{"embeddable":true,"href":"https:\/\/www.praha7.cz\/api\/wp\/v2\/comments?post=87265"}],"version-history":[{"count":1,"href":"https:\/\/www.praha7.cz\/api\/wp\/v2\/posts\/87265\/revisions"}],"predecessor-version":[{"id":87280,"href":"https:\/\/www.praha7.cz\/api\/wp\/v2\/posts\/87265\/revisions\/87280"}],"wp:featuredmedia":[{"embeddable":true,"href":"https:\/\/www.praha7.cz\/api\/wp\/v2\/media\/87267"}],"wp:attachment":[{"href":"https:\/\/www.praha7.cz\/api\/wp\/v2\/media?parent=87265"}],"wp:term":[{"taxonomy":"category","embeddable":true,"href":"https:\/\/www.praha7.cz\/api\/wp\/v2\/categories?post=87265"},{"taxonomy":"post_tag","embeddable":true,"href":"https:\/\/www.praha7.cz\/api\/wp\/v2\/tags?post=87265"}],"curies":[{"name":"wp","href":"https:\/\/api.w.org\/{rel}","templated":true}]}}