    
{"id":87229,"date":"2025-10-10T16:12:19","date_gmt":"2025-10-10T14:12:19","guid":{"rendered":"https:\/\/www.praha7.cz\/?p=87229"},"modified":"2025-10-13T17:55:07","modified_gmt":"2025-10-13T15:55:07","slug":"beseda-k-tematu-oblehani-pevnosti-dunkerque-v-ntm","status":"publish","type":"post","link":"https:\/\/www.praha7.cz\/beseda-k-tematu-oblehani-pevnosti-dunkerque-v-ntm\/","title":{"rendered":"Beseda k\u00a0t\u00e9matu Obl\u00e9h\u00e1n\u00ed pevnosti Dunkerque v&nbsp;NTM"},"content":{"rendered":"<p>[perex]\u00a0<\/p>\r\n<p><a href=\"https:\/\/www.ntm.cz\/\" target=\"_blank\" rel=\"noopener\">N\u00e1rodn\u00ed technick\u00e9 muzeum<\/a> v\u00e1s zve na dal\u0161\u00ed besedu z&nbsp;cyklu \u201eLADISLAV SITENSK\u00dd \u2013 CESTA KE SVOBOD\u011a\u201c. Beseda k&nbsp;t\u00e9matu \u201eObl\u00e9h\u00e1n\u00ed pevnosti Dunkerque\u201c se kon\u00e1 v&nbsp;pond\u011bl\u00ed 13.&nbsp;\u0159\u00edjna 2025 od 17.30 do 19.00 hodin v&nbsp;P\u0159edn\u00e1\u0161kov\u00e9m s\u00e1le NTM. Vstup zdarma.<\/p>\r\n<p>[\/perex]\u00a0<\/p>\r\n<p>\u010ceskoslovensk\u00e1 samostatn\u00e1 obrn\u011bn\u00e1 brig\u00e1da ve Velk\u00e9 Brit\u00e1nii obl\u00e9hala nacistickou pevnost Dunkerque od 7.&nbsp;\u0159\u00edjna 1944 a\u017e do kapitulace 8.&nbsp;kv\u011btna 1945. Obl\u00e9h\u00e1n\u00ed se \u00fa\u010dastnilo mezi p\u011bti a\u017e \u0161esti tis\u00edci voj\u00e1ky. Za tuto dobu jich zahynulo 183, dal\u0161\u00ed byli zran\u011bni a\u00a0zajati nep\u0159\u00edtelem. Brig\u00e1d\u011b byly pod\u0159\u00edzeny i\u00a0\u00fatvary britsk\u00e9 kr\u00e1lovsk\u00e9 arm\u00e1dy a\u00a0jednotky Svobodn\u00fdch Francouz\u016f. Velitel brig\u00e1dy gener\u00e1l Alois Li\u0161ka p\u0159evzal kapitulaci od n\u011bmeck\u00e9ho velitele viceadmir\u00e1la Fridricha Frisiuse. Na ja\u0159e 1945 \u010deskoslovensk\u00e9 voj\u00e1ky fotografoval Ladislav Sitensk\u00fd. N\u011bmeck\u00fd admir\u00e1l Frisius si po celou dobu obl\u00e9h\u00e1n\u00ed vedl osobn\u00ed den\u00edk, kter\u00fd umo\u017e\u0148uje bl\u00ed\u017ee nahl\u00e9dnout do jeho uva\u017eov\u00e1n\u00ed. Den\u00edk p\u0159elo\u017eili, editovali a\u00a0vydali Ji\u0159\u00ed Plach\u00fd z\u00a0Vojensk\u00e9ho historick\u00e9ho \u00fastavu v\u00a0Praze a\u00a0jeho man\u017eelka Pavla. O\u00a0obl\u00e9h\u00e1n\u00ed pevnosti, ale i\u00a0o\u00a0jej\u00edm z\u00e1sobov\u00e1n\u00ed letadly, lo\u010fmi a\u00a0miniponorkami se zmi\u0148uje admir\u00e1l Frisius v\u00a0den\u00edku. Nejen o\u00a0tom budou edito\u0159i diskutovat s\u00a0Michalem Plavcem z\u00a0N\u00e1rodn\u00edho technick\u00e9ho muzea.<\/p>\r\n<p>Vstup zdarma.\u00a0<\/p>\r\n<p><em>P\u00e1t\u00e1 beseda\u00a0z\u00a0cyklu\u00a0\u201eLADISLAV SITENSK\u00dd \u2014 CESTA KE SVOBOD\u011a\u201c\u00a0s\u00a0Evou Bendovou z\u00a0Katolick\u00e9 teologick\u00e9 fakulty Univerzity Karlovy a\u00a0Ji\u0159\u00edm Hul\u00e1kem z\u00a0N\u00e1rodn\u00edho technick\u00e9ho muzea se bude konat v\u00a0\u00fater\u00fd 21.&nbsp;\u0159\u00edjna 2025.\u00a0<\/em><\/p>","protected":false},"excerpt":{"rendered":"[perex]\u00a0 N\u00e1rodn\u00ed technick\u00e9 muzeum v\u00e1s zve na dal\u0161\u00ed besedu z&nbsp;cyklu \u201eLADISLAV SITENSK\u00dd \u2013 CESTA KE SVOBOD\u011a\u201c. Beseda k&nbsp;t\u00e9matu \u201eObl\u00e9h\u00e1n\u00ed pevnosti Dunkerque\u201c se kon\u00e1 v&nbsp;pond\u011bl\u00ed 13.&nbsp;\u0159\u00edjna 2025 od 17.30 do 19.00 hodin v&nbsp;P\u0159edn\u00e1\u0161kov\u00e9m s\u00e1le NTM. Vstup zdarma. [\/perex]\u00a0 \u010ceskoslovensk\u00e1 samostatn\u00e1 obrn\u011bn\u00e1 brig\u00e1da ve Velk\u00e9 Brit\u00e1nii obl\u00e9hala nacistickou pevnost Dunkerque od 7.&nbsp;\u0159\u00edjna 1944 a\u017e do kapitulace 8.&nbsp;kv\u011btna [&hellip;]","protected":false},"author":251,"featured_media":87230,"comment_status":"closed","ping_status":"open","sticky":false,"template":"","format":"standard","meta":[],"categories":[34],"tags":[91],"_links":{"self":[{"href":"https:\/\/www.praha7.cz\/api\/wp\/v2\/posts\/87229"}],"collection":[{"href":"https:\/\/www.praha7.cz\/api\/wp\/v2\/posts"}],"about":[{"href":"https:\/\/www.praha7.cz\/api\/wp\/v2\/types\/post"}],"author":[{"embeddable":true,"href":"https:\/\/www.praha7.cz\/api\/wp\/v2\/users\/251"}],"replies":[{"embeddable":true,"href":"https:\/\/www.praha7.cz\/api\/wp\/v2\/comments?post=87229"}],"version-history":[{"count":1,"href":"https:\/\/www.praha7.cz\/api\/wp\/v2\/posts\/87229\/revisions"}],"predecessor-version":[{"id":87231,"href":"https:\/\/www.praha7.cz\/api\/wp\/v2\/posts\/87229\/revisions\/87231"}],"wp:featuredmedia":[{"embeddable":true,"href":"https:\/\/www.praha7.cz\/api\/wp\/v2\/media\/87230"}],"wp:attachment":[{"href":"https:\/\/www.praha7.cz\/api\/wp\/v2\/media?parent=87229"}],"wp:term":[{"taxonomy":"category","embeddable":true,"href":"https:\/\/www.praha7.cz\/api\/wp\/v2\/categories?post=87229"},{"taxonomy":"post_tag","embeddable":true,"href":"https:\/\/www.praha7.cz\/api\/wp\/v2\/tags?post=87229"}],"curies":[{"name":"wp","href":"https:\/\/api.w.org\/{rel}","templated":true}]}}