    
{"id":87092,"date":"2025-10-03T11:07:29","date_gmt":"2025-10-03T09:07:29","guid":{"rendered":"https:\/\/www.praha7.cz\/?p=87092"},"modified":"2025-10-13T18:02:20","modified_gmt":"2025-10-13T16:02:20","slug":"rijen-s-aktivitami-pro-seniory-v-tusarove-42","status":"publish","type":"post","link":"https:\/\/www.praha7.cz\/rijen-s-aktivitami-pro-seniory-v-tusarove-42\/","title":{"rendered":"\u0158\u00edjen s&nbsp;aktivitami pro seniory v&nbsp;Tusarov\u011b 42"},"content":{"rendered":"<p>[perex]<\/p>\r\n<p>Seniory zveme do domu v&nbsp;Tusarov\u011b 42, kde na v\u00e1s i&nbsp;v&nbsp;\u0159\u00edjnu 2025 \u010dek\u00e1 \u0159ada aktivit. V\u0161e je zdarma, bez registrace, sta\u010d\u00ed p\u0159ij\u00edt deset minut p\u0159ed za\u010d\u00e1tkem programu.\u00a0<\/p>\r\n<p>[\/perex]<\/p>\r\n<h3>Program<\/h3>\r\n<p>7.&nbsp;10.&nbsp;2025 | 15.00 <strong>Vietnam<\/strong> \u2013 cestovatelsk\u00e1 p\u0159edn\u00e1\u0161ka Sa\u0161i Ryvolov\u00e9<\/p>\r\n<p>8.&nbsp;10.&nbsp;2025 | 14.00 <strong>Zp\u00edv\u00e1n\u00ed na p\u0159\u00e1n\u00ed<\/strong> s&nbsp;muzikoterapeutkou Adrianou Rohde Kabele<\/p>\r\n<p>14.&nbsp;10.&nbsp;2025 | 15.00 <strong>Beseda s&nbsp;trumpetistou Radkem N\u011bmcem<\/strong> \u2013 moderuje Jakub Horv\u00e1th<\/p>\r\n<p>20.&nbsp;10.&nbsp;2025 | 14.00 <strong>Tr\u00e9nink pam\u011bti<\/strong> s&nbsp;tren\u00e9rkou Hankou Dvo\u0159\u00e1kovou<\/p>\r\n<p>21.&nbsp;10.&nbsp;2025 | 15.00 <strong>Pra\u017esk\u00e9 pas\u00e1\u017ee<\/strong> \u2013 p\u0159edn\u00e1\u0161ka z&nbsp;cyklu Proch\u00e1zky Prahou s&nbsp;pr\u016fvodkyn\u00ed Vla\u010fkou Kredbovou<\/p>\r\n<p>22.&nbsp;10.&nbsp;2025 | 15.00 <strong>Po\u010d\u00e1tky \u017eivnostensk\u00e9 fotografie v&nbsp;\u010cech\u00e1ch<\/strong> \u2013 p\u0159edn\u00e1\u0161ka Stanislava V\u00e1clavovice<\/p>\r\n<p>27.&nbsp;10.&nbsp;2025 | 14.00 <strong>Tr\u00e9nink pam\u011bti<\/strong> s&nbsp;tren\u00e9rkou Adrianou Rohde Kabele\u00a0<\/p>\r\n<p>&nbsp;<\/p>\r\n<p>Akce se konaj\u00ed v&nbsp;j\u00eddeln\u011b domu Tusarova 42, z\u00e1jemce vyzvedneme v\u017edy 10 min. p\u0159ed za\u010d\u00e1tkem programu u&nbsp;vchodu do domu. V&nbsp;p\u0159\u00edpad\u011b dotaz\u016f se m\u016f\u017eete obracet na komunitn\u00ed pracovnice Helenu Bro\u017ekovou, e-mail: <a href=\"mailto:BrozkovaH@praha7.cz\">BrozkovaH@praha7.cz<\/a>, tel. 736&nbsp;213&nbsp;708, nebo\u00a0Alenu Zagorovou, e-mail: <a href=\"mailto:ZagorovaA@praha7.cz\">ZagorovaA@praha7.cz<\/a>, tel. 733&nbsp;618&nbsp;601.<\/p>","protected":false},"excerpt":{"rendered":"[perex] Seniory zveme do domu v&nbsp;Tusarov\u011b 42, kde na v\u00e1s i&nbsp;v&nbsp;\u0159\u00edjnu 2025 \u010dek\u00e1 \u0159ada aktivit. V\u0161e je zdarma, bez registrace, sta\u010d\u00ed p\u0159ij\u00edt deset minut p\u0159ed za\u010d\u00e1tkem programu.\u00a0 [\/perex] Program 7.&nbsp;10.&nbsp;2025 | 15.00 Vietnam \u2013 cestovatelsk\u00e1 p\u0159edn\u00e1\u0161ka Sa\u0161i Ryvolov\u00e9 8.&nbsp;10.&nbsp;2025 | 14.00 Zp\u00edv\u00e1n\u00ed na p\u0159\u00e1n\u00ed s&nbsp;muzikoterapeutkou Adrianou Rohde Kabele 14.&nbsp;10.&nbsp;2025 | 15.00 Beseda s&nbsp;trumpetistou Radkem N\u011bmcem [&hellip;]","protected":false},"author":251,"featured_media":86365,"comment_status":"closed","ping_status":"open","sticky":false,"template":"","format":"standard","meta":[],"categories":[34],"tags":[115],"_links":{"self":[{"href":"https:\/\/www.praha7.cz\/api\/wp\/v2\/posts\/87092"}],"collection":[{"href":"https:\/\/www.praha7.cz\/api\/wp\/v2\/posts"}],"about":[{"href":"https:\/\/www.praha7.cz\/api\/wp\/v2\/types\/post"}],"author":[{"embeddable":true,"href":"https:\/\/www.praha7.cz\/api\/wp\/v2\/users\/251"}],"replies":[{"embeddable":true,"href":"https:\/\/www.praha7.cz\/api\/wp\/v2\/comments?post=87092"}],"version-history":[{"count":1,"href":"https:\/\/www.praha7.cz\/api\/wp\/v2\/posts\/87092\/revisions"}],"predecessor-version":[{"id":87102,"href":"https:\/\/www.praha7.cz\/api\/wp\/v2\/posts\/87092\/revisions\/87102"}],"wp:featuredmedia":[{"embeddable":true,"href":"https:\/\/www.praha7.cz\/api\/wp\/v2\/media\/86365"}],"wp:attachment":[{"href":"https:\/\/www.praha7.cz\/api\/wp\/v2\/media?parent=87092"}],"wp:term":[{"taxonomy":"category","embeddable":true,"href":"https:\/\/www.praha7.cz\/api\/wp\/v2\/categories?post=87092"},{"taxonomy":"post_tag","embeddable":true,"href":"https:\/\/www.praha7.cz\/api\/wp\/v2\/tags?post=87092"}],"curies":[{"name":"wp","href":"https:\/\/api.w.org\/{rel}","templated":true}]}}