    
{"id":87083,"date":"2025-10-02T12:53:25","date_gmt":"2025-10-02T10:53:25","guid":{"rendered":"https:\/\/www.praha7.cz\/?p=87083"},"modified":"2025-10-06T06:58:16","modified_gmt":"2025-10-06T04:58:16","slug":"nedelni-omezeni-provozu-tramvaji-v-useku-strossmayerovo-namesti-vltavska","status":"publish","type":"post","link":"https:\/\/www.praha7.cz\/nedelni-omezeni-provozu-tramvaji-v-useku-strossmayerovo-namesti-vltavska\/","title":{"rendered":"Ned\u011bln\u00ed omezen\u00ed provozu tramvaj\u00ed v&nbsp;\u00faseku Strossmayerovo n\u00e1m\u011bst\u00ed \u2013 Vltavsk\u00e1"},"content":{"rendered":"<p>[perex]<\/p>\r\n<p>Z d\u016fvodu havarijn\u00ed opravy tramvajov\u00e9 trati v&nbsp;ulici Anton\u00ednsk\u00e1 doch\u00e1z\u00ed v&nbsp;ned\u011bli 5.&nbsp;\u0159\u00edjna 2025 p\u0159ibli\u017en\u011b od 7.00 do 19.00 k&nbsp;do\u010dasn\u00e9mu p\u0159eru\u0161en\u00ed provozu tramvaj\u00ed v&nbsp;\u00faseku Strossmayerovo n\u00e1m\u011bst\u00ed \u2013 Vltavsk\u00e1. Dot\u010den\u00e9 linky: 1, 12, 25.<\/p>\r\n<p>[\/perex]<\/p>\r\n<h2>Zm\u011bny tras tramvajov\u00fdch linek<\/h2>\r\n<ul>\r\n\t<li>Linky \u010d\u00edslo<span>\u00a0<\/span><strong>1<\/strong><span>\u00a0<\/span>a<span>\u00a0<\/span><strong>25<span>\u00a0<\/span><\/strong>jsou vedeny obousm\u011brn\u011b po odklonov\u00e9 trase \u2026 STROSSMAYEROVO N\u00c1M\u011aST\u00cd \u2013<span>\u00a0<\/span><strong>N\u00e1b\u0159e\u017e\u00ed Kpt. Jaro\u0161e \u2013 Dlouh\u00e1 t\u0159\u00edda \u2013 N\u00e1m\u011bst\u00ed Republiky \u2013 B\u00edl\u00e1 labu\u0165 \u2013 T\u011b\u0161nov<span> \u2013<\/span><\/strong>\u00a0VLTAVSK\u00c1 \u2026<\/li>\r\n\t<li>Linka \u010d\u00edslo<span>\u00a0<\/span><strong>12<span>\u00a0<\/span><\/strong>je obousm\u011brn\u011b vedena po odklonov\u00e9 trase \u2026 STROSSMAYEROVO N\u00c1M\u011aST\u00cd \u2013<span>\u00a0<\/span><strong>N\u00e1b\u0159e\u017e\u00ed Kpt. Jaro\u0161e \u2013 Dlouh\u00e1 t\u0159\u00edda \u2013 N\u00e1m\u011bst\u00ed Republiky \u2013 B\u00edl\u00e1 labu\u0165<span> \u2013<\/span><\/strong>\u00a0FLORENC \u2026<\/li>\r\n<\/ul>\r\n<p>&nbsp;<\/p>\r\n<p>V\u00edce na <a href=\"https:\/\/www.dpp.cz\/omezeni-a-mimoradne-udalosti\/detail\/29185\" target=\"_blank\" rel=\"noopener\">webu DPP<\/a>.<\/p>","protected":false},"excerpt":{"rendered":"[perex] Z&nbsp;d\u016fvodu havarijn\u00ed opravy tramvajov\u00e9 trati v&nbsp;ulici Anton\u00ednsk\u00e1 doch\u00e1z\u00ed v&nbsp;ned\u011bli 5.&nbsp;\u0159\u00edjna 2025 p\u0159ibli\u017en\u011b od 7.00 do 19.00 k&nbsp;do\u010dasn\u00e9mu p\u0159eru\u0161en\u00ed provozu tramvaj\u00ed v&nbsp;\u00faseku Strossmayerovo n\u00e1m\u011bst\u00ed \u2013 Vltavsk\u00e1. Dot\u010den\u00e9 linky: 1, 12, 25. [\/perex] Zm\u011bny tras tramvajov\u00fdch linek Linky \u010d\u00edslo\u00a01\u00a0a\u00a025\u00a0jsou vedeny obousm\u011brn\u011b po odklonov\u00e9 trase \u2026 STROSSMAYEROVO N\u00c1M\u011aST\u00cd \u2013\u00a0N\u00e1b\u0159e\u017e\u00ed Kpt. Jaro\u0161e \u2013 Dlouh\u00e1 t\u0159\u00edda \u2013 N\u00e1m\u011bst\u00ed [&hellip;]","protected":false},"author":251,"featured_media":25054,"comment_status":"closed","ping_status":"open","sticky":false,"template":"","format":"standard","meta":[],"categories":[34],"tags":[57],"_links":{"self":[{"href":"https:\/\/www.praha7.cz\/api\/wp\/v2\/posts\/87083"}],"collection":[{"href":"https:\/\/www.praha7.cz\/api\/wp\/v2\/posts"}],"about":[{"href":"https:\/\/www.praha7.cz\/api\/wp\/v2\/types\/post"}],"author":[{"embeddable":true,"href":"https:\/\/www.praha7.cz\/api\/wp\/v2\/users\/251"}],"replies":[{"embeddable":true,"href":"https:\/\/www.praha7.cz\/api\/wp\/v2\/comments?post=87083"}],"version-history":[{"count":4,"href":"https:\/\/www.praha7.cz\/api\/wp\/v2\/posts\/87083\/revisions"}],"predecessor-version":[{"id":87091,"href":"https:\/\/www.praha7.cz\/api\/wp\/v2\/posts\/87083\/revisions\/87091"}],"wp:featuredmedia":[{"embeddable":true,"href":"https:\/\/www.praha7.cz\/api\/wp\/v2\/media\/25054"}],"wp:attachment":[{"href":"https:\/\/www.praha7.cz\/api\/wp\/v2\/media?parent=87083"}],"wp:term":[{"taxonomy":"category","embeddable":true,"href":"https:\/\/www.praha7.cz\/api\/wp\/v2\/categories?post=87083"},{"taxonomy":"post_tag","embeddable":true,"href":"https:\/\/www.praha7.cz\/api\/wp\/v2\/tags?post=87083"}],"curies":[{"name":"wp","href":"https:\/\/api.w.org\/{rel}","templated":true}]}}