    
{"id":87005,"date":"2025-09-30T12:06:13","date_gmt":"2025-09-30T10:06:13","guid":{"rendered":"https:\/\/www.praha7.cz\/?p=87005"},"modified":"2025-10-16T22:49:53","modified_gmt":"2025-10-16T20:49:53","slug":"se-starostou-u-stolu-16-rijna-v-hamburgu-v-holesovicich","status":"publish","type":"post","link":"https:\/\/www.praha7.cz\/se-starostou-u-stolu-16-rijna-v-hamburgu-v-holesovicich\/","title":{"rendered":"Se starostou u&nbsp;stolu: 16.&nbsp;\u0159\u00edjna v&nbsp;Hamburgu v&nbsp;Hole\u0161ovic\u00edch"},"content":{"rendered":"<p>[perex]<\/p>\r\n<p>Dal\u0161\u00ed setk\u00e1n\u00ed se starostou a&nbsp;radn\u00edmi se uskute\u010dn\u00ed ve \u010dtvrtek 16.&nbsp;\u0159\u00edjna 2025 od 18 do 20 hodin v&nbsp;restauraci <a href=\"http:\/\/www.restauracehamburg.cz\/\" target=\"_blank\" rel=\"noopener\">Hamburg<\/a>, U&nbsp;Pr\u016fhonu 54.<br \/>\r\nP\u0159ij\u010fte kdykoli v&nbsp;uveden\u00e9m \u010dasov\u00e9m rozmez\u00ed a&nbsp;ptejte se na to, co v\u00e1s zaj\u00edm\u00e1 v&nbsp;souvislosti s&nbsp;d\u011bn\u00edm v&nbsp;na\u0161\u00ed \u010dtvrti. Jste srde\u010dn\u011b zv\u00e1ni.<\/p>\r\n<p>[\/perex]<\/p>","protected":false},"excerpt":{"rendered":"[perex] Dal\u0161\u00ed setk\u00e1n\u00ed se starostou a&nbsp;radn\u00edmi se uskute\u010dn\u00ed ve \u010dtvrtek 16.&nbsp;\u0159\u00edjna 2025 od 18 do 20 hodin v&nbsp;restauraci Hamburg, U&nbsp;Pr\u016fhonu 54. P\u0159ij\u010fte kdykoli v&nbsp;uveden\u00e9m \u010dasov\u00e9m rozmez\u00ed a&nbsp;ptejte se na to, co v\u00e1s zaj\u00edm\u00e1 v&nbsp;souvislosti s&nbsp;d\u011bn\u00edm v&nbsp;na\u0161\u00ed \u010dtvrti. Jste srde\u010dn\u011b zv\u00e1ni. [\/perex]","protected":false},"author":251,"featured_media":87006,"comment_status":"closed","ping_status":"open","sticky":false,"template":"","format":"standard","meta":[],"categories":[34],"tags":[84],"_links":{"self":[{"href":"https:\/\/www.praha7.cz\/api\/wp\/v2\/posts\/87005"}],"collection":[{"href":"https:\/\/www.praha7.cz\/api\/wp\/v2\/posts"}],"about":[{"href":"https:\/\/www.praha7.cz\/api\/wp\/v2\/types\/post"}],"author":[{"embeddable":true,"href":"https:\/\/www.praha7.cz\/api\/wp\/v2\/users\/251"}],"replies":[{"embeddable":true,"href":"https:\/\/www.praha7.cz\/api\/wp\/v2\/comments?post=87005"}],"version-history":[{"count":1,"href":"https:\/\/www.praha7.cz\/api\/wp\/v2\/posts\/87005\/revisions"}],"predecessor-version":[{"id":87008,"href":"https:\/\/www.praha7.cz\/api\/wp\/v2\/posts\/87005\/revisions\/87008"}],"wp:featuredmedia":[{"embeddable":true,"href":"https:\/\/www.praha7.cz\/api\/wp\/v2\/media\/87006"}],"wp:attachment":[{"href":"https:\/\/www.praha7.cz\/api\/wp\/v2\/media?parent=87005"}],"wp:term":[{"taxonomy":"category","embeddable":true,"href":"https:\/\/www.praha7.cz\/api\/wp\/v2\/categories?post=87005"},{"taxonomy":"post_tag","embeddable":true,"href":"https:\/\/www.praha7.cz\/api\/wp\/v2\/tags?post=87005"}],"curies":[{"name":"wp","href":"https:\/\/api.w.org\/{rel}","templated":true}]}}