    
{"id":86996,"date":"2025-09-30T12:00:04","date_gmt":"2025-09-30T10:00:04","guid":{"rendered":"https:\/\/www.praha7.cz\/?p=86996"},"modified":"2025-10-12T10:16:15","modified_gmt":"2025-10-12T08:16:15","slug":"povodne-cviceni-25","status":"publish","type":"post","link":"https:\/\/www.praha7.cz\/povodne-cviceni-25\/","title":{"rendered":"11.&nbsp;\u0159\u00edjna prob\u011bhne povod\u0148ov\u00e9 cvi\u010den\u00ed v&nbsp;Hole\u0161ovic\u00edch"},"content":{"rendered":"<p>[perex]<\/p>\r\n<p>V sobotu 11.&nbsp;\u0159\u00edjna 2025 se uskute\u010dn\u00ed cvi\u010dn\u00e1 v\u00fdstavba protipovod\u0148ov\u00e9 ochrany hl. m. Prahy. Cvi\u010den\u00ed nav\u00e1\u017ee na p\u0159edchoz\u00ed etapu, kter\u00e1 prob\u011bhla v&nbsp;kv\u011btnu tohoto roku. Tentokr\u00e1t se cvi\u010den\u00ed bude odehr\u00e1vat p\u0159edev\u0161\u00edm v&nbsp;severn\u00ed \u010d\u00e1sti Hole\u0161ovic. Protipovod\u0148ov\u00e1 ochrana bude postavena v&nbsp;\u00faseku od ulice Varhul\u00edkov\u00e9 a\u017e do Stromovky. Uzav\u0159en bude tak\u00e9 vjezd do p\u0159\u00edstavu v&nbsp;ul. Sanderova. Cvi\u010den\u00ed po\u0159\u00e1d\u00e1 Magistr\u00e1t hl. m. Prahy v&nbsp;sou\u010dinnosti se slo\u017ekami integrovan\u00e9ho z\u00e1chrann\u00e9ho syst\u00e9mu a&nbsp;dal\u0161\u00edmi organizacemi. S&nbsp;cvi\u010den\u00edm budou spojen\u00e1 dopravn\u00ed omezen\u00ed, kter\u00e1 budou platit po celou sobotu od 5.00 do 24.00.<\/p>\r\n<p>[\/perex]<\/p>\r\n<h3>Dopravn\u00ed omezen\u00ed se t\u00fdkaj\u00ed n\u00e1sleduj\u00edc\u00edch lokalit:<\/h3>\r\n<p><strong>Sanderova<\/strong> \u2013 Uzav\u0159en bude vjezd z\u00a0ulice Jankovcova do ul. Sanderova, v\u00a0pr\u016fb\u011bhu dne je t\u0159eba po\u010d\u00edtat s&nbsp;omezen\u00edm dopravy v\u00a0t\u00e9to ulici.<\/p>\r\n<p><a href=\"https:\/\/www.praha7.cz\/wp-content\/uploads\/2025\/09\/Jankovcova-Sanderova.png\" target=\"_blank\" rel=\"noopener\"><img loading=\"lazy\" src=\"https:\/\/www.praha7.cz\/wp-content\/uploads\/2025\/09\/Jankovcova-Sanderova-600x309.png\" alt=\"\" width=\"600\" height=\"309\" class=\"alignnone size-medium wp-image-86998\" srcset=\"https:\/\/www.praha7.cz\/wp-content\/uploads\/2025\/09\/Jankovcova-Sanderova-600x309.png 600w, https:\/\/www.praha7.cz\/wp-content\/uploads\/2025\/09\/Jankovcova-Sanderova-768x396.png 768w, https:\/\/www.praha7.cz\/wp-content\/uploads\/2025\/09\/Jankovcova-Sanderova.png 1163w\" sizes=\"(max-width: 600px) 100vw, 600px\" \/><\/a><\/p>\r\n<p>&nbsp;<\/p>\r\n<p><strong>Varhul\u00edkov\u00e9<\/strong> \u2013 Uzav\u00edrka cel\u00e9 ulice. B\u011bhem cvi\u010den\u00ed nebude mo\u017en\u00e9 p\u0159ijet \u010di odjet z&nbsp;gar\u00e1\u017e\u00ed \u010di vnitrobloku mezi ulicemi Varhul\u00edkov\u00e9 \u00d7 U&nbsp;Vody. Park U&nbsp;Vody by m\u011bl z\u016fstat p\u0159\u00edstupn\u00fd, je v\u0161ak t\u0159eba po\u010d\u00edtat s&nbsp;mo\u017en\u00fdmi omezen\u00edmi pohybu v&nbsp;m\u00edst\u011b v\u00fdstavby protipovod\u0148ov\u00fdch hrazen\u00ed. Pros\u00edme, bu\u010fte opatrn\u00ed a&nbsp;dbejte pokyn\u016f slo\u017eek IZS a&nbsp;dal\u0161\u00edch p\u0159\u00edtomn\u00fdch pracovn\u00edk\u016f.\u00a0\u00a0<\/p>\r\n<p>&nbsp;<\/p>\r\n<p><strong>U Vody<\/strong> \u2013 Uzav\u00edrka cel\u00e9 ulice.<\/p>\r\n<p><a href=\"https:\/\/www.praha7.cz\/wp-content\/uploads\/2025\/09\/Varhulikove-U-Vody.png\" target=\"_blank\" rel=\"noopener\"><img loading=\"lazy\" src=\"https:\/\/www.praha7.cz\/wp-content\/uploads\/2025\/09\/Varhulikove-U-Vody-600x391.png\" alt=\"\" width=\"600\" height=\"391\" class=\"alignnone size-medium wp-image-86999\" srcset=\"https:\/\/www.praha7.cz\/wp-content\/uploads\/2025\/09\/Varhulikove-U-Vody-600x391.png 600w, https:\/\/www.praha7.cz\/wp-content\/uploads\/2025\/09\/Varhulikove-U-Vody-768x500.png 768w, https:\/\/www.praha7.cz\/wp-content\/uploads\/2025\/09\/Varhulikove-U-Vody.png 1263w\" sizes=\"(max-width: 600px) 100vw, 600px\" \/><\/a><\/p>\r\n<p>&nbsp;<\/p>\r\n<p><strong>Pod dr\u00e1hou<\/strong> \u2013 Uzav\u00edrka bude za ulic\u00ed V&nbsp;Z\u00e1v\u011bt\u0159\u00ed a\u017e k&nbsp;Portu 7.<\/p>\r\n<p><a href=\"https:\/\/www.praha7.cz\/wp-content\/uploads\/2025\/09\/Pod-drahou.png\" target=\"_blank\" rel=\"noopener\"><img loading=\"lazy\" src=\"https:\/\/www.praha7.cz\/wp-content\/uploads\/2025\/09\/Pod-drahou-600x333.png\" alt=\"\" width=\"600\" height=\"333\" class=\"alignnone size-medium wp-image-87000\" srcset=\"https:\/\/www.praha7.cz\/wp-content\/uploads\/2025\/09\/Pod-drahou-600x333.png 600w, https:\/\/www.praha7.cz\/wp-content\/uploads\/2025\/09\/Pod-drahou-768x427.png 768w, https:\/\/www.praha7.cz\/wp-content\/uploads\/2025\/09\/Pod-drahou.png 1168w\" sizes=\"(max-width: 600px) 100vw, 600px\" \/><\/a><\/p>\r\n<p>&nbsp;<\/p>\r\n<p><strong>Za Elektr\u00e1rnou<\/strong> \u2013 Uzav\u00edrka bude v\u00a0severn\u00ed \u010d\u00e1sti od autoservisu k\u00a0Hole\u0161ovick\u00e9mu n\u00e1b\u0159e\u017e\u00ed. Od V\u00fdstavi\u0161t\u011b tedy nep\u016fjde projet ani proj\u00edt k\u00a0C\u00edsa\u0159sk\u00e9mu ostrovu. Dopravn\u00ed obsluha Stromovky a&nbsp;C\u00edsa\u0159sk\u00e9ho ostrova bude umo\u017en\u011bna od Trojsk\u00e9ho mostu.<\/p>\r\n<p><a href=\"https:\/\/www.praha7.cz\/wp-content\/uploads\/2025\/09\/Za-Elektrarnou.png\" target=\"_blank\" rel=\"noopener\"><strong><img loading=\"lazy\" src=\"https:\/\/www.praha7.cz\/wp-content\/uploads\/2025\/09\/Za-Elektrarnou-600x331.png\" alt=\"\" width=\"600\" height=\"331\" class=\"alignnone size-medium wp-image-87002\" srcset=\"https:\/\/www.praha7.cz\/wp-content\/uploads\/2025\/09\/Za-Elektrarnou-600x331.png 600w, https:\/\/www.praha7.cz\/wp-content\/uploads\/2025\/09\/Za-Elektrarnou-768x424.png 768w, https:\/\/www.praha7.cz\/wp-content\/uploads\/2025\/09\/Za-Elektrarnou.png 1295w\" sizes=\"(max-width: 600px) 100vw, 600px\" \/><\/strong><\/a><\/p>\r\n<p>&nbsp;<\/p>\r\n<p><strong>Stromovka<\/strong> \u2013 Uzav\u0159en\u00e9 budou n\u011bkter\u00e9 cesty a&nbsp;vstupy. Do Stromovky nebude mo\u017en\u00e9 proj\u00edt z&nbsp;ulice Za Elektr\u00e1rnou a&nbsp;z&nbsp;Prahy 6 z&nbsp;ulice Goetheho. Je t\u0159eba tak\u00e9 po\u010d\u00edtat s&nbsp;omezen\u00edm pr\u016fchodu v&nbsp;n\u011bkolika \u010d\u00e1stech parku \u2013 nap\u0159\u00edklad od C\u00edsa\u0159sk\u00e9ho ml\u00fdna k&nbsp;ps\u00ed louce \u010di mezi centr\u00e1ln\u00ed \u010d\u00e1st\u00ed Stromovky a&nbsp;l\u00e1vkou na C\u00edsa\u0159sk\u00fd ostrov.<\/p>\r\n<p>&nbsp;<\/p>\r\n<p>Dopravn\u00ed uzav\u00edrky se budou t\u00fdkat p\u0159edev\u0161\u00edm automobilov\u00e9 a&nbsp;cyklistick\u00e9 dopravy. V\u00a0m\u00edstech v\u00fdstavby protipovod\u0148ov\u00e9 ochrany a&nbsp;na n\u011bkter\u00fdch m\u00edstech ve Stromovce bude platit tak\u00e9 z\u00e1kaz vstup chodc\u016fm. <strong>V\u00a0dot\u010den\u00fdch lokalit\u00e1ch rovn\u011b\u017e dojde k\u00a0do\u010dasn\u00fdm z\u00e1bor\u016fm parkov\u00e1n\u00ed. Pros\u00edme o&nbsp;v\u010dasn\u00e9 p\u0159eparkov\u00e1n\u00ed vozidel. Dopravn\u00ed opat\u0159en\u00ed budou v\u00a0platnosti ji\u017e od 5.00 a&nbsp;hrozil by v\u00e1m odtah.<\/strong> B\u011bhem dne bude v\u00a0uzav\u0159en\u00fdch ulic\u00edch omezen tak\u00e9 p\u0159\u00edjezd do gar\u00e1\u017e\u00ed \u010di vjezd\u016f do objekt\u016f.<\/p>\r\n<p>Omlouv\u00e1me se za komplikace. Pros\u00edme, sledujte dopravn\u00ed zna\u010den\u00ed a&nbsp;respektujte omezen\u00ed, kter\u00e1 jsou s&nbsp;ohledem na rozsah cvi\u010den\u00ed nutn\u00e1. V\u011b\u0159\u00edme, \u017ee v\u00edkendov\u00fd term\u00edn p\u0159isp\u011bje k&nbsp;hladk\u00e9mu pr\u016fb\u011bhu cel\u00e9 akce. D\u016fkladn\u00fd n\u00e1cvik protipovod\u0148ov\u00fdch opat\u0159en\u00ed je nezbytn\u00fd pro rychl\u00fd a&nbsp;efektivn\u00ed postup p\u0159i z\u00e1chran\u011b \u017eivot\u016f a\u00a0majetku v\u00a0p\u0159\u00edpad\u011b skute\u010dn\u00e9ho ohro\u017een\u00ed velkou vodou.<\/p>\r\n<p>D\u011bkujeme za pochopen\u00ed.<\/p>\r\n<hr \/>\r\n<p><strong>Informace k&nbsp;povod\u0148ov\u00e9mu cvi\u010den\u00ed<\/strong> <strong>Hole\u0161ovice \u2013 sever 2025<\/strong><\/p>\r\n<p>V n\u011bkolika \u00fasec\u00edch bude b\u011bhem dne vystav\u011bno p\u0159es 220 metr\u016f mobiln\u00edch protipovod\u0148ov\u00fdch z\u00e1bran o&nbsp;v\u00fd\u0161ce a\u017e 5,6 metru. Do cvi\u010den\u00ed se zapoj\u00ed 106 osob v\u010detn\u011b profesion\u00e1ln\u00edch i&nbsp;dobrovoln\u00fdch hasi\u010d\u016f z&nbsp;r\u016fzn\u00fdch m\u011bstsk\u00fdch \u010d\u00e1st\u00ed i&nbsp;St\u0159edo\u010desk\u00e9ho kraje, slo\u017eky IZS, aktivn\u00ed z\u00e1lohy Arm\u00e1dy \u010cR i&nbsp;odborn\u00edci z&nbsp;Pra\u017esk\u00fdch vodovod\u016f a&nbsp;kanalizac\u00ed. C\u00edlem je nejen v\u00fdstavba a&nbsp;test vybaven\u00ed, ale i&nbsp;prov\u011b\u0159en\u00ed koordinace v\u0161ech zapojen\u00fdch slo\u017eek.<\/p>","protected":false},"excerpt":{"rendered":"[perex] V&nbsp;sobotu 11.&nbsp;\u0159\u00edjna 2025 se uskute\u010dn\u00ed cvi\u010dn\u00e1 v\u00fdstavba protipovod\u0148ov\u00e9 ochrany hl. m. Prahy. Cvi\u010den\u00ed nav\u00e1\u017ee na p\u0159edchoz\u00ed etapu, kter\u00e1 prob\u011bhla v&nbsp;kv\u011btnu tohoto roku. Tentokr\u00e1t se cvi\u010den\u00ed bude odehr\u00e1vat p\u0159edev\u0161\u00edm v&nbsp;severn\u00ed \u010d\u00e1sti Hole\u0161ovic. Protipovod\u0148ov\u00e1 ochrana bude postavena v&nbsp;\u00faseku od ulice Varhul\u00edkov\u00e9 a\u017e do Stromovky. Uzav\u0159en bude tak\u00e9 vjezd do p\u0159\u00edstavu v&nbsp;ul. Sanderova. Cvi\u010den\u00ed po\u0159\u00e1d\u00e1 Magistr\u00e1t [&hellip;]","protected":false},"author":5,"featured_media":19522,"comment_status":"closed","ping_status":"open","sticky":false,"template":"","format":"standard","meta":[],"categories":[36],"tags":[99,57],"_links":{"self":[{"href":"https:\/\/www.praha7.cz\/api\/wp\/v2\/posts\/86996"}],"collection":[{"href":"https:\/\/www.praha7.cz\/api\/wp\/v2\/posts"}],"about":[{"href":"https:\/\/www.praha7.cz\/api\/wp\/v2\/types\/post"}],"author":[{"embeddable":true,"href":"https:\/\/www.praha7.cz\/api\/wp\/v2\/users\/5"}],"replies":[{"embeddable":true,"href":"https:\/\/www.praha7.cz\/api\/wp\/v2\/comments?post=86996"}],"version-history":[{"count":10,"href":"https:\/\/www.praha7.cz\/api\/wp\/v2\/posts\/86996\/revisions"}],"predecessor-version":[{"id":87235,"href":"https:\/\/www.praha7.cz\/api\/wp\/v2\/posts\/86996\/revisions\/87235"}],"wp:featuredmedia":[{"embeddable":true,"href":"https:\/\/www.praha7.cz\/api\/wp\/v2\/media\/19522"}],"wp:attachment":[{"href":"https:\/\/www.praha7.cz\/api\/wp\/v2\/media?parent=86996"}],"wp:term":[{"taxonomy":"category","embeddable":true,"href":"https:\/\/www.praha7.cz\/api\/wp\/v2\/categories?post=86996"},{"taxonomy":"post_tag","embeddable":true,"href":"https:\/\/www.praha7.cz\/api\/wp\/v2\/tags?post=86996"}],"curies":[{"name":"wp","href":"https:\/\/api.w.org\/{rel}","templated":true}]}}