    
{"id":86966,"date":"2025-09-29T15:17:21","date_gmt":"2025-09-29T13:17:21","guid":{"rendered":"https:\/\/www.praha7.cz\/?p=86966"},"modified":"2025-10-01T12:09:46","modified_gmt":"2025-10-01T10:09:46","slug":"jaky-vliv-ma-ulicni-vegetace-na-hluk","status":"publish","type":"post","link":"https:\/\/www.praha7.cz\/jaky-vliv-ma-ulicni-vegetace-na-hluk\/","title":{"rendered":"Jak\u00fd vliv m\u00e1 uli\u010dn\u00ed vegetace na hluk?"},"content":{"rendered":"<p>[perex]<\/p>\r\n<p>\u00dastav informatiky AV \u010cR ve spolupr\u00e1ci s&nbsp;Univerzitou Palack\u00e9ho v&nbsp;Olomouci uskute\u010dn\u00ed v&nbsp;Hole\u0161ovic\u00edch v\u00fdzkum vlivu uli\u010dn\u00ed vegetace na radia\u010dn\u011b-energetick\u00e9 prom\u011bnn\u00e9.<\/p>\r\n<p>[\/perex]<\/p>\r\n<p>V oblasti od parku v&nbsp;ulici Tusarova po Argentinskou a&nbsp;Hole\u0161ovickou tr\u017enici se budou od ve\u010dera 29.&nbsp;z\u00e1\u0159\u00ed do r\u00e1na 1.&nbsp;\u0159\u00edjna 2025 pohybovat studenti s&nbsp;mobiln\u00edmi sondami a&nbsp;m\u011b\u0159it vybran\u00e9 charakteristiky (nap\u0159. hluk a&nbsp;mikroturbulence z&nbsp;dopravy).<\/p>\r\n<p>D\u011bkujeme za spolupr\u00e1ci a&nbsp;ohleduplnost.<\/p>\r\n<p><strong>Jak vn\u00edm\u00e1te teplotu v&nbsp;Praze b\u011bhem letn\u00edch dn\u016f? Vypl\u0148te velmi stru\u010dn\u00fd <a href=\"https:\/\/www.pocitovemapy.cz\/tepelny-komfort-praha\/\" target=\"_blank\" rel=\"noopener\">dotazn\u00edk<\/a>, pom\u016f\u017eete v\u00fdzkumn\u00edk\u016fm.<\/strong><\/p>\r\n<p>&nbsp;<\/p>","protected":false},"excerpt":{"rendered":"[perex] \u00dastav informatiky AV \u010cR ve spolupr\u00e1ci s&nbsp;Univerzitou Palack\u00e9ho v&nbsp;Olomouci uskute\u010dn\u00ed v&nbsp;Hole\u0161ovic\u00edch v\u00fdzkum vlivu uli\u010dn\u00ed vegetace na radia\u010dn\u011b-energetick\u00e9 prom\u011bnn\u00e9. [\/perex] V&nbsp;oblasti od parku v&nbsp;ulici Tusarova po Argentinskou a&nbsp;Hole\u0161ovickou tr\u017enici se budou od ve\u010dera 29.&nbsp;z\u00e1\u0159\u00ed do r\u00e1na 1.&nbsp;\u0159\u00edjna 2025 pohybovat studenti s&nbsp;mobiln\u00edmi sondami a&nbsp;m\u011b\u0159it vybran\u00e9 charakteristiky (nap\u0159. hluk a&nbsp;mikroturbulence z&nbsp;dopravy). D\u011bkujeme za spolupr\u00e1ci a&nbsp;ohleduplnost. Jak [&hellip;]","protected":false},"author":251,"featured_media":86967,"comment_status":"closed","ping_status":"open","sticky":false,"template":"","format":"standard","meta":[],"categories":[34],"tags":[124],"_links":{"self":[{"href":"https:\/\/www.praha7.cz\/api\/wp\/v2\/posts\/86966"}],"collection":[{"href":"https:\/\/www.praha7.cz\/api\/wp\/v2\/posts"}],"about":[{"href":"https:\/\/www.praha7.cz\/api\/wp\/v2\/types\/post"}],"author":[{"embeddable":true,"href":"https:\/\/www.praha7.cz\/api\/wp\/v2\/users\/251"}],"replies":[{"embeddable":true,"href":"https:\/\/www.praha7.cz\/api\/wp\/v2\/comments?post=86966"}],"version-history":[{"count":1,"href":"https:\/\/www.praha7.cz\/api\/wp\/v2\/posts\/86966\/revisions"}],"predecessor-version":[{"id":86968,"href":"https:\/\/www.praha7.cz\/api\/wp\/v2\/posts\/86966\/revisions\/86968"}],"wp:featuredmedia":[{"embeddable":true,"href":"https:\/\/www.praha7.cz\/api\/wp\/v2\/media\/86967"}],"wp:attachment":[{"href":"https:\/\/www.praha7.cz\/api\/wp\/v2\/media?parent=86966"}],"wp:term":[{"taxonomy":"category","embeddable":true,"href":"https:\/\/www.praha7.cz\/api\/wp\/v2\/categories?post=86966"},{"taxonomy":"post_tag","embeddable":true,"href":"https:\/\/www.praha7.cz\/api\/wp\/v2\/tags?post=86966"}],"curies":[{"name":"wp","href":"https:\/\/api.w.org\/{rel}","templated":true}]}}