    
{"id":86942,"date":"2025-09-29T12:19:47","date_gmt":"2025-09-29T10:19:47","guid":{"rendered":"https:\/\/www.praha7.cz\/?p=86942"},"modified":"2025-09-29T12:19:47","modified_gmt":"2025-09-29T10:19:47","slug":"misto-kde-knizky-nezustanou-v-regalech","status":"publish","type":"post","link":"https:\/\/www.praha7.cz\/misto-kde-knizky-nezustanou-v-regalech\/","title":{"rendered":"M\u00edsto, kde kn\u00ed\u017eky nez\u016fstanou v&nbsp;reg\u00e1lech"},"content":{"rendered":"<p>\u201eKdy\u017e chce\u0161 pomoct n\u011bco vybrat nebo naj\u00edt, kdy\u017e m\u00e1\u0161 jakoukoliv ot\u00e1zku k&nbsp;fungov\u00e1n\u00ed knihovny nebo kdy\u017e m\u00e1\u0161 na srdci cokoli jin\u00e9ho \u2013 a\u0165 u\u017e by to zn\u011blo sebehloup\u011bji, stav se za jedn\u00edm z&nbsp;n\u00e1s a&nbsp;my se na to pod\u00edv\u00e1me s&nbsp;tebou!\u201c Tohle poselstv\u00ed by r\u00e1d vtiskl do pov\u011bdom\u00ed sv\u00fdch \u010dten\u00e1\u0159\u016f knihovn\u00edk Jakub Holubkov, kter\u00fd spolu s&nbsp;kolegyn\u00ed Kl\u00e1rou vede u\u017e t\u0159et\u00edm rokem letenskou pobo\u010dku M\u011bstsk\u00e9 knihovny v&nbsp;Praze. O&nbsp;mal\u00fd prostor v&nbsp;horn\u00ed \u010d\u00e1sti ulice Milady Hor\u00e1kov\u00e9 se Jakub star\u00e1 s&nbsp;velk\u00fdm z\u00e1palem, a&nbsp;i&nbsp;kdy\u017e tu dominuje d\u011btsk\u00e1 literatura a&nbsp;agenda s&nbsp;n\u00ed spojen\u00e1, nezapom\u00edn\u00e1 se ani na dosp\u011bl\u00e9 \u2013 t\u0159i reg\u00e1ly po lev\u00e9 stran\u011b od vchodu pat\u0159\u00ed pr\u00e1v\u011b jim.<\/p>\r\n<p>Za okny se skr\u00fdv\u00e1 mal\u00e9 p\u00f3dium ur\u010den\u00e9 pro \u0161koln\u00ed besedy. Ty nejsou pouh\u00fdm p\u0159ed\u010d\u00edt\u00e1n\u00edm, ale interaktivn\u00edmi setk\u00e1n\u00edmi, kde si d\u011bti mohou pov\u00eddat t\u0159eba o&nbsp;dezinformac\u00edch, emoc\u00edch, z\u00e1konech \u2013 nebo i&nbsp;o&nbsp;tom, pro\u010d zub\u0159i nesp\u00ed, zat\u00edmco medv\u011bdi ano. Knihovna m\u00e1 ov\u0161em i&nbsp;jinou, mo\u017en\u00e1 m\u00e9n\u011b viditelnou roli: \u201eJsme krom jin\u00e9ho tak\u00e9 jak\u00e1si \u201azbytkov\u00e1\u2018 organizace \u2013 hlavn\u011b lid\u00e9 v&nbsp;d\u016fchodov\u00e9m v\u011bku k&nbsp;n\u00e1m \u010dasto p\u0159ich\u00e1zej\u00ed nejen pro knihy, ale tak\u00e9 pro pomoc s&nbsp;e-mailem nebo si prost\u011b popov\u00eddat,\u201c vysv\u011btluje Jakub. Pr\u00e1ce knihovn\u00edka p\u0159\u00edmo na pobo\u010dce mu umo\u017e\u0148uje soust\u0159edit se na kn\u00ed\u017eky a&nbsp;na lidi, proto\u017ee katalogizaci zaji\u0161\u0165uj\u00ed specialist\u00e9 v&nbsp;\u00fast\u0159edn\u00ed knihovn\u011b na Mari\u00e1nsk\u00e9m n\u00e1m\u011bst\u00ed.<\/p>\r\n<p>Nej\u010dast\u011bj\u0161\u00edm a\u00a0nejz\u00e1bavn\u011bj\u0161\u00edm momentem je podle n\u011bj situace, kdy rodi\u010d p\u0159ivede d\u00edt\u011b s\u00a0pozn\u00e1mkou, \u017ee ne\u010dte. \u201eV\u00a0tu chv\u00edli je d\u016fle\u017eit\u00e9 rodi\u010de z\u00a0rovnice na moment vy\u0161oupnout a\u00a0d\u00e1t nast\u00e1vaj\u00edc\u00edmu \u010dten\u00e1\u0159i najevo, \u017ee kn\u00ed\u017eka nemus\u00ed b\u00fdt povinnost, ale m\u016f\u017ee to b\u00fdt z\u00e1bava,\u201c sm\u011bje se. Kl\u00ed\u010dem je podle Jakuba energie a\u00a0chu\u0165 p\u0159ep\u00e1lit to tak, aby d\u00edt\u011b c\u00edtilo, \u017ee je v\u00a0knihovn\u011b v\u00edt\u00e1no a\u00a0je tu prostor hledat, pt\u00e1t se a\u00a0diskutovat. A\u00a0hlavn\u011b \u2013 d\u00edt\u011b mus\u00ed v\u011bd\u011bt, \u017ee knihu m\u016f\u017ee bez v\u00fd\u010ditek vyt\u00e1hnout z\u00a0reg\u00e1lu, prolistovat a\u00a0klidn\u011b zase odlo\u017eit. \u201eDosp\u011bl\u00ed a\u00a0u\u010ditel\u00e9 maj\u00ed utkv\u011blou p\u0159edstavu, \u017ee kdy\u017e tady d\u011bti pod jejich dohledem kn\u00ed\u017eky rozh\u00e1zej\u00ed, tak se to m\u011b n\u011bjak osobn\u011b dotkne. Ale tak to nen\u00ed, pobo\u010dka je tu pr\u00e1v\u011b od toho, aby \u017eila \u2013 jasn\u011b, d\u00e1t na kn\u00ed\u017eky pozor, ale neb\u00e1t se je vz\u00edt do ruky!\u201c zd\u016fraz\u0148uje.<\/p>\r\n<p>Jakubova v\u00e1\u0161e\u0148 se v\u0161ak neomezuje jen na knihovnickou pr\u00e1ci. Bav\u00ed ho pozorovat rozmanitost \u017e\u00e1nr\u016f \u2013 od promy\u0161len\u00fdch d\u011btsk\u00fdch detektivek p\u0159es chytr\u00e9 komiksy, je\u017e poveden\u011b kombinuj\u00ed d\u011bjovou a&nbsp;nau\u010dnou linku, a\u017e po knihy o&nbsp;emoc\u00edch \u2013 i&nbsp;neust\u00e1l\u00fd v\u00fdvoj jazyka v&nbsp;d\u011btsk\u00e9 literatu\u0159e. \u201eS\u00e1m jsem zkusil napsat kn\u00ed\u017eku pro d\u011bti, ale zat\u00edm ji m\u00e1m v&nbsp;\u0161upl\u00edku. Je to toti\u017e t\u011b\u017e\u0161\u00ed, ne\u017e jsem si myslel \u2013 p\u0159ed autory, kter\u00e9 tady na str\u00e1nk\u00e1ch potk\u00e1v\u00e1m, smek\u00e1m, proto\u017ee upoutat mal\u00e9ho \u010dten\u00e1\u0159e, ani\u017e by byl jazyk moc infantiln\u00ed, nebo naopak p\u0159\u00edli\u0161 slo\u017eit\u00fd, je v\u00e1\u017en\u011b um\u011bn\u00ed,\u201c p\u0159izn\u00e1v\u00e1.<\/p>\r\n<p>A i&nbsp;kdy\u017e mal\u00e1 letensk\u00e1 pobo\u010dka nem\u00e1 kapacitu velk\u00fdch knihoven, jej\u00ed posl\u00e1n\u00ed z\u016fst\u00e1v\u00e1 stejn\u00e9: b\u00fdt bezpe\u010dn\u00fdm \u00fato\u010di\u0161t\u011bm. Prostorem, kam nepr\u0161\u00ed, kde m\u016f\u017eu bez vysv\u011btlov\u00e1n\u00ed v&nbsp;klidu \u010d\u00edst nebo ps\u00e1t \u00fakoly se spolu\u017e\u00e1ky. A&nbsp;p\u0159edev\u0161\u00edm m\u00edstem, kde kn\u00ed\u017eky nez\u016fstanou v&nbsp;reg\u00e1lech.<\/p>","protected":false},"excerpt":{"rendered":"\u201eKdy\u017e chce\u0161 pomoct n\u011bco vybrat nebo naj\u00edt, kdy\u017e m\u00e1\u0161 jakoukoliv ot\u00e1zku k&nbsp;fungov\u00e1n\u00ed knihovny nebo kdy\u017e m\u00e1\u0161 na srdci cokoli jin\u00e9ho \u2013 a\u0165 u\u017e by to zn\u011blo sebehloup\u011bji, stav se za jedn\u00edm z&nbsp;n\u00e1s a&nbsp;my se na to pod\u00edv\u00e1me s&nbsp;tebou!\u201c Tohle poselstv\u00ed by r\u00e1d vtiskl do pov\u011bdom\u00ed sv\u00fdch \u010dten\u00e1\u0159\u016f knihovn\u00edk Jakub Holubkov, kter\u00fd spolu s&nbsp;kolegyn\u00ed Kl\u00e1rou vede [&hellip;]","protected":false},"author":292,"featured_media":86943,"comment_status":"closed","ping_status":"open","sticky":false,"template":"","format":"standard","meta":[],"categories":[37],"tags":[],"_links":{"self":[{"href":"https:\/\/www.praha7.cz\/api\/wp\/v2\/posts\/86942"}],"collection":[{"href":"https:\/\/www.praha7.cz\/api\/wp\/v2\/posts"}],"about":[{"href":"https:\/\/www.praha7.cz\/api\/wp\/v2\/types\/post"}],"author":[{"embeddable":true,"href":"https:\/\/www.praha7.cz\/api\/wp\/v2\/users\/292"}],"replies":[{"embeddable":true,"href":"https:\/\/www.praha7.cz\/api\/wp\/v2\/comments?post=86942"}],"version-history":[{"count":1,"href":"https:\/\/www.praha7.cz\/api\/wp\/v2\/posts\/86942\/revisions"}],"predecessor-version":[{"id":86944,"href":"https:\/\/www.praha7.cz\/api\/wp\/v2\/posts\/86942\/revisions\/86944"}],"wp:featuredmedia":[{"embeddable":true,"href":"https:\/\/www.praha7.cz\/api\/wp\/v2\/media\/86943"}],"wp:attachment":[{"href":"https:\/\/www.praha7.cz\/api\/wp\/v2\/media?parent=86942"}],"wp:term":[{"taxonomy":"category","embeddable":true,"href":"https:\/\/www.praha7.cz\/api\/wp\/v2\/categories?post=86942"},{"taxonomy":"post_tag","embeddable":true,"href":"https:\/\/www.praha7.cz\/api\/wp\/v2\/tags?post=86942"}],"curies":[{"name":"wp","href":"https:\/\/api.w.org\/{rel}","templated":true}]}}