    
{"id":86884,"date":"2025-09-25T18:40:49","date_gmt":"2025-09-25T16:40:49","guid":{"rendered":"https:\/\/www.praha7.cz\/?p=86884"},"modified":"2025-09-26T13:02:33","modified_gmt":"2025-09-26T11:02:33","slug":"se-starostou-na-strossu-2","status":"publish","type":"post","link":"https:\/\/www.praha7.cz\/se-starostou-na-strossu-2\/","title":{"rendered":"Se starostou na Strossu"},"content":{"rendered":"<p>[perex]<\/p>\r\n<p>V p\u00e1tek 26.&nbsp;z\u00e1\u0159\u00ed 2025 bude starosta Jan \u010ci\u017einsk\u00fd od 9 do 10.30 hodin \u00fa\u0159adovat u&nbsp;stolku na Strossmayerov\u011b n\u00e1m\u011bst\u00ed. P\u0159ij\u010fte se zeptat na to, co v\u00e1s zaj\u00edm\u00e1. T\u011b\u0161\u00ed se na v\u00e1s!<\/p>\r\n<p>[\/perex]<\/p>","protected":false},"excerpt":{"rendered":"[perex] V&nbsp;p\u00e1tek 26.&nbsp;z\u00e1\u0159\u00ed 2025 bude starosta Jan \u010ci\u017einsk\u00fd od 9 do 10.30 hodin \u00fa\u0159adovat u&nbsp;stolku na Strossmayerov\u011b n\u00e1m\u011bst\u00ed. P\u0159ij\u010fte se zeptat na to, co v\u00e1s zaj\u00edm\u00e1. T\u011b\u0161\u00ed se na v\u00e1s! [\/perex]","protected":false},"author":251,"featured_media":18945,"comment_status":"closed","ping_status":"open","sticky":false,"template":"","format":"standard","meta":[],"categories":[34],"tags":[84],"_links":{"self":[{"href":"https:\/\/www.praha7.cz\/api\/wp\/v2\/posts\/86884"}],"collection":[{"href":"https:\/\/www.praha7.cz\/api\/wp\/v2\/posts"}],"about":[{"href":"https:\/\/www.praha7.cz\/api\/wp\/v2\/types\/post"}],"author":[{"embeddable":true,"href":"https:\/\/www.praha7.cz\/api\/wp\/v2\/users\/251"}],"replies":[{"embeddable":true,"href":"https:\/\/www.praha7.cz\/api\/wp\/v2\/comments?post=86884"}],"version-history":[{"count":1,"href":"https:\/\/www.praha7.cz\/api\/wp\/v2\/posts\/86884\/revisions"}],"predecessor-version":[{"id":86887,"href":"https:\/\/www.praha7.cz\/api\/wp\/v2\/posts\/86884\/revisions\/86887"}],"wp:featuredmedia":[{"embeddable":true,"href":"https:\/\/www.praha7.cz\/api\/wp\/v2\/media\/18945"}],"wp:attachment":[{"href":"https:\/\/www.praha7.cz\/api\/wp\/v2\/media?parent=86884"}],"wp:term":[{"taxonomy":"category","embeddable":true,"href":"https:\/\/www.praha7.cz\/api\/wp\/v2\/categories?post=86884"},{"taxonomy":"post_tag","embeddable":true,"href":"https:\/\/www.praha7.cz\/api\/wp\/v2\/tags?post=86884"}],"curies":[{"name":"wp","href":"https:\/\/api.w.org\/{rel}","templated":true}]}}