    
{"id":86851,"date":"2025-09-24T15:26:57","date_gmt":"2025-09-24T13:26:57","guid":{"rendered":"https:\/\/www.praha7.cz\/?p=86851"},"modified":"2025-09-29T08:56:28","modified_gmt":"2025-09-29T06:56:28","slug":"den-hrdinu-v-sobotu-27-zari-na-vystavisti","status":"publish","type":"post","link":"https:\/\/www.praha7.cz\/den-hrdinu-v-sobotu-27-zari-na-vystavisti\/","title":{"rendered":"Den hrdin\u016f v&nbsp;sobotu 27.&nbsp;z\u00e1\u0159\u00ed na V\u00fdstavi\u0161ti"},"content":{"rendered":"<p>[perex]<\/p>\r\n<p>Cht\u011bli byste na vlastn\u00ed k\u016f\u017ei za\u017e\u00edt, jak vypad\u00e1 nouzov\u00e9 bydlen\u00ed p\u0159i p\u0159\u00edrodn\u00ed katastrof\u011b? P\u0159ij\u010fte se <strong>v sobotu 27.&nbsp;z\u00e1\u0159\u00ed 2025 od 11 do 17 hodin<\/strong> sezn\u00e1mit s&nbsp;prac\u00ed integrovan\u00fdch z\u00e1chrann\u00fdch slo\u017eek na V\u00fdstavi\u0161t\u011b. V\u016fbec poprv\u00e9 bude p\u0159edstaven\u00e1 ve\u0159ejnosti \u201eMateri\u00e1ln\u00ed z\u00e1kladna humanit\u00e1rn\u00ed pomoci\u201c \u2013 za\u0159\u00edzen\u00ed vytvo\u0159en\u00e9 za \u00fa\u010delem zabezpe\u010den\u00ed z\u00e1kladn\u00edch \u017eivotn\u00edch pot\u0159eb obyvatelstva v&nbsp;p\u0159\u00edpad\u011b mimo\u0159\u00e1dn\u00e9 ud\u00e1losti. Leto\u0161n\u00ed 10.&nbsp;ro\u010dn\u00edk akce nese t\u00e9ma Bezpe\u010dn\u011b v&nbsp;nebezpe\u010d\u00ed.<\/p>\r\n<p>[\/perex]<\/p>\r\n<h2><a href=\"https:\/\/navystavisti.cz\/udalosti\/den-hrdinu\/?termin=219&amp;program=154\" target=\"_blank\" rel=\"noopener\">\u00dapln\u00fd program<\/a><\/h2>\r\n<h3>Na co se m\u016f\u017eete t\u011b\u0161it?<br \/>\r\n\u00a0<\/h3>\r\n<ul>\r\n\t<li>Prohl\u00e9dn\u011bte si uk\u00e1zky techniky a&nbsp;vybaven\u00ed\u00a0slo\u017eek integrovan\u00e9ho z\u00e1chrann\u00e9ho syst\u00e9mu. Na m\u00edst\u011b budou vozidla od Zdravotnick\u00e9 z\u00e1chrann\u00e9 slu\u017eby HMP, vybaven\u00ed od Arm\u00e1dy \u010cR, hasi\u010dsk\u00e1 auta, policejn\u00ed vrtuln\u00edk a&nbsp;dal\u0161\u00ed unik\u00e1ty.<\/li>\r\n\t<li>Seznamte se s&nbsp;t\u00e9matem bezpe\u010dnosti na internetu prost\u0159ednictv\u00edm interaktivn\u00edho programu, kv\u00edzu, \u00fanikov\u00e9 hry a&nbsp;dal\u0161\u00ed formou komunikace v&nbsp;online prost\u0159ed\u00ed.<\/li>\r\n\t<li>Poslechn\u011bte si zaj\u00edmav\u00e9 rozhovory s&nbsp;hrdiny v\u0161edn\u00edch dn\u016f a&nbsp;jejich slu\u017eby spole\u010dnosti \u010di pomoc v&nbsp;krizov\u00fdch situac\u00edch.<\/li>\r\n\t<li>D\u011bti se mohou st\u00e1t opravdov\u00fdmi hrdiny a&nbsp;vyzkou\u0161et si, jak jsou na tom se znalostmi p\u0159i p\u0159ivol\u00e1n\u00ed pomoci. P\u0159ipravena je bojovka Cesta mal\u00e9ho hrdiny a&nbsp;\u0161ifrova\u010dka pro v\u011bt\u0161\u00ed d\u011bti.<\/li>\r\n\t<li>Sledujte pr\u00e1ci profesion\u00e1ln\u00edch hasi\u010d\u016f p\u0159i vypro\u0161\u0165ov\u00e1n\u00ed osob z&nbsp;havarovan\u00fdch vozidel. Cca 20 t\u00fdm\u016f z&nbsp;cel\u00e9 republiky se utk\u00e1 v&nbsp;30.&nbsp;ro\u010dn\u00edku Memori\u00e1lu JUDr. Franti\u0161ka Kohouta ve vypro\u0161\u0165ov\u00e1n\u00ed osob z&nbsp;havarovan\u00fdch vozidel.<\/li>\r\n\t<li>Fand\u011bte mlad\u00fdm hasi\u010d\u016fm\u00a0v sout\u011b\u017ei v&nbsp;po\u017e\u00e1rn\u00edm sportu, kde se utkaj\u00ed des\u00edtky d\u011bt\u00ed v&nbsp;dovednostech, kter\u00e9 mus\u00ed ovl\u00e1dat ka\u017ed\u00fd mlad\u00fd po\u017e\u00e1rn\u00edk.<\/li>\r\n<\/ul>\r\n<p>Vstup je zdarma.<\/p>","protected":false},"excerpt":{"rendered":"[perex] Cht\u011bli byste na vlastn\u00ed k\u016f\u017ei za\u017e\u00edt, jak vypad\u00e1 nouzov\u00e9 bydlen\u00ed p\u0159i p\u0159\u00edrodn\u00ed katastrof\u011b? P\u0159ij\u010fte se v&nbsp;sobotu 27.&nbsp;z\u00e1\u0159\u00ed 2025 od 11 do 17 hodin sezn\u00e1mit s&nbsp;prac\u00ed integrovan\u00fdch z\u00e1chrann\u00fdch slo\u017eek na V\u00fdstavi\u0161t\u011b. V\u016fbec poprv\u00e9 bude p\u0159edstaven\u00e1 ve\u0159ejnosti \u201eMateri\u00e1ln\u00ed z\u00e1kladna humanit\u00e1rn\u00ed pomoci\u201c \u2013 za\u0159\u00edzen\u00ed vytvo\u0159en\u00e9 za \u00fa\u010delem zabezpe\u010den\u00ed z\u00e1kladn\u00edch \u017eivotn\u00edch pot\u0159eb obyvatelstva v&nbsp;p\u0159\u00edpad\u011b mimo\u0159\u00e1dn\u00e9 ud\u00e1losti. Leto\u0161n\u00ed [&hellip;]","protected":false},"author":251,"featured_media":86852,"comment_status":"closed","ping_status":"open","sticky":false,"template":"","format":"standard","meta":[],"categories":[34],"tags":[123,91],"_links":{"self":[{"href":"https:\/\/www.praha7.cz\/api\/wp\/v2\/posts\/86851"}],"collection":[{"href":"https:\/\/www.praha7.cz\/api\/wp\/v2\/posts"}],"about":[{"href":"https:\/\/www.praha7.cz\/api\/wp\/v2\/types\/post"}],"author":[{"embeddable":true,"href":"https:\/\/www.praha7.cz\/api\/wp\/v2\/users\/251"}],"replies":[{"embeddable":true,"href":"https:\/\/www.praha7.cz\/api\/wp\/v2\/comments?post=86851"}],"version-history":[{"count":1,"href":"https:\/\/www.praha7.cz\/api\/wp\/v2\/posts\/86851\/revisions"}],"predecessor-version":[{"id":86853,"href":"https:\/\/www.praha7.cz\/api\/wp\/v2\/posts\/86851\/revisions\/86853"}],"wp:featuredmedia":[{"embeddable":true,"href":"https:\/\/www.praha7.cz\/api\/wp\/v2\/media\/86852"}],"wp:attachment":[{"href":"https:\/\/www.praha7.cz\/api\/wp\/v2\/media?parent=86851"}],"wp:term":[{"taxonomy":"category","embeddable":true,"href":"https:\/\/www.praha7.cz\/api\/wp\/v2\/categories?post=86851"},{"taxonomy":"post_tag","embeddable":true,"href":"https:\/\/www.praha7.cz\/api\/wp\/v2\/tags?post=86851"}],"curies":[{"name":"wp","href":"https:\/\/api.w.org\/{rel}","templated":true}]}}