    
{"id":86783,"date":"2025-09-18T16:23:30","date_gmt":"2025-09-18T14:23:30","guid":{"rendered":"https:\/\/www.praha7.cz\/?p=86783"},"modified":"2025-09-22T08:56:49","modified_gmt":"2025-09-22T06:56:49","slug":"vyluka-pruvod","status":"publish","type":"post","link":"https:\/\/www.praha7.cz\/vyluka-pruvod\/","title":{"rendered":"V\u00edkendov\u00e1 omezen\u00ed v&nbsp;doprav\u011b: p\u0159eru\u0161en\u00ed metra Hlavn\u00ed n\u00e1dra\u017e\u00ed \u2013 Vltavsk\u00e1 a&nbsp;tramvajov\u00fd pr\u016fvod"},"content":{"rendered":"<p>[perex]<\/p>\r\n<p>V sobotu 20.&nbsp;z\u00e1\u0159\u00ed 2025 dojde k&nbsp;<span>p\u0159eru\u0161en\u00ed provozu metra linky C v&nbsp;\u00faseku Hlavn\u00ed n\u00e1dra\u017e\u00ed \u2013 Vltavsk\u00e1 (obousm\u011brn\u011b), zavedena bude n\u00e1hradn\u00ed tramvajov\u00e1 doprava XC a&nbsp;36.<\/span> V&nbsp;ned\u011bli 21.&nbsp;z\u00e1\u0159\u00ed 2025 v&nbsp;\u010dase cca 11\u201313 hodin vyprav\u00ed DPP slavnostn\u00ed pr\u016fvod tramvaj\u00ed v&nbsp;r\u00e1mci oslav 150 let MHD v&nbsp;Praze. Pr\u016fvodu se bude \u00fa\u010dastnit 40 tramvaj\u00ed, n\u011bkter\u00e9 z&nbsp;nich pouze na \u010d\u00e1sti trasy.<\/p>\r\n<p>[\/perex]<\/p>\r\n<h2>Do\u010dasn\u00e9 p\u0159eru\u0161en\u00ed provozu metra linky C v&nbsp;\u00faseku Hlavn\u00ed n\u00e1dra\u017e\u00ed \u2013 Vltavsk\u00e1<\/h2>\r\n<p class=\"p--textBigger\">Z d\u016fvodu rekonstrukce stropn\u00ed desky ve stanici Florenc doch\u00e1z\u00ed v&nbsp;sobotu 20.&nbsp;z\u00e1\u0159\u00ed 2025 (od 4.30 do 23.59 k&nbsp;do\u010dasn\u00e9mu p\u0159eru\u0161en\u00ed provozu metra linky C v&nbsp;\u00faseku Hlavn\u00ed n\u00e1dra\u017e\u00ed \u2013 Vltavsk\u00e1 (obousm\u011brn\u011b).<\/p>\r\n<h4>N\u00e1hradn\u00ed tramvajov\u00e1 doprava (v&nbsp;denn\u00edm provozu)<\/h4>\r\n<p><strong>XC<span>\u00a0<\/span><\/strong>v trase<span>\u00a0<\/span><em>Hlavn\u00ed n\u00e1dra\u017e\u00ed<\/em><span>\u00a0<\/span>(v&nbsp;Opletalov\u011b ulici) \u2013<span>\u00a0<\/span><em>Masarykovo n\u00e1dra\u017e\u00ed \u2013 B\u00edl\u00e1 labu\u0165 \u2013 Vltavsk\u00e1<span>\u00a0<\/span><\/em>(na p\u0159edmost\u00ed Hl\u00e1vkova mostu) \u2013<span>\u00a0<\/span><em>Strossmayerovo n\u00e1m\u011bst\u00ed \u2013 Letensk\u00e9 n\u00e1m\u011bst\u00ed \u2013 \u0160pejchar.<\/em><\/p>\r\n<h4>Zaveden\u00e1 tramvajov\u00e1 linka (v&nbsp;denn\u00edm provozu)<\/h4>\r\n<p><strong>36<span>\u00a0<\/span><\/strong>v trase<span>\u00a0<\/span><em>Zvona\u0159ka \u2013 I. P. Pavlova \u2013 Karlovo n\u00e1m\u011bst\u00ed \u2013 V\u00e1clavsk\u00e9 n\u00e1m\u011bst\u00ed \u2013 Masarykovo n\u00e1dra\u017e\u00ed \u2013 Florenc \u2013 K\u0159i\u017e\u00edkova \u2013 Invalidovna \u2013 Palmovka \u2013 Bulovka \u2013 Kobylisy \u2013 Vozovna Kobylisy<\/em>.<\/p>\r\n<h4>Zm\u011bny tras tramvajov\u00fdch linek<\/h4>\r\n<p>Linka \u010d\u00edslo<span>\u00a0<\/span><strong>23<\/strong><span>\u00a0<\/span>je ve sm\u011bru od Kr\u00e1lovky ze zast\u00e1vky<span>\u00a0<\/span><strong>Bruselsk\u00e1<span>\u00a0<\/span><\/strong>odklon\u011bna p\u0159es zast\u00e1vku<span>\u00a0<\/span><strong>Nuselsk\u00e9 schody<span>\u00a0<\/span><\/strong>do obrati\u0161t\u011b<span>\u00a0<\/span><strong>N\u00e1m\u011bst\u00ed Brat\u0159\u00ed Synk\u016f<span>\u00a0<\/span><\/strong>(v\u00fdstupn\u00ed zast\u00e1vka v&nbsp;ulici Na Z\u00e1meck\u00e9, n\u00e1stupn\u00ed zast\u00e1vka v&nbsp;obrati\u0161ti).<\/p>\r\n<p>V\u00edce <a href=\"https:\/\/www.dpp.cz\/omezeni-a-mimoradne-udalosti\/detail\/28749\" target=\"_blank\" rel=\"noopener\">na str\u00e1nk\u00e1ch DPP<\/a>.<\/p>\r\n<hr \/>\r\n<h2>Tramvajov\u00fd pr\u016fvod ke\u00a0150.&nbsp;v\u00fdro\u010d\u00ed MHD v\u00a0Praze<\/h2>\r\n<p>Tramvaje budou v&nbsp;ned\u011bli 21.&nbsp;z\u00e1\u0159\u00ed vystaveny zhruba od 9.45 v&nbsp;\u00faseku Urxova\u2013Invalidovna, v&nbsp;11.00 odj\u00ed\u017ed\u00ed do pr\u016fvodu. Od 13.00 do 14.00 je pl\u00e1nov\u00e1no zakon\u010den\u00ed ve\u0159ejn\u00e9 \u010d\u00e1sti pr\u016fvodu v&nbsp;tramvajov\u00e9m obrati\u0161ti \u0160pejchar.\u00a0<\/p>\r\n<p>Trasa: Sokolovsk\u00e1, Na Po\u0159\u00ed\u010d\u00ed, n\u00e1m\u011bst\u00ed Republiky, Revolu\u010dn\u00ed, \u0160tef\u00e1nik\u016fv most, n\u00e1b\u0159e\u017e\u00ed Edvarda Bene\u0161e, Kl\u00e1rov, M\u00e1nes\u016fv most, n\u00e1m. Jana Palacha, K\u0159i\u017eovnick\u00e1, Smetanovo n\u00e1b\u0159e\u017e\u00ed,<br \/>\r\nN\u00e1rodn\u00ed, Sp\u00e1len\u00e1, Lazarsk\u00e1, Vodi\u010dkova, V\u00e1clavsk\u00e9 n\u00e1m., Jind\u0159i\u0161sk\u00e1, Senov\u00e1\u017en\u00e9 n\u00e1m., Dl\u00e1\u017ed\u011bn\u00e1, Havl\u00ed\u010dkova, Na Po\u0159\u00ed\u010d\u00ed, T\u011b\u0161nov, Hl\u00e1vk\u016fv most, Anton\u00ednsk\u00e1, Strossmayerovo n\u00e1m.,<br \/>\r\nMilady Hor\u00e1kov\u00e9<\/p>\r\n<p>Z d\u016fvodu p\u0159\u00edpravy a&nbsp;kon\u00e1n\u00ed v\u00fdstavy vozidel ur\u010den\u00fdch do tramvajov\u00e9ho pr\u016fvodu (150 let MHD) dojde v&nbsp;ned\u011bli 21.&nbsp;z\u00e1\u0159\u00ed 2025 od 7.30 do 12.00 k&nbsp;obousm\u011brn\u00e9mu p\u0159eru\u0161en\u00ed provozu tramvaj\u00ed 3, 8, 12 v&nbsp;\u00faseku Florenc \u2013 Palmovka. V\u00edce <a href=\"https:\/\/www.dpp.cz\/omezeni-a-mimoradne-udalosti\/detail\/28958\" target=\"_blank\" rel=\"noopener\">zde<\/a>.<br \/>\r\n<br \/>\r\n<\/p>\r\n<p><a href=\"https:\/\/www.dpp.cz\/spolecnost\/aktuality\/detail\/66_3103-tramvajovy-pruvod-ke-150-vyroci-mhd-v-praze\" target=\"_blank\" rel=\"noopener\">Trasa a&nbsp;harmonogram pr\u016fvodu<\/a><\/p>","protected":false},"excerpt":{"rendered":"[perex] V&nbsp;sobotu 20.&nbsp;z\u00e1\u0159\u00ed 2025 dojde k&nbsp;p\u0159eru\u0161en\u00ed provozu metra linky C v&nbsp;\u00faseku Hlavn\u00ed n\u00e1dra\u017e\u00ed \u2013 Vltavsk\u00e1 (obousm\u011brn\u011b), zavedena bude n\u00e1hradn\u00ed tramvajov\u00e1 doprava XC a&nbsp;36. V&nbsp;ned\u011bli 21.&nbsp;z\u00e1\u0159\u00ed 2025 v&nbsp;\u010dase cca 11\u201313 hodin vyprav\u00ed DPP slavnostn\u00ed pr\u016fvod tramvaj\u00ed v&nbsp;r\u00e1mci oslav 150 let MHD v&nbsp;Praze. Pr\u016fvodu se bude \u00fa\u010dastnit 40 tramvaj\u00ed, n\u011bkter\u00e9 z&nbsp;nich pouze na \u010d\u00e1sti trasy. [\/perex] [&hellip;]","protected":false},"author":251,"featured_media":86784,"comment_status":"closed","ping_status":"open","sticky":false,"template":"","format":"standard","meta":[],"categories":[34],"tags":[57],"_links":{"self":[{"href":"https:\/\/www.praha7.cz\/api\/wp\/v2\/posts\/86783"}],"collection":[{"href":"https:\/\/www.praha7.cz\/api\/wp\/v2\/posts"}],"about":[{"href":"https:\/\/www.praha7.cz\/api\/wp\/v2\/types\/post"}],"author":[{"embeddable":true,"href":"https:\/\/www.praha7.cz\/api\/wp\/v2\/users\/251"}],"replies":[{"embeddable":true,"href":"https:\/\/www.praha7.cz\/api\/wp\/v2\/comments?post=86783"}],"version-history":[{"count":6,"href":"https:\/\/www.praha7.cz\/api\/wp\/v2\/posts\/86783\/revisions"}],"predecessor-version":[{"id":86795,"href":"https:\/\/www.praha7.cz\/api\/wp\/v2\/posts\/86783\/revisions\/86795"}],"wp:featuredmedia":[{"embeddable":true,"href":"https:\/\/www.praha7.cz\/api\/wp\/v2\/media\/86784"}],"wp:attachment":[{"href":"https:\/\/www.praha7.cz\/api\/wp\/v2\/media?parent=86783"}],"wp:term":[{"taxonomy":"category","embeddable":true,"href":"https:\/\/www.praha7.cz\/api\/wp\/v2\/categories?post=86783"},{"taxonomy":"post_tag","embeddable":true,"href":"https:\/\/www.praha7.cz\/api\/wp\/v2\/tags?post=86783"}],"curies":[{"name":"wp","href":"https:\/\/api.w.org\/{rel}","templated":true}]}}